{"id":3147,"date":"2012-07-09T21:10:51","date_gmt":"2012-07-10T00:10:51","guid":{"rendered":"http:\/\/pcb.org.br\/portal2\/?p=3147"},"modified":"2017-08-25T00:28:41","modified_gmt":"2017-08-25T03:28:41","slug":"derrotar-a-contra-ofensiva-imperialista-e-avancar-para-a-revolucao","status":"publish","type":"post","link":"https:\/\/pcb.org.br\/portal2\/3147","title":{"rendered":"Derrotar a contra-ofensiva imperialista e avan\u00e7ar para a revolu\u00e7\u00e3o"},"content":{"rendered":"\n<p>por Movimento Continental Bolivariano (MCB) &#8211; abpnoticias-MCB<\/p>\n<p>Os povos de Nossa Am\u00e9rica reclamam unidade e solidariedade nestes dias promissores, por\u00e9m dif\u00edceis. \u00c9 por isso que o Movimento Continental Bolivariano (MCB) sa\u00fada a realiza\u00e7\u00e3o do XVIII Encontro do F\u00f3rum de S\u00e3o Paulo, em Caracas, Venezuela, terra do Libertador Sim\u00f3n Bol\u00edvar, cen\u00e1rio do estimulante processo para a revolu\u00e7\u00e3o que deu in\u00edcio e alento \u00e0 nova onda de mudan\u00e7as neste Continente da esperan\u00e7a. A Venezuela \u00e9 fonte de solidariedade e merece solidariedade.<\/p>\n<p>\u00c0 luz da cont\u00ednua batalha de nossos povos, a contra-ofensiva imperialista na regi\u00e3o novamente se recrudesce. O golpe de Estado no Paraguai \u00e9 outro passo em dire\u00e7\u00e3o \u00e0 tentativa de reverter a onda de mudan\u00e7as a favor da autodetermina\u00e7\u00e3o e das transforma\u00e7\u00f5es sociais encenadas nas \u00faltimas tr\u00eas d\u00e9cadas em nossa Am\u00e9rica.<\/p>\n<p>Precederam esta nova agress\u00e3o \u00e0s aspira\u00e7\u00f5es democr\u00e1ticas de nossos povos: o golpe de Estado de Honduras, a vit\u00f3ria eleitoral da extrema direita chilena, colombiana, panamenha e costarriquenha; o aumento da presen\u00e7a militar norte-americana na Col\u00f4mbia, a reativa\u00e7\u00e3o da IV Frota da marinha norte-americana, a tentativa derrotada de golpe no Equador e o refor\u00e7o da ocupa\u00e7\u00e3o militar no Haiti. Novas amea\u00e7as de retrocessos se fecham contra os processos transformadores na Bol\u00edvia, Venezuela, Nicar\u00e1gua e Equador; enquanto Cuba \u00e9 objeto de intensos e soturnos planos de agress\u00e3o e desestabiliza\u00e7\u00e3o.<\/p>\n<p>N\u00e3o h\u00e1 tempo a perder.<\/p>\n<p>O isolamento diplom\u00e1tico do regime golpista paraguaio n\u00e3o \u00e9 suficiente, menos ainda quando se trata de rea\u00e7\u00f5es passageiras, como a experi\u00eancia hondurenha demonstrou. Tampouco bastam as medidas condenat\u00f3rias. A solidariedade latino-americana deve ser implantada al\u00e9m das medidas adotadas pelos Estados progressistas no contexto das rela\u00e7\u00f5es interestatais.<\/p>\n<p>A situa\u00e7\u00e3o exige potencializar a resist\u00eancia popular interna frente a todos os regimes subordinados \u00e0s burguesias dependentes e ao imperialismo.<\/p>\n<p>O vergonhoso regime colombiano segue implantando, com o apadrinhamento dos EUA e seu aliado Israel, a guerra suja contra a heroica e multifacetada resist\u00eancia popular. A condena\u00e7\u00e3o a estes funestos intentos belicistas, a reivindica\u00e7\u00e3o por uma sa\u00edda pol\u00edtica ao conflito armado e social deve ser t\u00e3o firme quanto o respaldo \u00e0s for\u00e7as insurgentes e aos componentes de sua tamb\u00e9m heroica resist\u00eancia c\u00edvica, especialmente ao emergente Movimento Marcha Patri\u00f3tica, formid\u00e1vel e inovadora conflu\u00eancia pol\u00edtico-social, portadora de uma proposta de mudan\u00e7a estrutural, de paz com dignidade e nova institucionalidade democr\u00e1tica e participativa.<\/p>\n<p>As novas escolas militares criadas pelo chamado Eixo Pac\u00edfico, as 44 bases militares ianques em toda Nossa Am\u00e9rica, as \u00e1reas de TLC, que estendem por todo o Pac\u00edfico desde o Chile at\u00e9 o M\u00e9xico, o crescente saque de nossos recursos naturais com devastadoras consequ\u00eancias ambientais, s\u00e3o mostras incontest\u00e1veis da imposi\u00e7\u00e3o a sangue e fogo de um sistema de injusti\u00e7a. O aqu\u00edfero Guaran\u00ed, que se insere nos prop\u00f3sitos do golpe no Paraguai, e a Amaz\u00f4nia, se constituem nos alvos prediletos da nova guerra de conquista imperialista.<\/p>\n<p>Os restos de colonialismo no Caribe e nas Malvinas nos convocam a derrot\u00e1-los sem contempla\u00e7\u00f5es, da mesma forma que a recoloniza\u00e7\u00e3o e a militariza\u00e7\u00e3o das Antilhas, que inclui a ocupa\u00e7\u00e3o militar do Haiti, o refor\u00e7o das bases norte-americanas, em Aruba, Cura\u00e7ao e Porto Rico, a sua expans\u00e3o para territ\u00f3rios da Rep\u00fablica Dominicana e o aumento extraordin\u00e1rio da guarda costeira dos EUA no Mar do Caribe. Porto Rico e demais col\u00f4nias precisam e merecem sua independ\u00eancia!<\/p>\n<p>Al\u00e9m do nosso continente, o povo palestino e o povo basco lutam por sua liberta\u00e7\u00e3o nacional e sofrem as consequ\u00eancias da coloniza\u00e7\u00e3o e domina\u00e7\u00e3o tanto na Palestina invadida pelo movimento sionista internacional, como Euskal Herria invadida e ocupada pela Espanha e Fran\u00e7a, hoje, com uma proposta de paz real e poss\u00edvel que emergiu da sociedade basca.<\/p>\n<p>Faz-se necess\u00e1ria a liberta\u00e7\u00e3o dos milhares de presos pol\u00edticos dos c\u00e1rceres do Estado sionista de Israel, especialmente o camarada Ahmad Saadat, Secret\u00e1rio Geral da Frente Popular pela Liberta\u00e7\u00e3o da Palestina, assim como as centenas de presos pol\u00edticos abertzales dos c\u00e1rceres da Espanha e Fran\u00e7a.<\/p>\n<p>Em Nossa Am\u00e9rica, o momento demanda superar as vacila\u00e7\u00f5es, os desdobramentos e as viragens conservadoras de uma parte dos governos e for\u00e7as pol\u00edticas progressistas pressionadas pela burguesia transnacional.<\/p>\n<p>Al\u00e9m disso, \u00e9 necess\u00e1rio o aprofundamento das mudan\u00e7as sociais, pol\u00edticas e culturais naqueles processos que, como o venezuelano, o boliviano e o equatoriano, assumem posturas anti-imperialistas e expressam a vontade de atingir transforma\u00e7\u00f5es estruturais de orienta\u00e7\u00e3o socialista.<\/p>\n<p>A Venezuela bolivariana possui diante de si as elei\u00e7\u00f5es presidenciais de outubro, definida pelo comandante Ch\u00e1vez como a batalha de Ayacucho do s\u00e9culo XXI, decisiva para consolidar a independ\u00eancia venezuelana e o processo de mudan\u00e7as pol\u00edticas e sociais em Nossa Am\u00e9rica. Toda a solidariedade continental e mundial deve voltar-se a favor da vit\u00f3ria popular nessas elei\u00e7\u00f5es.<\/p>\n<p>Assim, dado que o combate n\u00e3o \u00e9 somente eleitoral e que o imperialismo norte-americano, a grande burguesia venezuelana e seus s\u00f3cios pol\u00edticos est\u00e3o implantando um grande plano extraeleitoral destinado a sabotar o processo e\/ ou desconhecer os resultados, a solidariedade deve expressar-se em todos os cen\u00e1rios de luta at\u00e9 garantir a derrota definitiva desses esfor\u00e7os sediciosos, o aprofundamento e a extens\u00e3o do tr\u00e2nsito para o socialismo.<\/p>\n<p>Em todos os pontos do continente devem expressar-se vigorosamente a determina\u00e7\u00e3o de n\u00e3o continuar permitindo que nos arrebatem ou nos conquistem.<\/p>\n<p>O N\u00c3O ao retrocesso deve ser t\u00e3o retumbante quanto a vontade de avan\u00e7ar, de derrotar o poder a servi\u00e7o da burguesia transnacional, de reverter os retrocessos impostos mediante golpes de todo o tipo, de defender os processos transformadores amea\u00e7ados pela contraofensiva imperialista. \u00c9 imperativo sair do engessamento, aprofundar e compreender a promissora onda pela nova independ\u00eancia.<\/p>\n<p>S\u00f3 assim nos faremos fortes para derrotar esta contraofensiva. E, como dizia o Libertador, \u201clogo que sejamos fortes&#8230; ent\u00e3o seguiremos a marcha para as grandes prosperidades a que est\u00e1 destinada a Am\u00e9rica Meridional\u201d, o que \u00e9 impens\u00e1vel sem a cria\u00e7\u00e3o heroica do socialismo, projeto salvador da humanidade amea\u00e7ada de morte por um capitalismo que \u00e9 causa e efeito desta crise destrutiva.<\/p>\n<p>Caracas, 5 de julho de 2012<\/p>\n<p>Pelo Movimento Continental Bolivariano (MCB), assinam:<\/p>\n<p>PRESID\u00caNCIA COLETIVA<\/p>\n<p>SECRETARIA EXECUTIVA \u2013 SE\u00c7\u00c3O DA VENEZUELA<\/p>\n<p>PARTIDO COMUNISTA DO M\u00c9XICO (PCM)<\/p>\n<p>PARTIDO COMUNISTA PARAGUAIO (PCP)<\/p>\n<p>PARTIDO NACIONALISTA DO PORTO RICO (PNPR)<\/p>\n<p>FOGONEROS URUGUAI<\/p>\n<p>VOZES ANTI-IMPERIALISTAS VENEZUELA<\/p>\n<p>PARTIDO COMUNISTA BRASILEIRO (PCB)<\/p>\n<p>MOVIMENTO CAAMA\u00d1ISTA DA REP\u00daBLICA DOMINICANA<\/p>\n<p>PARTIDO COMUNISTA DA VENEZUELA (PCV)<\/p>\n<p>PARTIDO COMUNISTA DO EQUADOR (PCE)<\/p>\n<p>PARTIDO DO POVO DO PANAM\u00c1 (PPP)<\/p>\n<p>FRENTE POPULAR PELA LIBERTA\u00c7\u00c3O DA PALESTINA (FPLP)<\/p>\n<p>COORDENA\u00c7\u00c3O SIM\u00d3N BOL\u00cdVAR \u2013 VENEZUELA<\/p>\n<p>PRIMEIRA LINHA \u2013 GALIZA<\/p>\n<p>Tradu\u00e7\u00e3o: Partido Comunista Brasileiro (PCB)<\/p>\n","protected":false},"excerpt":{"rendered":"\n\n\nCr\u00e9dito: MCB\n\n\n\n\n\n\n\n\nDeclara\u00e7\u00e3o Pol\u00edtica do Movimento Continental Bolivariano (MCB):\n<a class=\"moretag\" href=\"https:\/\/pcb.org.br\/portal2\/3147\"> <\/a>","protected":false},"author":1,"featured_media":0,"comment_status":"closed","ping_status":"closed","sticky":false,"template":"","format":"standard","meta":{"jetpack_post_was_ever_published":false,"_jetpack_newsletter_access":"","_jetpack_dont_email_post_to_subs":false,"_jetpack_newsletter_tier_id":0,"_jetpack_memberships_contains_paywalled_content":false,"_jetpack_memberships_contains_paid_content":false,"footnotes":"","jetpack_publicize_message":"","jetpack_publicize_feature_enabled":true,"jetpack_social_post_already_shared":false,"jetpack_social_options":{"image_generator_settings":{"template":"highway","default_image_id":0,"font":"","enabled":false},"version":2}},"categories":[8],"tags":[],"class_list":["post-3147","post","type-post","status-publish","format-standard","hentry","category-america-latina"],"jetpack_publicize_connections":[],"jetpack_featured_media_url":"","jetpack_shortlink":"https:\/\/wp.me\/p659gw-OL","jetpack-related-posts":[],"jetpack_likes_enabled":true,"jetpack_sharing_enabled":true,"_links":{"self":[{"href":"https:\/\/pcb.org.br\/portal2\/wp-json\/wp\/v2\/posts\/3147","targetHints":{"allow":["GET"]}}],"collection":[{"href":"https:\/\/pcb.org.br\/portal2\/wp-json\/wp\/v2\/posts"}],"about":[{"href":"https:\/\/pcb.org.br\/portal2\/wp-json\/wp\/v2\/types\/post"}],"author":[{"embeddable":true,"href":"https:\/\/pcb.org.br\/portal2\/wp-json\/wp\/v2\/users\/1"}],"replies":[{"embeddable":true,"href":"https:\/\/pcb.org.br\/portal2\/wp-json\/wp\/v2\/comments?post=3147"}],"version-history":[{"count":0,"href":"https:\/\/pcb.org.br\/portal2\/wp-json\/wp\/v2\/posts\/3147\/revisions"}],"wp:attachment":[{"href":"https:\/\/pcb.org.br\/portal2\/wp-json\/wp\/v2\/media?parent=3147"}],"wp:term":[{"taxonomy":"category","embeddable":true,"href":"https:\/\/pcb.org.br\/portal2\/wp-json\/wp\/v2\/categories?post=3147"},{"taxonomy":"post_tag","embeddable":true,"href":"https:\/\/pcb.org.br\/portal2\/wp-json\/wp\/v2\/tags?post=3147"}],"curies":[{"name":"wp","href":"https:\/\/api.w.org\/{rel}","templated":true}]}}