{"id":31493,"date":"2024-03-23T15:58:42","date_gmt":"2024-03-23T18:58:42","guid":{"rendered":"https:\/\/pcb.org.br\/portal2\/?p=31493"},"modified":"2024-03-23T16:12:45","modified_gmt":"2024-03-23T19:12:45","slug":"repudio-a-violencia-policial-e-ao-racismo","status":"publish","type":"post","link":"https:\/\/pcb.org.br\/portal2\/31493","title":{"rendered":"Rep\u00fadio \u00e0 viol\u00eancia policial e ao racismo!"},"content":{"rendered":"<p><img decoding=\"async\" class=\"imagem\" src=\"https:\/\/lh3.googleusercontent.com\/pw\/AP1GczPXigA0ttTIB5cAIKd-sOO1ZDLLjaQqm9GBtJmY88rPV8kg8AOHRCo3BXQfqNCLALnzwyyFPqGFNhrPhmyy585pEdAKWbilSz26HO8mdaW5MlHR3MJDtOQAvGwpLcVqdBdjEDq4xPO_QOVbZ2vrAQY9=w589-h589-s-no\" \/><!--more-->Comit\u00ea Regional do PCB &#8211; Cear\u00e1<\/p>\n<p>Na madrugada do dia 12 de mar\u00e7o, a Pol\u00edcia Militar do Cear\u00e1 assassinou o jovem Taian Costa, de 27 anos, enquanto este trabalhava como vendedor ambulante na Praia de Iracema. Ceifado pelo poder institucional do Estado, Taian foi abordado sob a alega\u00e7\u00e3o de um mandado de pris\u00e3o, do qual ele n\u00e3o tinha conhecimento e reivindicou um advogado.<\/p>\n<p>J\u00e1 algemado, em um momento de desespero, Taian correu em dire\u00e7\u00e3o ao mar, obviamente sem condi\u00e7\u00f5es concretas de escapar, considerando as algemas em suas m\u00e3os. O policial, sem ressalvas, disparou quatro tiros, um deles tirando a vida do rapaz. Tudo aconteceu na frente das pessoas que estavam ao redor, que viram o corpo de Taian ser retirado do mar como se fosse um animal qualquer.<\/p>\n<p>Tal caso mostra como a pol\u00edcia militar representa o principal instrumento de repress\u00e3o contra a juventude negra, perif\u00e9rica e trabalhadora. Instrumento, pois n\u00e3o \u00e9 a causa, \u00e9 o aparato pelo qual a estrutura, a institucionalidade capitalista se utiliza para exterminar, simb\u00f3lica e concretamente, a vida e a humanidade de grupos sociais intencionalmente marginalizados. Ser comunista \u00e9 jamais banalizar ou naturalizar as diversas formas de opress\u00e3o e desumaniza\u00e7\u00e3o.<\/p>\n<p>Diante disso, o PCB e seus coletivos pedem justi\u00e7a para Taian e prestam solidariedade \u00e0 fam\u00edlia, amigos e entes queridos, reafirmando sempre que s\u00f3 a luta muda a vida.<\/p>\n","protected":false},"excerpt":{"rendered":"<a class=\"moretag\" href=\"https:\/\/pcb.org.br\/portal2\/31493\"> <\/a>","protected":false},"author":1,"featured_media":0,"comment_status":"closed","ping_status":"closed","sticky":false,"template":"","format":"standard","meta":{"jetpack_post_was_ever_published":false,"_jetpack_newsletter_access":"","_jetpack_dont_email_post_to_subs":false,"_jetpack_newsletter_tier_id":0,"_jetpack_memberships_contains_paywalled_content":false,"_jetpack_memberships_contains_paid_content":false,"footnotes":"","jetpack_publicize_message":"","jetpack_publicize_feature_enabled":true,"jetpack_social_post_already_shared":true,"jetpack_social_options":{"image_generator_settings":{"template":"highway","default_image_id":0,"font":"","enabled":false},"version":2}},"categories":[27],"tags":[223],"class_list":["post-31493","post","type-post","status-publish","format-standard","hentry","category-c27-ujc","tag-3a"],"jetpack_publicize_connections":[],"jetpack_featured_media_url":"","jetpack_shortlink":"https:\/\/wp.me\/p659gw-8bX","jetpack-related-posts":[],"jetpack_likes_enabled":true,"jetpack_sharing_enabled":true,"_links":{"self":[{"href":"https:\/\/pcb.org.br\/portal2\/wp-json\/wp\/v2\/posts\/31493","targetHints":{"allow":["GET"]}}],"collection":[{"href":"https:\/\/pcb.org.br\/portal2\/wp-json\/wp\/v2\/posts"}],"about":[{"href":"https:\/\/pcb.org.br\/portal2\/wp-json\/wp\/v2\/types\/post"}],"author":[{"embeddable":true,"href":"https:\/\/pcb.org.br\/portal2\/wp-json\/wp\/v2\/users\/1"}],"replies":[{"embeddable":true,"href":"https:\/\/pcb.org.br\/portal2\/wp-json\/wp\/v2\/comments?post=31493"}],"version-history":[{"count":3,"href":"https:\/\/pcb.org.br\/portal2\/wp-json\/wp\/v2\/posts\/31493\/revisions"}],"predecessor-version":[{"id":31500,"href":"https:\/\/pcb.org.br\/portal2\/wp-json\/wp\/v2\/posts\/31493\/revisions\/31500"}],"wp:attachment":[{"href":"https:\/\/pcb.org.br\/portal2\/wp-json\/wp\/v2\/media?parent=31493"}],"wp:term":[{"taxonomy":"category","embeddable":true,"href":"https:\/\/pcb.org.br\/portal2\/wp-json\/wp\/v2\/categories?post=31493"},{"taxonomy":"post_tag","embeddable":true,"href":"https:\/\/pcb.org.br\/portal2\/wp-json\/wp\/v2\/tags?post=31493"}],"curies":[{"name":"wp","href":"https:\/\/api.w.org\/{rel}","templated":true}]}}