{"id":31501,"date":"2024-03-25T22:10:06","date_gmt":"2024-03-26T01:10:06","guid":{"rendered":"https:\/\/pcb.org.br\/portal2\/?p=31501"},"modified":"2024-03-25T22:10:55","modified_gmt":"2024-03-26T01:10:55","slug":"icp-e-fdr-promovem-seminario-sobre-os-60-anos-do-golpe-de-1964","status":"publish","type":"post","link":"https:\/\/pcb.org.br\/portal2\/31501","title":{"rendered":"ICP e FDR promovem Semin\u00e1rio sobre os 60 anos do Golpe de 1964"},"content":{"rendered":"<p><img decoding=\"async\" class=\"imagem\" src=\"https:\/\/lh3.googleusercontent.com\/pw\/AP1GczO64Dx-epGJzwEuR68e2UIdCIa0L965wROqUHJ8Mm-B8KhgInGqAByv0ZSdbgkyS8kuhTM1Bx97zOFLb2WXbyuZ7bHJkWLSXq0jV9JCpv4OZGlXMT4NXRFXPTsAhgN2r_aDC2835wyoUxxL4Dn7J-2Y=w602-h656-s-no\" \/><!--more-->O Instituto Caio Prado Jr ( ICP) e a Funda\u00e7\u00e3o Dinarco Reis ( FDR) realizar\u00e3o, entre 1\u00b0 e 4 de abril, um Semin\u00e1rio sobre os 60 anos do Golpe de 1964 e seus impactos e desdobramentos na vida pol\u00edtica do pa\u00eds at\u00e9 nossos dias.<\/p>\n<p>Ser\u00e1 um importante evento que visa tratar sobre os diversos aspectos desse per\u00edodo sombrio da hist\u00f3ria brasileira e seus resultados na vida pol\u00edtica e social do pa\u00eds, sobretudo seus efeitos nefastos e consequ\u00eancias para a classe trabalhadora e suas organiza\u00e7\u00f5es pol\u00edticas.<\/p>\n<p>Esperamos resgatar, com esse Semin\u00e1rio, a import\u00e2ncia e a atualidade desse debate, a partir do contexto conjuntural da \u00e9poca, atualizando nossa reflex\u00e3o \u00e0 luz desse rico processo hist\u00f3rico, suas causas e consequ\u00eancias at\u00e9 os dias atuais.<\/p>\n<p>Mesa I ( 01\/04) DITADURA: 60 ANOS DEPOIS<br \/>\nJos\u00e9 Paulo Netto (UFRJ), Mauro Iasi (UFRJ) e Sofia Manzano (UESB) &#8211; Coord.: Leonardo Andrada (UFJF)<\/p>\n<p>Mesa II (02\/04) A POL\u00cdTICA ECON\u00d4MICA, AS LUTAS POPULARES E OPER\u00c1RIAS<br \/>\nEdmilson Costa (ICP), Luiz Bernardo Peric\u00e1s (USP) e Joana Coutinho (UFMA) &#8211; Coord.: Helga Martins (UFJ)<\/p>\n<p>Mesa III ( 03\/04) O PCB, A ESQUERDA ARMADA E A DITADURA<br \/>\nMarcos Del Roio (UNESP), Milton Pinheiro (UNEB) e Muniz Ferreira (UFRRJ) &#8211; Coord.: Tarsila Atolini (UFVJM)<\/p>\n<p>Mesa IV ( 04\/04) A TRANSI\u00c7\u00c3O PARA A DEMOCRACIA FORMAL<br \/>\nRicardo Costa (FDR), David Maciel (UFG) e Marly Vianna (UFSCar) &#8211; Coord.: Jacqueline Botelho (UFF)<\/p>\n<p>Todas as mesas se iniciam \u00e0s 19h30<\/p>\n<p>Valor da inscri\u00e7\u00e3o: R$10,00<\/p>\n<p>Link de inscri\u00e7\u00e3o:<\/p>\n<p><a href=\"https:\/\/www.even3.com.br\/ii_sem_icp_fdr\/\" target=\"_blank\" rel=\"noopener\">https:\/\/www.even3.com.br\/ii_sem_icp_fdr\/<\/a><\/p>\n","protected":false},"excerpt":{"rendered":"<a class=\"moretag\" href=\"https:\/\/pcb.org.br\/portal2\/31501\"> <\/a>","protected":false},"author":1,"featured_media":0,"comment_status":"closed","ping_status":"closed","sticky":false,"template":"","format":"standard","meta":{"jetpack_post_was_ever_published":false,"_jetpack_newsletter_access":"","_jetpack_dont_email_post_to_subs":false,"_jetpack_newsletter_tier_id":0,"_jetpack_memberships_contains_paywalled_content":false,"_jetpack_memberships_contains_paid_content":false,"footnotes":"","jetpack_publicize_message":"","jetpack_publicize_feature_enabled":true,"jetpack_social_post_already_shared":true,"jetpack_social_options":{"image_generator_settings":{"template":"highway","default_image_id":0,"font":"","enabled":false},"version":2}},"categories":[231],"tags":[233],"class_list":["post-31501","post","type-post","status-publish","format-standard","hentry","category-fdr","tag-6a"],"jetpack_publicize_connections":[],"jetpack_featured_media_url":"","jetpack_shortlink":"https:\/\/wp.me\/p659gw-8c5","jetpack-related-posts":[],"jetpack_likes_enabled":true,"jetpack_sharing_enabled":true,"_links":{"self":[{"href":"https:\/\/pcb.org.br\/portal2\/wp-json\/wp\/v2\/posts\/31501","targetHints":{"allow":["GET"]}}],"collection":[{"href":"https:\/\/pcb.org.br\/portal2\/wp-json\/wp\/v2\/posts"}],"about":[{"href":"https:\/\/pcb.org.br\/portal2\/wp-json\/wp\/v2\/types\/post"}],"author":[{"embeddable":true,"href":"https:\/\/pcb.org.br\/portal2\/wp-json\/wp\/v2\/users\/1"}],"replies":[{"embeddable":true,"href":"https:\/\/pcb.org.br\/portal2\/wp-json\/wp\/v2\/comments?post=31501"}],"version-history":[{"count":2,"href":"https:\/\/pcb.org.br\/portal2\/wp-json\/wp\/v2\/posts\/31501\/revisions"}],"predecessor-version":[{"id":31503,"href":"https:\/\/pcb.org.br\/portal2\/wp-json\/wp\/v2\/posts\/31501\/revisions\/31503"}],"wp:attachment":[{"href":"https:\/\/pcb.org.br\/portal2\/wp-json\/wp\/v2\/media?parent=31501"}],"wp:term":[{"taxonomy":"category","embeddable":true,"href":"https:\/\/pcb.org.br\/portal2\/wp-json\/wp\/v2\/categories?post=31501"},{"taxonomy":"post_tag","embeddable":true,"href":"https:\/\/pcb.org.br\/portal2\/wp-json\/wp\/v2\/tags?post=31501"}],"curies":[{"name":"wp","href":"https:\/\/api.w.org\/{rel}","templated":true}]}}