{"id":31504,"date":"2024-03-27T10:40:24","date_gmt":"2024-03-27T13:40:24","guid":{"rendered":"https:\/\/pcb.org.br\/portal2\/?p=31504"},"modified":"2024-03-27T10:40:24","modified_gmt":"2024-03-27T13:40:24","slug":"o-pcv-nao-apoia-a-candidatura-de-maduro","status":"publish","type":"post","link":"https:\/\/pcb.org.br\/portal2\/31504","title":{"rendered":"O PCV n\u00e3o apoia a candidatura de Maduro"},"content":{"rendered":"<p><img data-recalc-dims=\"1\" decoding=\"async\" class=\"imagem\" src=\"https:\/\/prensapcv.files.wordpress.com\/2024\/03\/dsc_0055-copia.jpg?w=747&#038;h=312&#038;crop=1&#038;resize=880%2C312\" \/><!--more-->O PCV n\u00e3o apoia a candidatura de Maduro<\/p>\n<p>Tribuna Popular &#8211; Partido Comunista da Venezuela<\/p>\n<p>A legenda do Partido Comunista da Venezuela foi sequestrada<\/p>\n<p>A leg\u00edtima milit\u00e2ncia comunista n\u00e3o apoia a candidatura presidencial de Nicol\u00e1s Maduro<\/p>\n<p>Comunicado &#8211; No \u00faltimo dia 20 de mar\u00e7o, o pa\u00eds presenciou uma nova farsa: Nicol\u00e1s Maduro Moros se proclamou candidato do Partido Comunista da Venezuela (PCV) \u00e0s elei\u00e7\u00f5es presidenciais previstas para o pr\u00f3ximo 28 de julho. Ele aproveitou-se dos seus operadores pol\u00edticos que, utilizando os s\u00edmbolos do Galo Vermelho, tentaram dar legitimidade a um med\u00edocre ato de servilismo pol\u00edtico.<\/p>\n<p>O pa\u00eds deve lembrar que, em agosto de 2023, a legenda do PCV foi sequestrada por ordem do pr\u00f3prio Presidente Nicol\u00e1s Maduro Moros e entregue a este grupo de mercen\u00e1rios atrav\u00e9s de uma decis\u00e3o judicial ileg\u00edtima da C\u00e2mara Constitucional do Supremo Tribunal de Justi\u00e7a (TSJ).<\/p>\n<p>Esta n\u00e3o \u00e9 a primeira vez na hist\u00f3ria que os comunistas n\u00e3o podem candidatar-se \u00e0s elei\u00e7\u00f5es com legenda pr\u00f3pria. Tal como os ditadores e falsos democratas do passado tornaram o PCV ilegal, hoje a nossa personalidade jur\u00eddica est\u00e1 nas m\u00e3os destes oportunistas e corruptos que nada t\u00eam a ver com a nossa digna milit\u00e2ncia comunista.<\/p>\n<p>As raz\u00f5es deste ataque judicial tamb\u00e9m s\u00e3o do conhecimento p\u00fablico: o XVI Congresso Nacional do PCV, \u00f3rg\u00e3o m\u00e1ximo de dire\u00e7\u00e3o da milit\u00e2ncia comunista venezuelana, reunido em novembro de 2022, ratificou a decis\u00e3o de romper com a pol\u00edtica antioper\u00e1ria, antipopular e antinacional do Governo de Nicol\u00e1s Maduro Moros, que fez o povo venezuelano pagar pelas consequ\u00eancias da crise capitalista, bem como das medidas coercitivas do imperialismo, ao mesmo tempo em que protege os interesses do capital nacional e transnacional.<\/p>\n<p>Consistente com a nossa linha hist\u00f3rica de defesa dos direitos dos trabalhadores da cidade e no campo, os comunistas venezuelanos t\u00eam acompanhando firmemente as lutas leg\u00edtimas da classe trabalhadora e dos setores populares que exigem a restitui\u00e7\u00e3o dos direitos violados.<\/p>\n<p>A resposta da c\u00fapula governante \u00e0s reivindica\u00e7\u00f5es da classe trabalhadora tem sido o ass\u00e9dio, a criminaliza\u00e7\u00e3o, a judicializa\u00e7\u00e3o e a viola\u00e7\u00e3o dos seus direitos pol\u00edticos, ao impedi-la de ter uma op\u00e7\u00e3o eleitoral aut\u00f4noma e independente aos dois p\u00f3los hegem\u00f4nicos (a lideran\u00e7a neoliberal do Governo-PSUV e a lideran\u00e7a da oposi\u00e7\u00e3o de direita), que s\u00e3o correspons\u00e1veis pela cat\u00e1strofe nacional e que hoje disputam o poder pol\u00edtico num cen\u00e1rio eleitoral controlado.<\/p>\n<p>A verdadeira milit\u00e2ncia comunista, aquela que mant\u00e9m elevada a dignidade do Partido de Gustavo Machado, Olga Luzardo, Jes\u00fas Far\u00eda, Alberto Lovera, Argimiro Gabald\u00f3n, Livia Gouverneur, Cruz Villegas, Pedro Ortega D\u00edaz, Alonso Ojeda Olaechea Trino Mele\u00e1n, Eduardo Gallegos Mancera, Jer\u00f3nimo Carrera e centenas de her\u00f3is, hero\u00ednas do povo venezuelano, n\u00e3o podem acompanhar nem apoiar a tend\u00eancia antidemocr\u00e1tica e reacion\u00e1ria da dire\u00e7\u00e3o do Governo-PSUV.<\/p>\n<p>No domingo passado, 17 de mar\u00e7o, a XVI Confer\u00eancia Nacional do PCV, \u00fanica inst\u00e2ncia estatut\u00e1ria com legitimidade para escolher um candidato \u00e0 Presid\u00eancia da Rep\u00fablica pelo PCV, decidiu apoiar a candidatura do jornalista e sindicalista Manuel Isidro Molina. Os comunistas venezuelanos tamb\u00e9m se propuseram a trabalhar com vistas ao reagrupamento das for\u00e7as autenticamente democr\u00e1ticas, patri\u00f3ticas, anti-imperialistas e revolucion\u00e1rias para enfrentar os obst\u00e1culos que a elite dominante imp\u00f4s buscando se aferrar ao poder.<\/p>\n<p>Que o povo venezuelano saiba que a verdadeira milit\u00e2ncia do PCV n\u00e3o recuar\u00e1 face a esta escalada anticomunista. Permaneceremos nas lutas da classe presentes e futuras, permaneceremos de p\u00e9: somando for\u00e7as e organizando lutas.<\/p>\n<p>Bir\u00f4 Pol\u00edtico do Comit\u00ea Central do Partido Comunista da Venezuela (XVI Congresso Nacional)<\/p>\n<blockquote class=\"wp-embedded-content\" data-secret=\"QlQ5M6d5zb\"><p><a href=\"https:\/\/prensapcv.wordpress.com\/2024\/03\/22\/la-legitima-militancia-comunista-no-apoya-la-candidatura-presidencial-de-nicolas-maduro\/\">La leg\u00edtima militancia comunista no apoya la candidatura presidencial de Nicol\u00e1s&nbsp;Maduro<\/a><\/p><\/blockquote>\n<p><iframe loading=\"lazy\" class=\"wp-embedded-content\" sandbox=\"allow-scripts\" security=\"restricted\" style=\"position: absolute; clip: rect(1px, 1px, 1px, 1px);\" title=\"\u00abLa leg\u00edtima militancia comunista no apoya la candidatura presidencial de Nicol\u00e1s&nbsp;Maduro\u00bb \u2014 Tribuna Popular \" src=\"https:\/\/prensapcv.wordpress.com\/2024\/03\/22\/la-legitima-militancia-comunista-no-apoya-la-candidatura-presidencial-de-nicolas-maduro\/embed\/#?secret=cxEdf4D2Qm#?secret=QlQ5M6d5zb\" data-secret=\"QlQ5M6d5zb\" width=\"600\" height=\"338\" frameborder=\"0\" marginwidth=\"0\" marginheight=\"0\" scrolling=\"no\"><\/iframe><\/p>\n<p>Tradu\u00e7\u00e3o: Partido Comunista Brasileiro (PCB)<\/p>\n","protected":false},"excerpt":{"rendered":"<a class=\"moretag\" href=\"https:\/\/pcb.org.br\/portal2\/31504\"> <\/a>","protected":false},"author":1,"featured_media":0,"comment_status":"closed","ping_status":"closed","sticky":false,"template":"","format":"standard","meta":{"jetpack_post_was_ever_published":false,"_jetpack_newsletter_access":"","_jetpack_dont_email_post_to_subs":false,"_jetpack_newsletter_tier_id":0,"_jetpack_memberships_contains_paywalled_content":false,"_jetpack_memberships_contains_paid_content":false,"footnotes":"","jetpack_publicize_message":"","jetpack_publicize_feature_enabled":true,"jetpack_social_post_already_shared":true,"jetpack_social_options":{"image_generator_settings":{"template":"highway","default_image_id":0,"font":"","enabled":false},"version":2}},"categories":[45],"tags":[225],"class_list":["post-31504","post","type-post","status-publish","format-standard","hentry","category-c54-venezuela","tag-4a"],"jetpack_publicize_connections":[],"jetpack_featured_media_url":"","jetpack_shortlink":"https:\/\/wp.me\/p659gw-8c8","jetpack-related-posts":[],"jetpack_likes_enabled":true,"jetpack_sharing_enabled":true,"_links":{"self":[{"href":"https:\/\/pcb.org.br\/portal2\/wp-json\/wp\/v2\/posts\/31504","targetHints":{"allow":["GET"]}}],"collection":[{"href":"https:\/\/pcb.org.br\/portal2\/wp-json\/wp\/v2\/posts"}],"about":[{"href":"https:\/\/pcb.org.br\/portal2\/wp-json\/wp\/v2\/types\/post"}],"author":[{"embeddable":true,"href":"https:\/\/pcb.org.br\/portal2\/wp-json\/wp\/v2\/users\/1"}],"replies":[{"embeddable":true,"href":"https:\/\/pcb.org.br\/portal2\/wp-json\/wp\/v2\/comments?post=31504"}],"version-history":[{"count":1,"href":"https:\/\/pcb.org.br\/portal2\/wp-json\/wp\/v2\/posts\/31504\/revisions"}],"predecessor-version":[{"id":31505,"href":"https:\/\/pcb.org.br\/portal2\/wp-json\/wp\/v2\/posts\/31504\/revisions\/31505"}],"wp:attachment":[{"href":"https:\/\/pcb.org.br\/portal2\/wp-json\/wp\/v2\/media?parent=31504"}],"wp:term":[{"taxonomy":"category","embeddable":true,"href":"https:\/\/pcb.org.br\/portal2\/wp-json\/wp\/v2\/categories?post=31504"},{"taxonomy":"post_tag","embeddable":true,"href":"https:\/\/pcb.org.br\/portal2\/wp-json\/wp\/v2\/tags?post=31504"}],"curies":[{"name":"wp","href":"https:\/\/api.w.org\/{rel}","templated":true}]}}