{"id":31626,"date":"2024-04-29T20:47:50","date_gmt":"2024-04-29T23:47:50","guid":{"rendered":"https:\/\/pcb.org.br\/portal2\/?p=31626"},"modified":"2024-04-30T12:01:06","modified_gmt":"2024-04-30T15:01:06","slug":"por-um-primeiro-de-maio-vermelho-2","status":"publish","type":"post","link":"https:\/\/pcb.org.br\/portal2\/31626","title":{"rendered":"Por um Primeiro de Maio Vermelho!"},"content":{"rendered":"<p><img data-recalc-dims=\"1\" loading=\"lazy\" decoding=\"async\" data-attachment-id=\"31638\" data-permalink=\"https:\/\/pcb.org.br\/portal2\/31626\/photo_5010308968781819000_y\" data-orig-file=\"https:\/\/i0.wp.com\/pcb.org.br\/portal2\/wp-content\/uploads\/2024\/04\/photo_5010308968781819000_y.jpg?fit=1080%2C1080&amp;ssl=1\" data-orig-size=\"1080,1080\" data-comments-opened=\"0\" data-image-meta=\"{&quot;aperture&quot;:&quot;0&quot;,&quot;credit&quot;:&quot;&quot;,&quot;camera&quot;:&quot;&quot;,&quot;caption&quot;:&quot;&quot;,&quot;created_timestamp&quot;:&quot;0&quot;,&quot;copyright&quot;:&quot;&quot;,&quot;focal_length&quot;:&quot;0&quot;,&quot;iso&quot;:&quot;0&quot;,&quot;shutter_speed&quot;:&quot;0&quot;,&quot;title&quot;:&quot;&quot;,&quot;orientation&quot;:&quot;0&quot;}\" data-image-title=\"photo_5010308968781819000_y\" data-image-description=\"\" data-image-caption=\"\" data-large-file=\"https:\/\/i0.wp.com\/pcb.org.br\/portal2\/wp-content\/uploads\/2024\/04\/photo_5010308968781819000_y.jpg?fit=747%2C747&amp;ssl=1\" class=\"alignnone size-large wp-image-31638\" src=\"https:\/\/i0.wp.com\/pcb.org.br\/portal2\/wp-content\/uploads\/2024\/04\/photo_5010308968781819000_y.jpg?resize=747%2C747&#038;ssl=1\" alt=\"\" width=\"747\" height=\"747\" srcset=\"https:\/\/i0.wp.com\/pcb.org.br\/portal2\/wp-content\/uploads\/2024\/04\/photo_5010308968781819000_y.jpg?resize=900%2C900&amp;ssl=1 900w, https:\/\/i0.wp.com\/pcb.org.br\/portal2\/wp-content\/uploads\/2024\/04\/photo_5010308968781819000_y.jpg?resize=300%2C300&amp;ssl=1 300w, https:\/\/i0.wp.com\/pcb.org.br\/portal2\/wp-content\/uploads\/2024\/04\/photo_5010308968781819000_y.jpg?resize=150%2C150&amp;ssl=1 150w, https:\/\/i0.wp.com\/pcb.org.br\/portal2\/wp-content\/uploads\/2024\/04\/photo_5010308968781819000_y.jpg?resize=768%2C768&amp;ssl=1 768w, https:\/\/i0.wp.com\/pcb.org.br\/portal2\/wp-content\/uploads\/2024\/04\/photo_5010308968781819000_y.jpg?w=1080&amp;ssl=1 1080w\" sizes=\"auto, (max-width: 747px) 100vw, 747px\" \/><br \/>\n<!--more--><\/p>\n<p>RUMO AO PODER POPULAR E AO FUTURO SOCIALISTA!<\/p>\n<p>Finalizamos o primeiro quadrimestre de 2024 com uma conjuntura parecida com o in\u00edcio do ano, pois a extrema-direita continua nas ruas em todo o mundo, com fascistas, nazifascistas e sionistas disputando territ\u00f3rios e espa\u00e7os institucionais. O recente resultado eleitoral em Portugal, o fortalecimento do trumpismo nas pr\u00e9vias dos Estados Unidos e a perman\u00eancia do bolsonarismo nas ruas do Brasil s\u00e3o alguns exemplos disso.<\/p>\n<p>No Brasil, o respiro sentido com a derrota de Bolsonaro come\u00e7a a se transformar em sufoco, pois o chamado \u201cmodo deixa o homem governar\u201d, derivado do sentimento daqueles que pensam que Lula deve governar sem press\u00e3o popular, seguindo o ritmo das pautas negociadas com a burguesia e dos processos eleitorais, come\u00e7a a escancarar a sua face reacion\u00e1ria.<\/p>\n<p>O esvaziamento das manifesta\u00e7\u00f5es convocadas para 23 de mar\u00e7o pelos setores governistas, a declara\u00e7\u00e3o de Lula secundarizando a import\u00e2ncia das manifesta\u00e7\u00f5es sobre os 60 anos do golpe empresarial-militar de 1964, a proposta de reajuste zero para os servidores p\u00fablicos federais e o enorme esfor\u00e7o de desmontar a constru\u00e7\u00e3o da greve dos docentes e t\u00e9cnicos administrativos, entre outros fatores, demonstraram o qu\u00e3o reacion\u00e1rios podem ser o governo Lula-Alckmin e suas correias de transmiss\u00e3o organizadas.<\/p>\n<p>Estimular o esvaziamento das ruas, o apagamento da hist\u00f3ria da classe trabalhadora e promover o rebaixamento salarial dos trabalhadores e das trabalhadoras do funcionalismo p\u00fablico federal em nome do balc\u00e3o de neg\u00f3cios com a burguesia, somente fortalecer\u00e3o medidas retr\u00f3gradas como o marco temporal, a contrarreforma administrativa, a escalada de ataques dos patr\u00f5es e dos governos estaduais e municipais contra o povo trabalhador, com o aumento das passagens no transporte p\u00fablico, a viol\u00eancia policial com pris\u00f5es e mortes, principalmente contra a popula\u00e7\u00e3o pobre e negra da periferia das grandes e m\u00e9dias cidades, os assassinatos e a criminaliza\u00e7\u00e3o dos lutadores do campo e da cidade, os processos de privatiza\u00e7\u00e3o de empresas p\u00fablicas estrat\u00e9gicas, o rebaixamento de sal\u00e1rios e a piora das condi\u00e7\u00f5es de trabalho, entre outras medidas que visam o fortalecimento da explora\u00e7\u00e3o e de todas as formas de opress\u00e3o.<\/p>\n<p>Al\u00e9m disso, sempre \u00e9 bom lembrar que o governo Lula-Alckmin estabeleceu junto com o congresso um novo teto de gastos, que restringiu os investimentos p\u00fablicos e liberou a farra dos especuladores. Tamb\u00e9m entregou diversos minist\u00e9rios no balc\u00e3o de neg\u00f3cios e autorizou a privatiza\u00e7\u00e3o de empresas e pres\u00eddios. N\u00e3o fez sequer men\u00e7\u00e3o sobre a revoga\u00e7\u00e3o das contrarreformas trabalhista e da previd\u00eancia e insistiu em n\u00e3o revogar por completo a nefasta matriz curricular do \u201cNovo Ensino M\u00e9dio\u201d.<\/p>\n<p>Apesar de tudo, \u00e9 importante ressaltar que a classe trabalhadora continua resistindo e reagindo aos ataques de diversas formas: em n\u00edvel federal com a greve de trabalhadores e trabalhadoras da educa\u00e7\u00e3o p\u00fablica por valoriza\u00e7\u00e3o salarial, reestrutura\u00e7\u00e3o das carreiras e recomposi\u00e7\u00e3o or\u00e7ament\u00e1ria dos servi\u00e7os p\u00fablicos; em n\u00edvel estadual por meio de importantes enfrentamentos como a luta dos educadores e das educadoras em S\u00e3o Paulo; a greve das universidades estaduais no Cear\u00e1; a greve no magist\u00e9rio em Santa Catarina; a greve dos portu\u00e1rios pela exclusividade e tantos outros enfrentamentos invisibilizados pela m\u00eddia burguesa. No campo tamb\u00e9m foram realizadas lutas por parte dos diversos movimentos populares, com dezenas de ocupa\u00e7\u00f5es de terra nos \u00faltimos dias. Da mesma forma seguem ocorrendo lutas e ocupa\u00e7\u00f5es por moradia em in\u00fameras cidades do pa\u00eds.<\/p>\n<p>CALEND\u00c1RIO NACIONAL DE LUTAS<\/p>\n<p>Um importante calend\u00e1rio de lutas est\u00e1 sendo constru\u00eddo para o m\u00eas de maio: al\u00e9m do 1\u00ba de Maio, Dia Internacional dos Trabalhadores e das Trabalhadoras, no dia 09\/05 haver\u00e1 uma jornada nacional de lutas em Defesa da Educa\u00e7\u00e3o P\u00fablica e a Marcha a Bras\u00edlia no dia 22 de maio, quando as lutas de resist\u00eancia aos ataques e as pautas emergenciais mais avan\u00e7adas dever\u00e3o ser fortalecidas. A reorganiza\u00e7\u00e3o da CONEDEP (Coordena\u00e7\u00e3o Nacional em Defesa da Educa\u00e7\u00e3o P\u00fablica e Gratuita) tamb\u00e9m \u00e9 outra excelente not\u00edcia, pois abre possibilidades de avan\u00e7ar na perspectiva da constru\u00e7\u00e3o de um novo Encontro Nacional da Educa\u00e7\u00e3o (ENE).<\/p>\n<p>Sendo assim, neste m\u00eas de maio e ao longo dos pr\u00f3ximos meses, ser\u00e1 mais do que necess\u00e1rio ir \u00e0s ruas, \u00e0s redes sociais, aos locais de trabalho, estudo e moradia, prioritariamente para construir campanhas em defesa de nossos direitos, para revogar as contrarreformas, valorizar sal\u00e1rios e para reduzir a carga hor\u00e1ria de trabalho para 30 horas, sem redu\u00e7\u00e3o salarial.<\/p>\n<p>Devemos construir e fortalecer as campanhas salariais, ocupa\u00e7\u00f5es e retomadas no campo e na cidade, manifesta\u00e7\u00f5es, paralisa\u00e7\u00f5es, greves, marchas, abaixo-assinados, plebiscitos populares e outras formas de di\u00e1logo com as lutas imediatas, visando construir as condi\u00e7\u00f5es para avan\u00e7ar sobre as pautas hist\u00f3ricas.<\/p>\n<p>Al\u00e9m disso, \u00e9 fundamental que os F\u00f3runs e Frentes de Luta, compostos por partidos, sindicatos, movimentos populares e pela juventude, retomem sua organiza\u00e7\u00e3o e combatividade, pois como bem sabemos a maioria das centrais sindicais e setores do movimento popular continuam funcionando como correias de transmiss\u00e3o de governos e patr\u00f5es.<\/p>\n<p>Como sempre temos frisado, seguem abaixo as principais bandeiras de luta emergenciais da classe trabalhadora:<\/p>\n<p>\u2013 Lutar para que Bolsonaro e todos os seus c\u00famplices sejam julgados e punidos exemplarmente, e para tamb\u00e9m colocar na cadeia os empres\u00e1rios golpistas e os militares que torturaram e assassinaram durante os 21 anos do golpe de 1964, para que seja feita uma verdadeira justi\u00e7a de transi\u00e7\u00e3o que implemente no m\u00ednimo as recomenda\u00e7\u00f5es do relat\u00f3rio final da Comiss\u00e3o Nacional da Verdade;<\/p>\n<p>\u2013 Lutar para superar o projeto de destrui\u00e7\u00e3o intensificado no pa\u00eds desde o golpe de 2016, a partir da compreens\u00e3o de que as sa\u00eddas apresentadas pelo mercado ampliaram a desigualdade social e fomentaram o desemprego, a fome e a mis\u00e9ria em larga escala;<\/p>\n<p>\u2013 Lutar pela amplia\u00e7\u00e3o dos investimentos em educa\u00e7\u00e3o e sa\u00fade p\u00fablica, por pol\u00edticas de transfer\u00eancia imediata de renda, por reajuste, valoriza\u00e7\u00e3o e desonera\u00e7\u00e3o dos sal\u00e1rios;<\/p>\n<p>\u2013 Lutar por regulamenta\u00e7\u00e3o e financiamento, por meio do Governo Federal, de estados e munic\u00edpios, para que se efetive o pagamento dos pisos salariais do magist\u00e9rio, dos demais trabalhadores da educa\u00e7\u00e3o, da enfermagem e dos demais trabalhadores da sa\u00fade, de modo que possamos consolidar padr\u00f5es de qualidade nos servi\u00e7os p\u00fablicos estatais e combater as diferentes formas de sucateamento, privatiza\u00e7\u00e3o e terceiriza\u00e7\u00e3o;<\/p>\n<p>\u2013 Lutar pela revoga\u00e7\u00e3o da contrarreforma do ensino m\u00e9dio;<\/p>\n<p>\u2013 Lutar pela revoga\u00e7\u00e3o da Lei da terceiriza\u00e7\u00e3o irrestrita;<\/p>\n<p>\u2013 Lutar pela revoga\u00e7\u00e3o das contrarreformas trabalhista e previdenci\u00e1ria, do teto dos gastos, pela reestatiza\u00e7\u00e3o da Eletrobr\u00e1s, das refinarias de petr\u00f3leo e da BR distribuidora;<\/p>\n<p>\u2013 Lutar pela revoga\u00e7\u00e3o da autonomia do Banco Central, denunciar a atual pol\u00edtica de juros altos e para que n\u00e3o avance nenhum dos projetos de privatiza\u00e7\u00e3o de empresas estrat\u00e9gicas em curso;<\/p>\n<p>\u2013 Lutar para que os trabalhadores ativos e aposentados n\u00e3o paguem impostos sobre sal\u00e1rios e proventos, e que os valores desonerados dos trabalhadores sejam imediatamente pagos pelos patr\u00f5es, a partir de suas taxas de lucro, dividendos, heran\u00e7as e grandes fortunas;<\/p>\n<p>\u2013 Lutar para construir uma Lei de responsabilidade social que tenha como princ\u00edpios fundamentais a irredutibilidade, a valoriza\u00e7\u00e3o e a desonera\u00e7\u00e3o dos sal\u00e1rios e proventos de aposentadorias, com base nos valores do \u201csal\u00e1rio m\u00ednimo necess\u00e1rio\u201d estabelecido pelo Dieese;<\/p>\n<p>\u2013 Lutar pela redu\u00e7\u00e3o da carga hor\u00e1ria de trabalho para 30 horas, sem redu\u00e7\u00e3o de sal\u00e1rios;<\/p>\n<p>\u2013 Articular as lutas contra todas as opress\u00f5es e as lutas ambientais com um projeto anticapitalista, anti-imperialista e internacionalista;<\/p>\n<p>\u2013 Promover a mais ampla solidariedade \u00e0 her\u00f3ica resist\u00eancia do povo palestino, construindo a\u00e7\u00f5es unit\u00e1rias de apoio \u00e0 Palestina e den\u00fancia do genoc\u00eddio cometido pelo governo terrorista de Israel.<\/p>\n<p>Al\u00e9m destas lutas emergenciais, apontamos a necessidade de refor\u00e7ar a estrutura\u00e7\u00e3o do F\u00f3rum Sindical, Popular e de Juventude, por Direitos e Liberdades Democr\u00e1ticas e de promover um grande Encontro Nacional da Classe Trabalhadora (ENCLAT). Tamb\u00e9m reafirmamos nosso compromisso com a constru\u00e7\u00e3o da Federa\u00e7\u00e3o Sindical Mundial (FSM), pois o fortalecimento destes instrumentos poder\u00e1 impulsionar a contraofensiva dos trabalhadores no Brasil e no mundo.<\/p>\n<p>Avante, camaradas!<\/p>\n<p>Vamos construir o Poder Popular, rumo ao Socialismo!<\/p>\n<p>Secretaria Sindical &#8211; PCB<\/p>\n<p>Comiss\u00e3o Pol\u00edtica Nacional &#8211; PCB<\/p>\n","protected":false},"excerpt":{"rendered":"<a class=\"moretag\" href=\"https:\/\/pcb.org.br\/portal2\/31626\"> <\/a>","protected":false},"author":8,"featured_media":0,"comment_status":"closed","ping_status":"closed","sticky":false,"template":"","format":"standard","meta":{"jetpack_post_was_ever_published":false,"_jetpack_newsletter_access":"","_jetpack_dont_email_post_to_subs":false,"_jetpack_newsletter_tier_id":0,"_jetpack_memberships_contains_paywalled_content":false,"_jetpack_memberships_contains_paid_content":false,"footnotes":"","jetpack_publicize_message":"","jetpack_publicize_feature_enabled":true,"jetpack_social_post_already_shared":true,"jetpack_social_options":{"image_generator_settings":{"template":"highway","default_image_id":0,"font":"","enabled":false},"version":2}},"categories":[214,26,15,31],"tags":[219,246],"class_list":["post-31626","post","type-post","status-publish","format-standard","hentry","category-1-de-maio","category-c25-notas-politicas-do-pcb","category-s18-sindical","category-c31-unidade-classista","tag-manchete","tag-np"],"jetpack_publicize_connections":[],"jetpack_featured_media_url":"","jetpack_shortlink":"https:\/\/wp.me\/p659gw-8e6","jetpack-related-posts":[],"jetpack_likes_enabled":true,"jetpack_sharing_enabled":true,"_links":{"self":[{"href":"https:\/\/pcb.org.br\/portal2\/wp-json\/wp\/v2\/posts\/31626","targetHints":{"allow":["GET"]}}],"collection":[{"href":"https:\/\/pcb.org.br\/portal2\/wp-json\/wp\/v2\/posts"}],"about":[{"href":"https:\/\/pcb.org.br\/portal2\/wp-json\/wp\/v2\/types\/post"}],"author":[{"embeddable":true,"href":"https:\/\/pcb.org.br\/portal2\/wp-json\/wp\/v2\/users\/8"}],"replies":[{"embeddable":true,"href":"https:\/\/pcb.org.br\/portal2\/wp-json\/wp\/v2\/comments?post=31626"}],"version-history":[{"count":2,"href":"https:\/\/pcb.org.br\/portal2\/wp-json\/wp\/v2\/posts\/31626\/revisions"}],"predecessor-version":[{"id":31639,"href":"https:\/\/pcb.org.br\/portal2\/wp-json\/wp\/v2\/posts\/31626\/revisions\/31639"}],"wp:attachment":[{"href":"https:\/\/pcb.org.br\/portal2\/wp-json\/wp\/v2\/media?parent=31626"}],"wp:term":[{"taxonomy":"category","embeddable":true,"href":"https:\/\/pcb.org.br\/portal2\/wp-json\/wp\/v2\/categories?post=31626"},{"taxonomy":"post_tag","embeddable":true,"href":"https:\/\/pcb.org.br\/portal2\/wp-json\/wp\/v2\/tags?post=31626"}],"curies":[{"name":"wp","href":"https:\/\/api.w.org\/{rel}","templated":true}]}}