{"id":31687,"date":"2024-05-14T19:53:23","date_gmt":"2024-05-14T22:53:23","guid":{"rendered":"https:\/\/pcb.org.br\/portal2\/?p=31687"},"modified":"2024-05-14T19:53:23","modified_gmt":"2024-05-14T22:53:23","slug":"programa-emergencial-para-o-rs-21-pontos","status":"publish","type":"post","link":"https:\/\/pcb.org.br\/portal2\/31687","title":{"rendered":"Programa emergencial para o RS: 21 pontos"},"content":{"rendered":"<p><img data-recalc-dims=\"1\" loading=\"lazy\" decoding=\"async\" data-attachment-id=\"31688\" data-permalink=\"https:\/\/pcb.org.br\/portal2\/31687\/image-3-22\" data-orig-file=\"https:\/\/i0.wp.com\/pcb.org.br\/portal2\/wp-content\/uploads\/2024\/05\/image-3.png?fit=587%2C587&amp;ssl=1\" data-orig-size=\"587,587\" data-comments-opened=\"0\" data-image-meta=\"{&quot;aperture&quot;:&quot;0&quot;,&quot;credit&quot;:&quot;&quot;,&quot;camera&quot;:&quot;&quot;,&quot;caption&quot;:&quot;&quot;,&quot;created_timestamp&quot;:&quot;0&quot;,&quot;copyright&quot;:&quot;&quot;,&quot;focal_length&quot;:&quot;0&quot;,&quot;iso&quot;:&quot;0&quot;,&quot;shutter_speed&quot;:&quot;0&quot;,&quot;title&quot;:&quot;&quot;,&quot;orientation&quot;:&quot;0&quot;}\" data-image-title=\"image (3)\" data-image-description=\"\" data-image-caption=\"\" data-large-file=\"https:\/\/i0.wp.com\/pcb.org.br\/portal2\/wp-content\/uploads\/2024\/05\/image-3.png?fit=587%2C587&amp;ssl=1\" class=\"alignnone size-full wp-image-31688\" src=\"https:\/\/i0.wp.com\/pcb.org.br\/portal2\/wp-content\/uploads\/2024\/05\/image-3.png?resize=587%2C587&#038;ssl=1\" alt=\"\" width=\"587\" height=\"587\" srcset=\"https:\/\/i0.wp.com\/pcb.org.br\/portal2\/wp-content\/uploads\/2024\/05\/image-3.png?w=587&amp;ssl=1 587w, https:\/\/i0.wp.com\/pcb.org.br\/portal2\/wp-content\/uploads\/2024\/05\/image-3.png?resize=300%2C300&amp;ssl=1 300w, https:\/\/i0.wp.com\/pcb.org.br\/portal2\/wp-content\/uploads\/2024\/05\/image-3.png?resize=150%2C150&amp;ssl=1 150w\" sizes=\"auto, (max-width: 587px) 100vw, 587px\" \/><!--more--><\/p>\n<p>Comit\u00ea Regional do PCB &#8211; RS<\/p>\n<p>Nesta grave crise que o estado do RS est\u00e1 enfrentando, o PCB elaborou propostas emergenciais para superarmos a crise que a classe trabalhadora e os povos oprimidos enfrentam no estado em decorr\u00eancia dos projetos liberais, privatistas, reacion\u00e1rios de Eduardo Leite (PSDB) e Sebasti\u00e3o Melo (MDB). Entendemos que o sucateamento e a privatiza\u00e7\u00e3o dos servi\u00e7os p\u00fablicos, juntamente com a flexibiliza\u00e7\u00e3o da legisla\u00e7\u00e3o ambiental, o projeto de cidade de Porto Alegre e regi\u00e3o Metropolitana voltado aos interesses da especula\u00e7\u00e3o imobili\u00e1ria e aos interesses do capital s\u00e3o fatores fundamentais para que tal trag\u00e9dia anunciada esteja acontecendo.<\/p>\n<p>Dessa forma, entendemos que s\u00f3 a classe trabalhadora organizada juntos aos povos oprimidos ser\u00e3o capazes de superar tal crise e avan\u00e7ar para outro projeto de sociedade em que estejamos no comando. \u00c9 isso que as a\u00e7\u00f5es t\u00eam mostrado nos \u00faltimos dias, com o protagonismo de trabalhadores nos resgates, organiza\u00e7\u00e3o de abrigos, arrecada\u00e7\u00e3o de alimentos e doa\u00e7\u00f5es, confec\u00e7\u00e3o de marmitas. Destacamos as a\u00e7\u00f5es dos territ\u00f3rios Quilombolas na cidade de Porto Alegre que t\u00eam sido refer\u00eancia para as comunidades atingidas. Listamos aqui nossas reivindica\u00e7\u00f5es para superar tal crise.<\/p>\n<p>1 &#8211; REESTATIZA\u00c7\u00c3O DOS SERVI\u00c7OS P\u00daBLICOS J\u00c1!<br \/>\nReestatizar CEEE e CORSAN. N\u00e3o \u00e0 privatiza\u00e7\u00e3o e ao sucateamento do DEMAE.<br \/>\n2 &#8211; PASSE LIVRE J\u00c1! REESTATIZA\u00c7\u00c3O DO TRANSPORTE P\u00daBLICO!<br \/>\n3 &#8211; ISEN\u00c7\u00c3O DA COBRAN\u00c7A DE \u00c1GUA E LUZ!<br \/>\n4 &#8211; RETIRADA DOS IMPOSTOS E CONGELAMENTO DO PRE\u00c7O DOS ALIMENTOS E PRODUTOS ESSENCIAIS.<br \/>\n5 &#8211; POL\u00cdTICA P\u00daBLICA DE DISTRIBUI\u00c7\u00c3O DE CESTAS B\u00c1SICAS.<br \/>\n6 &#8211; FACILITA\u00c7\u00c3O DE CR\u00c9DITO A JURO ZERO.<br \/>\n7 &#8211; PERD\u00c3O DE D\u00cdVIDAS DAS PESSOAS F\u00cdSICAS E PEQUENAS EMPRESAS.<br \/>\n8 &#8211; ESTATIZA\u00c7\u00c3O DE TODOS OS SETORES DA SA\u00daDE.<br \/>\n9 &#8211; VACINA\u00c7\u00c3O UNIVERSAL CONTRA A DENGUE J\u00c1!<br \/>\n10 &#8211; GEST\u00c3O POPULAR DA ARRECADA\u00c7\u00c3O VIA PIX DO SOS RS (PIX DO GOVERNO DO ESTADO).<br \/>\n11 &#8211; RENDA UNIVERSAL EMERGENCIAL.<br \/>\n12 &#8211; AUX\u00cdLIO MORADIA PARA AS FAM\u00cdLIAS ATINGIDAS.<br \/>\n13 &#8211; DESTINA\u00c7\u00c3O DE IM\u00d3VEIS OCIOSOS PARA MORADIA POPULAR.<br \/>\n14 &#8211; TITULA\u00c7\u00c3O IMEDIATA DOS TERRIT\u00d3RIOS QUILOMBOLAS E IND\u00cdGENAS.<br \/>\n15 &#8211; FIM DO ARCABOU\u00c7O FISCAL.<br \/>\n16 &#8211; TAXA\u00c7\u00c3O DAS GRANDES FORTUNAS.<br \/>\n17 &#8211; INDENIZA\u00c7\u00c3O \u00c0S FAM\u00cdLIAS QUE TIVERAM MORADIA E AUTOM\u00d3VEL ATINGIDOS.<br \/>\n18 &#8211; ISEN\u00c7\u00c3O DE IMPOSTOS E CONGELAMENTO DO PRE\u00c7O DE ELETRODOM\u00c9STICOS E MATERIAIS DE CONSTRU\u00c7\u00c3O.<br \/>\n19 &#8211; REVOGA\u00c7\u00c3O DAS ALTERA\u00c7\u00d5ES E FORTALECIMENTO DA LEGISLA\u00c7\u00c3O AMBIENTAL.<br \/>\n20 &#8211; FIM DO DESMATAMENTO E RECUPERA\u00c7\u00c3O DO BIOMA DO PAMPA E DA MATA ATL\u00c2NTICA.<br \/>\n21 &#8211; PLANEJAMENTO DE CIDADE POPULAR: PROGRAMA DE MORADIA POPULAR, FIM DA ESPECULA\u00c7\u00c3O IMOBILI\u00c1RIA, PROGRAMA DE PREVEN\u00c7\u00c3O \u00c0 CRISE CLIM\u00c1TICA.<\/p>\n<p>Sigam acompanhando nossas postagens para acompanhar nossas propostas!<\/p>\n<p>Destacamos ainda a import\u00e2ncia de seguirmos arrecadando doa\u00e7\u00f5es via Pix, a fim de continuar nossas a\u00e7\u00f5es de solidariedade de classe nesse grave cen\u00e1rio.<\/p>\n<p>Pix: <strong>brigadasolidariapcbrs@gmail.com<\/strong><\/p>\n<p>Pelo poder popular! Rumo ao socialismo!<\/p>\n","protected":false},"excerpt":{"rendered":"<a class=\"moretag\" href=\"https:\/\/pcb.org.br\/portal2\/31687\"> <\/a>","protected":false},"author":8,"featured_media":0,"comment_status":"closed","ping_status":"closed","sticky":false,"template":"","format":"standard","meta":{"jetpack_post_was_ever_published":false,"_jetpack_newsletter_access":"","_jetpack_dont_email_post_to_subs":false,"_jetpack_newsletter_tier_id":0,"_jetpack_memberships_contains_paywalled_content":false,"_jetpack_memberships_contains_paid_content":false,"footnotes":"","jetpack_publicize_message":"","jetpack_publicize_feature_enabled":true,"jetpack_social_post_already_shared":true,"jetpack_social_options":{"image_generator_settings":{"template":"highway","default_image_id":0,"font":"","enabled":false},"version":2}},"categories":[239,207,26],"tags":[224],"class_list":["post-31687","post","type-post","status-publish","format-standard","hentry","category-ambiental","category-lutas-nos-estados","category-c25-notas-politicas-do-pcb","tag-3b"],"jetpack_publicize_connections":[],"jetpack_featured_media_url":"","jetpack_shortlink":"https:\/\/wp.me\/p659gw-8f5","jetpack-related-posts":[],"jetpack_likes_enabled":true,"jetpack_sharing_enabled":true,"_links":{"self":[{"href":"https:\/\/pcb.org.br\/portal2\/wp-json\/wp\/v2\/posts\/31687","targetHints":{"allow":["GET"]}}],"collection":[{"href":"https:\/\/pcb.org.br\/portal2\/wp-json\/wp\/v2\/posts"}],"about":[{"href":"https:\/\/pcb.org.br\/portal2\/wp-json\/wp\/v2\/types\/post"}],"author":[{"embeddable":true,"href":"https:\/\/pcb.org.br\/portal2\/wp-json\/wp\/v2\/users\/8"}],"replies":[{"embeddable":true,"href":"https:\/\/pcb.org.br\/portal2\/wp-json\/wp\/v2\/comments?post=31687"}],"version-history":[{"count":1,"href":"https:\/\/pcb.org.br\/portal2\/wp-json\/wp\/v2\/posts\/31687\/revisions"}],"predecessor-version":[{"id":31689,"href":"https:\/\/pcb.org.br\/portal2\/wp-json\/wp\/v2\/posts\/31687\/revisions\/31689"}],"wp:attachment":[{"href":"https:\/\/pcb.org.br\/portal2\/wp-json\/wp\/v2\/media?parent=31687"}],"wp:term":[{"taxonomy":"category","embeddable":true,"href":"https:\/\/pcb.org.br\/portal2\/wp-json\/wp\/v2\/categories?post=31687"},{"taxonomy":"post_tag","embeddable":true,"href":"https:\/\/pcb.org.br\/portal2\/wp-json\/wp\/v2\/tags?post=31687"}],"curies":[{"name":"wp","href":"https:\/\/api.w.org\/{rel}","templated":true}]}}