{"id":3170,"date":"2012-07-17T02:25:44","date_gmt":"2012-07-17T02:25:44","guid":{"rendered":"http:\/\/pcb.org.br\/portal2\/?p=3170"},"modified":"2012-07-17T02:25:44","modified_gmt":"2012-07-17T02:25:44","slug":"uniao-da-juventude-comunista-vi-congresso-2012","status":"publish","type":"post","link":"https:\/\/pcb.org.br\/portal2\/3170","title":{"rendered":"Uni\u00e3o da Juventude Comunista &#8211; VI Congresso 2012"},"content":{"rendered":"\n<p>Realizou-se na cidade de Niter\u00f3i, nos dias 12, 13, 14 e 15 de Julho, o VI\u00ba Congresso Nacional da UJC.<\/p>\n<p>Estiveram presentes delega\u00e7\u00f5es de 14 estados e membros da base de estudantes de medicina em Cuba.<\/p>\n<p>O congresso ocorreu na mais absoluta harmonia com destaque para diversos debates nos grupos de discuss\u00e3o que revelaram o grau de amadurecimento de nossa milit\u00e2ncia, a sintonia com as resolu\u00e7\u00f5es congressuais do Partido e principalmente a diversidade de \u00e1reas na quais a UJC est\u00e1 conseguindo organizar seus n\u00facleos.<\/p>\n<p>Foram realizadas plen\u00e1rias sobre as a\u00e7\u00f5es da juventude na cultura, entre os jovens trabalhadores, sobre o movimento estudantil, al\u00e9m de uma plen\u00e1ria geral a respeito da nossa participa\u00e7\u00e3o na Greve dos Docentes da IFES que nesse momento atinge mais de 95% das universidades federais.<\/p>\n<p>Foi eleita uma nova coordena\u00e7\u00e3o nacional com 21 membros efetivos e 5 suplentes e um conjunto de a\u00e7\u00f5es tais como: semin\u00e1rios, campanhas de solidariedade, cursos de forma\u00e7\u00e3o que ser\u00e3o discutidos para encaminhamento j\u00e1 no m\u00eas de agosto, data da primeira reuni\u00e3o da coordena\u00e7\u00e3o nacional da UJC.<\/p>\n<p>Tivemos a presen\u00e7a das seguintes delega\u00e7\u00f5es internacionais:<\/p>\n<p>Juventudes dos Partidos Comunistas de Cuba, Paraguai e Venezuela, al\u00e9m do representante da Dire\u00e7\u00e3o Nacional da KNE (Juventude Comunista do PC Grego); al\u00e9m de mensagens escritas e ou filmadas de outras organiza\u00e7\u00f5es comunistas juvenis, tais como as do Partido Comunista do M\u00e9xico, Juventude Comunista da Col\u00f4mbia, entre outras.<\/p>\n<p>Al\u00e9m destas organiza\u00e7\u00f5es na abertura de nosso Congresso estiveram presentes as juventudes do PSOL, CCLCP, PSTU e PCR.<\/p>\n<p>O congresso terminou em um bom clima pol\u00edtico, revigorado com as boas discuss\u00f5es que ocorreram tanto nos grupos de debates quanto na plen\u00e1ria final e com significativa empolga\u00e7\u00e3o das bancadas que puderam participar de um evento qualificado e \u00e0 altura da nova fase pela qual passa a organiza\u00e7\u00e3o da UJC e a rela\u00e7\u00e3o da juventude com o Partido.<\/p>\n<p>Estiveram presentes durante o Congresso todos os membros da SNJ, al\u00e9m dos camaradas Edmilson Costa, Eduardo Serra, Ivan Pinheiro e Edilson Gomes, Paulo Schuller, Mauro Iasi e D\u00e1rio todos membros do CC.<\/p>\n<p>Em breve seguir\u00e1 as resolu\u00e7\u00f5es do Congresso, assim como fotos e v\u00eddeos.<\/p>\n<p>*Secret\u00e1rio Nacional de Juventude do CC\/PCB<\/p>\n<p><span class=\"embed-youtube\" style=\"text-align:center; display: block;\"><iframe loading=\"lazy\" class=\"youtube-player\" width=\"747\" height=\"421\" src=\"https:\/\/www.youtube.com\/embed\/VqnX4jpUeNg?version=3&#038;rel=1&#038;showsearch=0&#038;showinfo=1&#038;iv_load_policy=1&#038;fs=1&#038;hl=pt-BR&#038;autohide=2&#038;wmode=transparent\" allowfullscreen=\"true\" style=\"border:0;\" sandbox=\"allow-scripts allow-same-origin allow-popups allow-presentation allow-popups-to-escape-sandbox\"><\/iframe><\/span><\/p>\n<p> <object width=\"480\" height=\"385\"><param name=\"movie\" value=\"http:\/\/www.youtube.com\/v\/VqnX4jpUeNg\" \/><param name=\"allowFullScreen\" value=\"true\" \/><param name=\"allowscriptaccess\" value=\"always\" \/><\/object> <\/p>\n","protected":false},"excerpt":{"rendered":"\n\n\nCr\u00e9dito: PCB\n\n\n\n\n\n\n\n\nF\u00e1bio Bezerra*\n<a class=\"moretag\" href=\"https:\/\/pcb.org.br\/portal2\/3170\"> <\/a>","protected":false},"author":1,"featured_media":0,"comment_status":"open","ping_status":"open","sticky":false,"template":"","format":"standard","meta":{"jetpack_post_was_ever_published":false,"_jetpack_newsletter_access":"","_jetpack_dont_email_post_to_subs":false,"_jetpack_newsletter_tier_id":0,"_jetpack_memberships_contains_paywalled_content":false,"_jetpack_memberships_contains_paid_content":false,"footnotes":"","jetpack_publicize_message":"","jetpack_publicize_feature_enabled":true,"jetpack_social_post_already_shared":false,"jetpack_social_options":{"image_generator_settings":{"template":"highway","default_image_id":0,"font":"","enabled":false},"version":2}},"categories":[27],"tags":[],"class_list":["post-3170","post","type-post","status-publish","format-standard","hentry","category-c27-ujc"],"jetpack_publicize_connections":[],"jetpack_featured_media_url":"","jetpack_shortlink":"https:\/\/wp.me\/p659gw-P8","jetpack-related-posts":[],"jetpack_likes_enabled":true,"jetpack_sharing_enabled":true,"_links":{"self":[{"href":"https:\/\/pcb.org.br\/portal2\/wp-json\/wp\/v2\/posts\/3170","targetHints":{"allow":["GET"]}}],"collection":[{"href":"https:\/\/pcb.org.br\/portal2\/wp-json\/wp\/v2\/posts"}],"about":[{"href":"https:\/\/pcb.org.br\/portal2\/wp-json\/wp\/v2\/types\/post"}],"author":[{"embeddable":true,"href":"https:\/\/pcb.org.br\/portal2\/wp-json\/wp\/v2\/users\/1"}],"replies":[{"embeddable":true,"href":"https:\/\/pcb.org.br\/portal2\/wp-json\/wp\/v2\/comments?post=3170"}],"version-history":[{"count":0,"href":"https:\/\/pcb.org.br\/portal2\/wp-json\/wp\/v2\/posts\/3170\/revisions"}],"wp:attachment":[{"href":"https:\/\/pcb.org.br\/portal2\/wp-json\/wp\/v2\/media?parent=3170"}],"wp:term":[{"taxonomy":"category","embeddable":true,"href":"https:\/\/pcb.org.br\/portal2\/wp-json\/wp\/v2\/categories?post=3170"},{"taxonomy":"post_tag","embeddable":true,"href":"https:\/\/pcb.org.br\/portal2\/wp-json\/wp\/v2\/tags?post=3170"}],"curies":[{"name":"wp","href":"https:\/\/api.w.org\/{rel}","templated":true}]}}