{"id":31719,"date":"2024-05-31T21:16:22","date_gmt":"2024-06-01T00:16:22","guid":{"rendered":"https:\/\/pcb.org.br\/portal2\/?p=31719"},"modified":"2024-05-31T21:16:22","modified_gmt":"2024-06-01T00:16:22","slug":"saudacao-do-pcv-a-conferencia-nacional-do-pcb","status":"publish","type":"post","link":"https:\/\/pcb.org.br\/portal2\/31719","title":{"rendered":"Sauda\u00e7\u00e3o do PCV \u00e0 Confer\u00eancia Nacional do PCB"},"content":{"rendered":"<p><img data-recalc-dims=\"1\" loading=\"lazy\" decoding=\"async\" data-attachment-id=\"31720\" data-permalink=\"https:\/\/pcb.org.br\/portal2\/31719\/pcv_image_pcv-2\" data-orig-file=\"https:\/\/i0.wp.com\/pcb.org.br\/portal2\/wp-content\/uploads\/2024\/05\/PCV_Image_PCV.webp?fit=1600%2C1016&amp;ssl=1\" data-orig-size=\"1600,1016\" data-comments-opened=\"0\" data-image-meta=\"{&quot;aperture&quot;:&quot;0&quot;,&quot;credit&quot;:&quot;&quot;,&quot;camera&quot;:&quot;&quot;,&quot;caption&quot;:&quot;&quot;,&quot;created_timestamp&quot;:&quot;0&quot;,&quot;copyright&quot;:&quot;&quot;,&quot;focal_length&quot;:&quot;0&quot;,&quot;iso&quot;:&quot;0&quot;,&quot;shutter_speed&quot;:&quot;0&quot;,&quot;title&quot;:&quot;&quot;,&quot;orientation&quot;:&quot;0&quot;}\" data-image-title=\"PCV_Image_PCV\" data-image-description=\"\" data-image-caption=\"\" data-large-file=\"https:\/\/i0.wp.com\/pcb.org.br\/portal2\/wp-content\/uploads\/2024\/05\/PCV_Image_PCV.webp?fit=747%2C475&amp;ssl=1\" class=\"alignnone size-large wp-image-31720\" src=\"https:\/\/i0.wp.com\/pcb.org.br\/portal2\/wp-content\/uploads\/2024\/05\/PCV_Image_PCV.webp?resize=747%2C475&#038;ssl=1\" alt=\"\" width=\"747\" height=\"475\" srcset=\"https:\/\/i0.wp.com\/pcb.org.br\/portal2\/wp-content\/uploads\/2024\/05\/PCV_Image_PCV.webp?resize=900%2C572&amp;ssl=1 900w, https:\/\/i0.wp.com\/pcb.org.br\/portal2\/wp-content\/uploads\/2024\/05\/PCV_Image_PCV.webp?resize=300%2C191&amp;ssl=1 300w, https:\/\/i0.wp.com\/pcb.org.br\/portal2\/wp-content\/uploads\/2024\/05\/PCV_Image_PCV.webp?resize=768%2C488&amp;ssl=1 768w, https:\/\/i0.wp.com\/pcb.org.br\/portal2\/wp-content\/uploads\/2024\/05\/PCV_Image_PCV.webp?resize=1536%2C975&amp;ssl=1 1536w, https:\/\/i0.wp.com\/pcb.org.br\/portal2\/wp-content\/uploads\/2024\/05\/PCV_Image_PCV.webp?w=1600&amp;ssl=1 1600w\" sizes=\"auto, (max-width: 747px) 100vw, 747px\" \/><!--more--><\/p>\n<p>Saludo del PCV a la Conferencia Nacional del PCB<\/p>\n<p>Estimados camaradas<br \/>\nPartido Comunista Brasile\u00f1o (PCB)<\/p>\n<p>El Bur\u00f3 Pol\u00edtico del Comit\u00e9 Central del Partido Comunista de Venezuela (PCV) les env\u00eda un fraternal y solidario saludo en ocasi\u00f3n de la realizaci\u00f3n de su importante Conferencia Nacional que se celebra en la ciudad de Fortaleza, del 30 de mayo al 2 de junio del 2024. Extendemos este mensaje de salutaci\u00f3n a todos los delegados que atienden vuestra Conferencia Nacional, y les deseamos muchos \u00e9xitos en los trabajos y deliberaciones de tan relevante instancia de direcci\u00f3n de los comunistas brasile\u00f1os.<\/p>\n<p>Vuestra Conferencia Nacional se desarrolla en un contexto internacional muy complejo, signado por la profundizaci\u00f3n de la agresividad del sistema imperialista mundial como consecuencia de la profunda crisis que lo sacude. La guerra en Ucrania, el brutal genocidio que perpetra la entidad sionista israel\u00ed contra el pueblo palestino, la expansi\u00f3n de esta ofensiva sionista e imperialista en el medio oriente, y las crecientes tensiones b\u00e9licas en distintas regiones del mundo, son evidencia concreta de la agudizaci\u00f3n creciente de la disputa de intereses entre las potencias imperialistas y paises capitalistas.<\/p>\n<p>La clase obrera mundial, adem\u00e1s de enfrentar los peligros y consecuencias de estos conflictos militares globales, sufre tambi\u00e9n la ofensiva del capital mundial contra sus derechos. La clase burguesa y los gobiernos a su servicio, profundizan las pol\u00edticas dirigidas a cargar sobre los hombros de los trabajadores las consecuencias de la crisis y los efectos de la guerra.<\/p>\n<p>En este complejo contexto, desde el Partido Comunista de Venezuela (PCV) insistimos en la necesidad de convocar a nuestros partidos y el movimiento obrero mundial para profundizar el ejercicio militante del internacionalismo proletario, y a articular mejor nuestras luchas a escala global, a fin de poder enfrentar con \u00e9xito la ofensiva mundial del capital y derrotar la agresividad guerrerista del imperialismo.<\/p>\n<p>En nuestra regi\u00f3n, existe un peligroso resurgir de las fuerzas de extrema derecha como resultado del deterioro de las condiciones de vida de los trabajadores populares y el rotundo fracaso del progresismo para impulsar los cambios que demandan los pueblos. En el caso espec\u00edfico de Venezuela, podemos evidenciar c\u00f3mo el progresismo ha degenerado en una forma m\u00e1s de gesti\u00f3n del Estado al servicio del capital, aplicando agresivos ajustes antipopulares, destruyendo derechos hist\u00f3ricos de la clase obrera, e incrementando la acci\u00f3n represiva estatal contra toda forma de resistencia de la clase obrera. La criminalizaci\u00f3n de las luchas obreras y la judicializaci\u00f3n del Partido Comunista de Venezuela, son demostraci\u00f3n de este giro reaccionario del gobierno del PSUV al servicio del gran capital.<\/p>\n<p>Los l\u00edmites del progresismo, y el papel de nuestro partido frente a est\u00e1s nuevas realidades, que permita unificar las luchas clasistas del movimiento obrero continental y abrirles perspectivas a las fuerzas pol\u00edticas aut\u00e9nticamente revolucionarias, es un debate de importancia trascendental para las luchas obreras y populares futuras en el continente.<\/p>\n<p>Estimados camaradas, les retiramos el saludo solidario del Partido Comunista de Venezuela, y esperamos que vuestra Conferencia Nacional sea un importante paso para continuar fortaleciendo el PCB y su intervenci\u00f3n pol\u00edtica en las luchas de la clase trabajadora de su pa\u00eds.<\/p>\n<p>Bur\u00f3 Pol\u00edtico del Comit\u00e9 Central<br \/>\nPartido Comunista de Venezuela (PCV)<\/p>\n<p><strong>Sauda\u00e7\u00e3o do PCV \u00e0 Confer\u00eancia Nacional do PCB<\/strong><\/p>\n<p>Estimados camaradas do Partido Comunista Brasileiro (PCB)<\/p>\n<p>O Bir\u00f4 Pol\u00edtico do Comit\u00ea Central do Partido Comunista da Venezuela (PCV) envia-lhes uma sauda\u00e7\u00e3o fraterna e solid\u00e1ria por ocasi\u00e3o de sua importante Confer\u00eancia Nacional que ser\u00e1 realizada na cidade de Fortaleza, de 30 de maio a 2 de junho de 2024. Estendemos esta mensagem de sauda\u00e7\u00e3o a todos os delegados presentes em sua Confer\u00eancia Nacional, e desejamos muito sucesso nos trabalhos e delibera\u00e7\u00f5es de t\u00e3o relevante \u00f3rg\u00e3o de dire\u00e7\u00e3o dos comunistas brasileiros.<\/p>\n<p>A vossa Confer\u00eancia Nacional realiza-se num contexto internacional muito complexo, marcado pelo aprofundamento da agressividade do sistema imperialista mundial como consequ\u00eancia da profunda crise que o abala. A guerra na Ucr\u00e2nia, o genoc\u00eddio brutal perpetrado pela entidade sionista israelense contra o povo palestino, a expans\u00e3o desta ofensiva sionista e imperialista no Oriente M\u00e9dio e as crescentes tens\u00f5es b\u00e9licas em diferentes regi\u00f5es do mundo s\u00e3o provas concretas do crescente agravamento da disputa de interesses entre pot\u00eancias imperialistas e pa\u00edses capitalistas.<\/p>\n<p>A classe trabalhadora mundial, al\u00e9m de enfrentar os perigos e consequ\u00eancias desses conflitos militares globais, tamb\u00e9m sofre a ofensiva do capital mundial contra os seus direitos. A classe burguesa e os governos a seu servi\u00e7o aprofundam pol\u00edticas destinadas a jogar as consequ\u00eancias da crise e os efeitos da guerra sobre os ombros dos trabalhadores.<\/p>\n<p>Neste contexto complexo, do Partido Comunista da Venezuela (PCV) insistimos na necessidade de convocar os nossos partidos e o movimento oper\u00e1rio mundial para aprofundar o exerc\u00edcio militante do internacionalismo prolet\u00e1rio e para melhor articular as nossas lutas em escala global, a fim de sermos capazes de enfrentar com sucesso a ofensiva global do capital e derrotar a agressividade b\u00e9lica do imperialismo.<\/p>\n<p>Na nossa regi\u00e3o, h\u00e1 um perigoso ressurgimento de for\u00e7as de extrema direita como resultado da deteriora\u00e7\u00e3o das condi\u00e7\u00f5es de vida dos trabalhadores e setores populares e do completo fracasso do progressismo em promover as mudan\u00e7as que o povo exige. No caso espec\u00edfico da Venezuela, podemos demonstrar como o progressismo degenerou numa outra forma de gest\u00e3o do Estado a servi\u00e7o do capital, aplicando ajustes antipopulares agressivos, destruindo direitos hist\u00f3ricos da classe trabalhadora e aumentando a a\u00e7\u00e3o repressiva do Estado contra todas as formas de resist\u00eancia da classe trabalhadora.<\/p>\n<p>A criminaliza\u00e7\u00e3o das lutas dos trabalhadores e a judicializa\u00e7\u00e3o do Partido Comunista da Venezuela s\u00e3o uma demonstra\u00e7\u00e3o desta viragem reacion\u00e1ria do governo do PSUV a servi\u00e7o do grande capital. Os limites do progressismo e o papel dos nossos partidos face a estas novas realidades, buscando unificar as lutas de classes do movimento oper\u00e1rio continental e abrir perspectivas para for\u00e7as pol\u00edticas autenticamente revolucion\u00e1rias, \u00e9 um debate de import\u00e2ncia transcendental para o futuro das lutas dos trabalhadores e setores populares.<\/p>\n<p>Queridos camaradas, estendemos as sauda\u00e7\u00f5es solid\u00e1rias do Partido Comunista da Venezuela e esperamos que a sua Confer\u00eancia Nacional seja um passo importante para continuar a fortalecer o PCB e a sua interven\u00e7\u00e3o pol\u00edtica nas lutas da classe trabalhadora do seu pa\u00eds.<\/p>\n<p>Bir\u00f4 Pol\u00edtico do Comit\u00ea Central<br \/>\nPartido Comunista da Venezuela (PCV)<\/p>\n<p>Tradu\u00e7\u00e3o: Partido Comunista Brasileiro (PCB)<\/p>\n","protected":false},"excerpt":{"rendered":"<a class=\"moretag\" href=\"https:\/\/pcb.org.br\/portal2\/31719\"> <\/a>","protected":false},"author":8,"featured_media":0,"comment_status":"closed","ping_status":"closed","sticky":false,"template":"","format":"standard","meta":{"jetpack_post_was_ever_published":false,"_jetpack_newsletter_access":"","_jetpack_dont_email_post_to_subs":false,"_jetpack_newsletter_tier_id":0,"_jetpack_memberships_contains_paywalled_content":false,"_jetpack_memberships_contains_paid_content":false,"footnotes":"","jetpack_publicize_message":"","jetpack_publicize_feature_enabled":true,"jetpack_social_post_already_shared":true,"jetpack_social_options":{"image_generator_settings":{"template":"highway","default_image_id":0,"font":"","enabled":false},"version":2}},"categories":[8,37,242,9,146,45],"tags":[233],"class_list":["post-31719","post","type-post","status-publish","format-standard","hentry","category-america-latina","category-c42-comunistas","category-eipco","category-s10-internacional","category-internacionalismo","category-c54-venezuela","tag-6a"],"jetpack_publicize_connections":[],"jetpack_featured_media_url":"","jetpack_shortlink":"https:\/\/wp.me\/p659gw-8fB","jetpack-related-posts":[],"jetpack_likes_enabled":true,"jetpack_sharing_enabled":true,"_links":{"self":[{"href":"https:\/\/pcb.org.br\/portal2\/wp-json\/wp\/v2\/posts\/31719","targetHints":{"allow":["GET"]}}],"collection":[{"href":"https:\/\/pcb.org.br\/portal2\/wp-json\/wp\/v2\/posts"}],"about":[{"href":"https:\/\/pcb.org.br\/portal2\/wp-json\/wp\/v2\/types\/post"}],"author":[{"embeddable":true,"href":"https:\/\/pcb.org.br\/portal2\/wp-json\/wp\/v2\/users\/8"}],"replies":[{"embeddable":true,"href":"https:\/\/pcb.org.br\/portal2\/wp-json\/wp\/v2\/comments?post=31719"}],"version-history":[{"count":1,"href":"https:\/\/pcb.org.br\/portal2\/wp-json\/wp\/v2\/posts\/31719\/revisions"}],"predecessor-version":[{"id":31721,"href":"https:\/\/pcb.org.br\/portal2\/wp-json\/wp\/v2\/posts\/31719\/revisions\/31721"}],"wp:attachment":[{"href":"https:\/\/pcb.org.br\/portal2\/wp-json\/wp\/v2\/media?parent=31719"}],"wp:term":[{"taxonomy":"category","embeddable":true,"href":"https:\/\/pcb.org.br\/portal2\/wp-json\/wp\/v2\/categories?post=31719"},{"taxonomy":"post_tag","embeddable":true,"href":"https:\/\/pcb.org.br\/portal2\/wp-json\/wp\/v2\/tags?post=31719"}],"curies":[{"name":"wp","href":"https:\/\/api.w.org\/{rel}","templated":true}]}}