{"id":31722,"date":"2024-05-31T21:27:55","date_gmt":"2024-06-01T00:27:55","guid":{"rendered":"https:\/\/pcb.org.br\/portal2\/?p=31722"},"modified":"2024-05-31T21:27:55","modified_gmt":"2024-06-01T00:27:55","slug":"saudacoes-a-conferencia-politica-do-pcb","status":"publish","type":"post","link":"https:\/\/pcb.org.br\/portal2\/31722","title":{"rendered":"Sauda\u00e7\u00f5es \u00e0 Confer\u00eancia Pol\u00edtica do PCB"},"content":{"rendered":"<p><img data-recalc-dims=\"1\" loading=\"lazy\" decoding=\"async\" data-attachment-id=\"31723\" data-permalink=\"https:\/\/pcb.org.br\/portal2\/31722\/sem-titulo-5\" data-orig-file=\"https:\/\/i0.wp.com\/pcb.org.br\/portal2\/wp-content\/uploads\/2024\/05\/Sem-titulo.jpg?fit=1600%2C900&amp;ssl=1\" data-orig-size=\"1600,900\" data-comments-opened=\"0\" data-image-meta=\"{&quot;aperture&quot;:&quot;0&quot;,&quot;credit&quot;:&quot;&quot;,&quot;camera&quot;:&quot;&quot;,&quot;caption&quot;:&quot;&quot;,&quot;created_timestamp&quot;:&quot;0&quot;,&quot;copyright&quot;:&quot;&quot;,&quot;focal_length&quot;:&quot;0&quot;,&quot;iso&quot;:&quot;0&quot;,&quot;shutter_speed&quot;:&quot;0&quot;,&quot;title&quot;:&quot;&quot;,&quot;orientation&quot;:&quot;0&quot;}\" data-image-title=\"Sem t\u00edtulo\" data-image-description=\"\" data-image-caption=\"\" data-large-file=\"https:\/\/i0.wp.com\/pcb.org.br\/portal2\/wp-content\/uploads\/2024\/05\/Sem-titulo.jpg?fit=747%2C420&amp;ssl=1\" class=\"alignnone size-large wp-image-31723\" src=\"https:\/\/i0.wp.com\/pcb.org.br\/portal2\/wp-content\/uploads\/2024\/05\/Sem-titulo.jpg?resize=747%2C420&#038;ssl=1\" alt=\"\" width=\"747\" height=\"420\" srcset=\"https:\/\/i0.wp.com\/pcb.org.br\/portal2\/wp-content\/uploads\/2024\/05\/Sem-titulo.jpg?resize=900%2C506&amp;ssl=1 900w, https:\/\/i0.wp.com\/pcb.org.br\/portal2\/wp-content\/uploads\/2024\/05\/Sem-titulo.jpg?resize=300%2C169&amp;ssl=1 300w, https:\/\/i0.wp.com\/pcb.org.br\/portal2\/wp-content\/uploads\/2024\/05\/Sem-titulo.jpg?resize=768%2C432&amp;ssl=1 768w, https:\/\/i0.wp.com\/pcb.org.br\/portal2\/wp-content\/uploads\/2024\/05\/Sem-titulo.jpg?resize=1536%2C864&amp;ssl=1 1536w, https:\/\/i0.wp.com\/pcb.org.br\/portal2\/wp-content\/uploads\/2024\/05\/Sem-titulo.jpg?w=1600&amp;ssl=1 1600w\" sizes=\"auto, (max-width: 747px) 100vw, 747px\" \/><!--more--><\/p>\n<p><strong>PARTIDO COMUNISTA PORTUGU\u00caS<\/strong><\/p>\n<p>Ao Partido Comunista Brasileiro<br \/>\nLisboa, 29 de Maio de 2024<\/p>\n<p>Estimados camaradas,<\/p>\n<p>Por ocasi\u00e3o da realiza\u00e7\u00e3o da Confer\u00eancia Pol\u00edtica Nacional do PCB, enviamos-vos as fraternais sauda\u00e7\u00f5es dos comunistas portugueses, formulando votos de sucesso aos seus trabalhos. A vossa Confer\u00eancia realiza-se num contexto internacional complexo e extremamente exigente para as for\u00e7as revolucion\u00e1rias e progressistas que, por todo o mundo, se confrontam com grandes desafios e, tantas vezes, enfrentam o agravamento da explora\u00e7\u00e3o e o ataque aos direitos, o militarismo e a guerra, o ataque a liberdades e \u00e0 democracia, o anticomunismo e a promo\u00e7\u00e3o de concep\u00e7\u00f5es e projetos antidemocr\u00e1ticos, reacion\u00e1rios e fascistas.<\/p>\n<p>O genoc\u00eddio do povo palestino por parte de Israel, que conta com a cumplicidade e o apoio dos EUA e da UE; a dram\u00e1tica e perigosa situa\u00e7\u00e3o criada no Leste da Europa, com os EUA, a OTAN e a UE a instigarem a escalada armamentista e o prolongamento da guerra na Ucr\u00e2nia e a boicotarem as iniciativas que visam uma solu\u00e7\u00e3o pol\u00edtica para o conflito e a seguran\u00e7a colectiva no continente europeu; a deriva militarista da UE e a sua submiss\u00e3o \u00e0 estrat\u00e9gia de insist\u00eancia na imposi\u00e7\u00e3o do dom\u00ednio hegem\u00f3nico do imperialismo norte-americano; a agress\u00e3o aos pa\u00edses e povos que afirmam a sua soberania e direito ao desenvolvimento, n\u00e3o se subordinando aos ditames do imperialismo; a escalada de confronta\u00e7\u00e3o visando a China \u2013 s\u00e3o motivo da maior inquieta\u00e7\u00e3o e exigem a mais ampla mobiliza\u00e7\u00e3o e luta das for\u00e7as amantes da paz e anti-imperialistas.<\/p>\n<p>No entanto, a realidade est\u00e1 a demonstrar que, apesar dos imensos meios de que disp\u00f5e, o imperialismo n\u00e3o tem as m\u00e3os livres para impor os seus objetivos. A crise estrutural do capitalismo est\u00e1 a manifestar-se em m\u00faltiplos e significativos planos. Continua em desenvolvimento um processo de rearruma\u00e7\u00e3o de for\u00e7as no plano mundial desfavor\u00e1vel aos intentos do imperialismo. Sob as formas mais diversas e com objetivos imediatos diversificados prossegue a luta e resist\u00eancia dos povos em defesa da sua soberania e dos seus direitos, incluindo na Am\u00e9rica Latina e Cara\u00edbas, de que Cuba \u00e9 um exemplo.<\/p>\n<p>Na considera\u00e7\u00e3o do PCP h\u00e1 raz\u00f5es para confiar em que, persistindo na luta e com o refor\u00e7o movimento comunista e revolucion\u00e1rio internacional e da solidariedade e coopera\u00e7\u00e3o no seu seio, assim como com a constru\u00e7\u00e3o de uma ampla frente anti-imperialista, ser\u00e1 poss\u00edvel derrotar os que apostam no fascismo e na guerra e avan\u00e7ar pelo caminho da paz e do progresso social.<\/p>\n<p>Em Portugal, \u00e9 com esta confian\u00e7a que o PCP, fazendo frente \u00e0 campanha anticomunista, persiste na luta em defesa dos interesses e aspira\u00e7\u00f5es dos trabalhadores e do povo portugu\u00eas, pela ruptura com a pol\u00edtica de direita e por uma alternativa patri\u00f3tica e de esquerda que abra caminho a uma democracia avan\u00e7ada com os Valores da Revolu\u00e7\u00e3o de Abril, pelo socialismo.<\/p>\n<p>Reiterando os melhores votos de sucesso \u00e0 vossa Confer\u00eancia Pol\u00edtica Nacional, reafirmamos a nossa vontade em prosseguir as rela\u00e7\u00f5es bilaterais entre o PCP e PCB.<\/p>\n<p>Se\u00e7\u00e3o Internacional do Partido Comunista Portugu\u00eas<\/p>\n<p><strong>PARTIDO COMUNISTA DA SUAZIL\u00c2NDIA<\/strong><\/p>\n<p>Mensagem ao Partido Comunista Brasileiro em sua Confer\u00eancia Pol\u00edtica Nacional<\/p>\n<p>O Partido Comunista da Suazil\u00e2ndia (CPS) transmite suas sauda\u00e7\u00f5es revolucion\u00e1rias a todos os delegados participantes da Confer\u00eancia Pol\u00edtica Nacional do Partido Comunista Brasileiro (PCB). O CPS expressa a sua solidariedade com o PCB enquanto continua a construir a unidade entre a classe trabalhadora brasileira contra o sistema capitalista.<\/p>\n<p>Sabemos que a Confer\u00eancia do PCB acontece em meio a uma situa\u00e7\u00e3o dif\u00edcil, com a for\u00e7a do seu partido sendo atacada por for\u00e7as de rea\u00e7\u00e3o. A causa da paz e do socialismo est\u00e1 de fato repleta de tais dificuldades, e desejamos-vos for\u00e7a e confian\u00e7a para que emerjam mais unidos e mais fortes ap\u00f3s a vossa Confer\u00eancia. O grande trabalho que o PCB fez durante toda a sua vida para unir a classe trabalhadora no Brasil e contribuir para a luta global da classe trabalhadora contra o imperialismo nos d\u00e1 esperan\u00e7a de que o povo do Brasil ser\u00e1 capaz de tomar o poder em suas pr\u00f3prias m\u00e3os, e n\u00e3o mais ter\u00e1 que sofrer os perigos da agress\u00e3o imperialista no seu pa\u00eds.<\/p>\n<p>Enquanto o PCB realiza a sua Confer\u00eancia no fim de semana, tamb\u00e9m realizaremos simultaneamente a nossa pr\u00f3pria 8\u00aa Confer\u00eancia Nacional para rever o ano e fortalecer-nos para a luta. Apelamos aos nossos dois partidos para que reforcem as rela\u00e7\u00f5es entre si enquanto procuramos construir a solidariedade internacional. Ficar\u00edamos felizes em participar em compromissos bilaterais \u00e0 medida que continuamos a luta contra o capitalismo nos nossos respectivos pa\u00edses, bem como contra o imperialismo.<\/p>\n<p>Desejamos muito sucesso \u00e0 Confer\u00eancia Pol\u00edtica Nacional do Partido Comunista Brasileiro. Viva a solidariedade internacional! Avante para o Socialismo! Sauda\u00e7\u00f5es Comunistas,<\/p>\n<p>Thokozane Kenneth Kunene &#8211; Secret\u00e1rio Geral do PCS<\/p>\n<p>Message to the Brazilian Communist Party on its National Political Conference The Communist Party of Swaziland (CPS) conveys its revolutionary greetings to all the delegates participating in the National Political Conference of the Brazilian Communist Party (PCB). The CPS pledges its solidarity with the PCB as it continues to build unity among the Brazilian working class against the capitalist system.<\/p>\n<p>We are aware that the PCB\u2019s Conference takes place amid a difficult situation with the strength of your party being attacked by forces of reaction. The cause of peace and socialism is indeed littered with such difficulties, and we wish you strength and trust that you will emerge more united and stronger after your Conference. The great work that the PCB has done its entire life to unite the working class in Brazil and contribute to the global working-class struggle against imperialism gives us hope that the people of Brazil will be able to take power into their own hands, and no longer have to suffer<br \/>\nthe perils of imperialist aggression in their country.<\/p>\n<p>As the PCB holds its Conference over the weekend, we will also be simultaneously holding our own 8th National Conference to review the year and strengthen ourselves for the struggle. We call upon our two parties to strengthen relations between themselves as we seek to build international solidarity. We would be happy to engage in bilateral engagements as we continue the fight against capitalism in our respective countries as well against imperialism.<\/p>\n<p>We wish great success to the National Political Conference of the Brazilian Communist Party.<\/p>\n<p>Long live international solidarity! Forward to Socialism!<\/p>\n<p>Communist Regards<br \/>\n_________________________<br \/>\nThokozane Kenneth Kunene &#8211; CPS General Secretary<br \/>\nCPS 5th Congress Central Committee<\/p>\n<p><strong>Partido Comunista da Noruega<\/strong><\/p>\n<p>Ao Partido Comunista Brasileiro:<br \/>\nOs melhores desejos para a sua Confer\u00eancia Pol\u00edtica Nacional (de 30\/05 a 02\/06) e \u00e0 luta por liberdade, paz, progresso social e socialismo.<\/p>\n<p>Do Partido Comunista da Noruega<\/p>\n<p>Brazilian Communist Party<br \/>\nBest whishes for your National Political Conference 30\/5 \u2013 2\/6, and the struggle for freedom, peace, social progress and socialism.<\/p>\n<p>For the Communist Party of Norway<br \/>\nRuna Evensen<br \/>\nChairperson<br \/>\nBirgit Skj\u00e6ret<br \/>\nInternational secretary<\/p>\n<p><strong>Embaixada da Rep\u00fablica Socialista do Vietn\u00e3<\/strong><\/p>\n<p>A Embaixada da Rep\u00fablica Socialista do Vietn\u00e3 apresenta seus cumprimentos ao Partido Comunista Brasileiro (PCB) e, no contexto da Confer\u00eancia Pol\u00edtica do PCB, que acontece em Fortaleza entre os dias 30 de maio e 2 de junho de 2024, tem a honra de encaminhar a Carta do Comit\u00ea Central do Partido Comunista do Vietn\u00e3, que parabeniza o PCB pela realiza\u00e7\u00e3o da Confer\u00eancia.<\/p>\n<p>A Embaixada da Rep\u00fablica Socialista do Vietn\u00e3 aproveita a oportunidade para apresentar ao Partido Comunista Brasileiro os protestos de sua mais alta considera\u00e7\u00e3o.<\/p>\n<p>Bras\u00edlia, 15 de maio de 2024.<\/p>\n","protected":false},"excerpt":{"rendered":"<a class=\"moretag\" href=\"https:\/\/pcb.org.br\/portal2\/31722\"> <\/a>","protected":false},"author":8,"featured_media":0,"comment_status":"closed","ping_status":"closed","sticky":false,"template":"","format":"standard","meta":{"jetpack_post_was_ever_published":false,"_jetpack_newsletter_access":"","_jetpack_dont_email_post_to_subs":false,"_jetpack_newsletter_tier_id":0,"_jetpack_memberships_contains_paywalled_content":false,"_jetpack_memberships_contains_paid_content":false,"footnotes":"","jetpack_publicize_message":"","jetpack_publicize_feature_enabled":true,"jetpack_social_post_already_shared":true,"jetpack_social_options":{"image_generator_settings":{"template":"highway","default_image_id":0,"font":"","enabled":false},"version":2}},"categories":[37,242,9,75],"tags":[227],"class_list":["post-31722","post","type-post","status-publish","format-standard","hentry","category-c42-comunistas","category-eipco","category-s10-internacional","category-c88-internacionalismo","tag-5a"],"jetpack_publicize_connections":[],"jetpack_featured_media_url":"","jetpack_shortlink":"https:\/\/wp.me\/p659gw-8fE","jetpack-related-posts":[],"jetpack_likes_enabled":true,"jetpack_sharing_enabled":true,"_links":{"self":[{"href":"https:\/\/pcb.org.br\/portal2\/wp-json\/wp\/v2\/posts\/31722","targetHints":{"allow":["GET"]}}],"collection":[{"href":"https:\/\/pcb.org.br\/portal2\/wp-json\/wp\/v2\/posts"}],"about":[{"href":"https:\/\/pcb.org.br\/portal2\/wp-json\/wp\/v2\/types\/post"}],"author":[{"embeddable":true,"href":"https:\/\/pcb.org.br\/portal2\/wp-json\/wp\/v2\/users\/8"}],"replies":[{"embeddable":true,"href":"https:\/\/pcb.org.br\/portal2\/wp-json\/wp\/v2\/comments?post=31722"}],"version-history":[{"count":1,"href":"https:\/\/pcb.org.br\/portal2\/wp-json\/wp\/v2\/posts\/31722\/revisions"}],"predecessor-version":[{"id":31724,"href":"https:\/\/pcb.org.br\/portal2\/wp-json\/wp\/v2\/posts\/31722\/revisions\/31724"}],"wp:attachment":[{"href":"https:\/\/pcb.org.br\/portal2\/wp-json\/wp\/v2\/media?parent=31722"}],"wp:term":[{"taxonomy":"category","embeddable":true,"href":"https:\/\/pcb.org.br\/portal2\/wp-json\/wp\/v2\/categories?post=31722"},{"taxonomy":"post_tag","embeddable":true,"href":"https:\/\/pcb.org.br\/portal2\/wp-json\/wp\/v2\/tags?post=31722"}],"curies":[{"name":"wp","href":"https:\/\/api.w.org\/{rel}","templated":true}]}}