{"id":31728,"date":"2024-06-03T15:47:08","date_gmt":"2024-06-03T18:47:08","guid":{"rendered":"https:\/\/pcb.org.br\/portal2\/?p=31728"},"modified":"2024-06-03T15:47:08","modified_gmt":"2024-06-03T18:47:08","slug":"cuba-nunca-ficou-de-bracos-cruzados-2","status":"publish","type":"post","link":"https:\/\/pcb.org.br\/portal2\/31728","title":{"rendered":"Cuba nunca ficou de bra\u00e7os cruzados \u2013 2"},"content":{"rendered":"<p><img data-recalc-dims=\"1\" loading=\"lazy\" decoding=\"async\" data-attachment-id=\"31729\" data-permalink=\"https:\/\/pcb.org.br\/portal2\/31728\/f0044032\" data-orig-file=\"https:\/\/i0.wp.com\/pcb.org.br\/portal2\/wp-content\/uploads\/2024\/06\/f0044032.jpg?fit=700%2C466&amp;ssl=1\" data-orig-size=\"700,466\" data-comments-opened=\"0\" data-image-meta=\"{&quot;aperture&quot;:&quot;0&quot;,&quot;credit&quot;:&quot;&quot;,&quot;camera&quot;:&quot;&quot;,&quot;caption&quot;:&quot;&quot;,&quot;created_timestamp&quot;:&quot;0&quot;,&quot;copyright&quot;:&quot;&quot;,&quot;focal_length&quot;:&quot;0&quot;,&quot;iso&quot;:&quot;0&quot;,&quot;shutter_speed&quot;:&quot;0&quot;,&quot;title&quot;:&quot;&quot;,&quot;orientation&quot;:&quot;0&quot;}\" data-image-title=\"f0044032\" data-image-description=\"\" data-image-caption=\"\" data-large-file=\"https:\/\/i0.wp.com\/pcb.org.br\/portal2\/wp-content\/uploads\/2024\/06\/f0044032.jpg?fit=700%2C466&amp;ssl=1\" class=\"alignnone size-full wp-image-31729\" src=\"https:\/\/i0.wp.com\/pcb.org.br\/portal2\/wp-content\/uploads\/2024\/06\/f0044032.jpg?resize=700%2C466&#038;ssl=1\" alt=\"\" width=\"700\" height=\"466\" srcset=\"https:\/\/i0.wp.com\/pcb.org.br\/portal2\/wp-content\/uploads\/2024\/06\/f0044032.jpg?w=700&amp;ssl=1 700w, https:\/\/i0.wp.com\/pcb.org.br\/portal2\/wp-content\/uploads\/2024\/06\/f0044032.jpg?resize=300%2C200&amp;ssl=1 300w\" sizes=\"auto, (max-width: 700px) 100vw, 700px\" \/><!--more--><\/p>\n<p>Photo: Estudios Revoluci\u00f3n<\/p>\n<p>Entrevista concedida por Miguel Mario D\u00edaz-Canel Berm\u00fadez, primeiro-secret\u00e1rio do Comit\u00ea Central do Partido Comunista de Cuba e presidente da Rep\u00fablica, a Ignacio Ramonet, professor e jornalista franc\u00eas, no Pal\u00e1cio da Revolu\u00e7\u00e3o, em 11 de maio de 2024, \u00abAno 66 da Revolu\u00e7\u00e3o\u00bb<\/p>\n<p>PARTE 2<\/p>\n<p>Autor: Granma | internet@granma.cu<\/p>\n<p>Presidente, vamos abordar o segundo bloco de nossa entrevista, que s\u00e3o as perguntas sobre a economia, e faremos essencialmente quatro perguntas. A primeira \u00e9 a seguinte: Gostaria de saber sua avalia\u00e7\u00e3o da situa\u00e7\u00e3o atual da economia cubana e que medidas seu governo est\u00e1 tomando para enfrentar alguns dos desafios atuais, al\u00e9m do bloqueio, obviamente, como, por exemplo, a infla\u00e7\u00e3o, que o senhor j\u00e1 abordou em parte; a dolariza\u00e7\u00e3o parcial que est\u00e1 ocorrendo, e tamb\u00e9m a falta de investimentos estrangeiros diretos significativos que est\u00e1 ocorrendo.<\/p>\n<p>Miguel M. D\u00edaz-Canel: Ramonet, acho que parte da pergunta, como resposta, foi apresentada quando descrevemos o que significava o bloqueio, porque \u00e9 precisamente esse bloqueio que est\u00e1 dando origem \u00e0 nova situa\u00e7\u00e3o econ\u00f4mica, que \u00e9 a descrita. Ent\u00e3o, para resumir, para focar mais no que vamos fazer para superar essa situa\u00e7\u00e3o, temos que dizer que \u00e9 uma economia que hoje funciona em condi\u00e7\u00f5es complexas e onde h\u00e1 todo um conjunto de desequil\u00edbrios econ\u00f4micos. Ent\u00e3o, o que estamos propondo para lidar com isso? Em primeiro lugar, elaboramos um Programa de Estabiliza\u00e7\u00e3o Macroecon\u00f4mica que ser\u00e1 implementado por um per\u00edodo prolongado, digamos, at\u00e9 2030, e que ter\u00e1 de ser constantemente ajustado para alcan\u00e7ar os equil\u00edbrios macroecon\u00f4micos de que o pa\u00eds precisa no menor tempo poss\u00edvel. Ele trata dos problemas de infla\u00e7\u00e3o, dos problemas do mercado de c\u00e2mbio e, \u00e9 claro, da taxa de c\u00e2mbio; trata da pol\u00edtica monet\u00e1ria, da pol\u00edtica fiscal, dos incentivos \u00e0 produ\u00e7\u00e3o nacional e \u00e0s exporta\u00e7\u00f5es; tamb\u00e9m inclui elementos de sal\u00e1rios, pens\u00f5es, emprego e toda a reorganiza\u00e7\u00e3o que precisamos fazer no sistema econ\u00f4mico, e as pol\u00edticas que t\u00eam a ver com o uso de nossas finan\u00e7as, com a aloca\u00e7\u00e3o de recursos, com o papel da empresa estatal, com a rela\u00e7\u00e3o entre a empresa estatal e o restante dos agentes econ\u00f4micos. Agora, parte de v\u00e1rias premissas. Uma premissa \u00e9 que estamos procurando maneiras de estimular a produ\u00e7\u00e3o nacional, pois, ao estimular a produ\u00e7\u00e3o nacional, ganhamos soberania econ\u00f4mica; ao estimular a produ\u00e7\u00e3o nacional, podemos tamb\u00e9m conseguir satisfazer as necessidades internas do pa\u00eds, de forma que o mercado interno se torne uma fonte de desenvolvimento.<\/p>\n<p>Ignacio Ramonet: O senhor est\u00e1 pensando principalmente na agricultura, por exemplo, para a soberania alimentar?<\/p>\n<p>Miguel M. D\u00edaz-Canel: Estamos falando exatamente sobre isso. Podemos produzir uma parte significativa dos alimentos de que o pa\u00eds precisa e importar menos alimentos. Hoje, precisamos ter mais de US$ 2 bilh\u00f5es para importar alimentos, que, por serem investidos, nem sempre importam a mesma quantidade ou mais; pelo contr\u00e1rio, importam menos porque os pre\u00e7os e os custos de frete aumentam. Al\u00e9m disso, a partir desse aumento da produ\u00e7\u00e3o nacional e da efici\u00eancia dessa produ\u00e7\u00e3o nacional, devemos tamb\u00e9m alcan\u00e7ar a competitividade nas exporta\u00e7\u00f5es para trazer divisas e tornar essa produ\u00e7\u00e3o nacional sustent\u00e1vel. Esse conceito de estimular a produ\u00e7\u00e3o nacional e, acima de tudo, a agricultura, n\u00e3o o estamos levando para o n\u00edvel nacional, mas sim para que o n\u00edvel nacional seja constru\u00eddo a partir do n\u00edvel local: como cada munic\u00edpio tem um programa de autossufici\u00eancia municipal, como cada prov\u00edncia tem um programa de autossufici\u00eancia provincial, e que todos esses esfor\u00e7os e toda essa constru\u00e7\u00e3o a partir da comunidade, do bairro, passando pelo munic\u00edpio, pela prov\u00edncia, cheguem ao pa\u00eds e estabilizem a situa\u00e7\u00e3o alimentar do pa\u00eds. \u00c9 por isso que desenvolvemos uma Pol\u00edtica de Soberania Alimentar e existe uma Lei de Soberania Alimentar.<\/p>\n<p>Ignacio Ramonet: Ela est\u00e1 produzindo resultados, e o senhor v\u00ea os resultados?<\/p>\n<p>Miguel M. D\u00edaz-Canel: Tenho uma experi\u00eancia. Desde janeiro, temos visitado todas as prov\u00edncias do pa\u00eds todos os meses e, em cada prov\u00edncia, visitamos um munic\u00edpio diferente a cada m\u00eas. O que observamos? Observamos boas experi\u00eancias em que os trabalhadores e os coletivos de trabalhadores, com a lideran\u00e7a que t\u00eam, fazem as coisas de forma diferente e, em condi\u00e7\u00f5es de bloqueio intensificado, assim como todos os outros, encontram respostas para o que temos de alcan\u00e7ar, inclusive muitas delas em termos de produ\u00e7\u00e3o de alimentos. Vi algumas coisas muito interessantes a esse respeito.<\/p>\n<p>Ignacio Ramonet: Isso poderia ser estendido a outras partes do pa\u00eds.<\/p>\n<p>Miguel M. D\u00edaz-Canel: Exatamente, mas digamos que hoje s\u00e3o exce\u00e7\u00f5es. Portanto, tamb\u00e9m temos outros lugares que visitamos onde as apresenta\u00e7\u00f5es n\u00e3o s\u00e3o adequadas e onde os coletivos talvez estejam mais sobrecarregados pelo peso das restri\u00e7\u00f5es do bloqueio e n\u00e3o pelo pensamento que queremos desenvolver, que \u00e9 o pensamento da resist\u00eancia criativa: \u00abSou afetado pelo bloqueio nisso e naquilo, mas em condi\u00e7\u00f5es de bloqueio posso fazer isso, isso, e aquilo e superar e avan\u00e7ar\u00bb. O que queremos \u00e9 que aqueles que s\u00e3o inspiradores, aqueles que s\u00e3o inspirados pelo exemplo daqueles que fazem as coisas de forma diferente, adquiram essa experi\u00eancia e passem a ter um desempenho melhor, e ent\u00e3o o que hoje \u00e9 a exce\u00e7\u00e3o se torna a regra. Mas j\u00e1 h\u00e1 algo interessante, porque, digo a voc\u00eas, essas convic\u00e7\u00f5es e esses crit\u00e9rios que estou compartilhando com voc\u00eas n\u00e3o s\u00e3o um apelo ou uma propaganda nossa, \u00e9 que se tem isso como uma convic\u00e7\u00e3o justamente pelo que se v\u00ea nessas visitas a cada parte do pa\u00eds.<\/p>\n<p>Ent\u00e3o, por exemplo, nas visitas de mar\u00e7o e abril, come\u00e7amos a observar que lugares que fecharam 2023, no ano passado, com desempenhos improdutivos, n\u00e3o rent\u00e1veis, ineficientes, est\u00e3o come\u00e7ando a deixar essa situa\u00e7\u00e3o para tr\u00e1s e est\u00e3o come\u00e7ando a se aproximar disso. Agora, o que temos que alcan\u00e7ar? Que essa transforma\u00e7\u00e3o seja sustent\u00e1vel ao longo do tempo. Acho que \u00e9 a\u00ed que est\u00e3o as respostas, n\u00f3s mesmos temos as respostas. O que diremos a eles mais tarde quando compartilharmos com a lideran\u00e7a dos territ\u00f3rios? Temos de levar este que n\u00e3o est\u00e1 indo bem aos conceitos daquele que est\u00e1 indo bem, a experi\u00eancia est\u00e1 bem ali. \u00c9 muito estimulante ver como em cada parte do pa\u00eds h\u00e1 coisas que ainda n\u00e3o t\u00eam os n\u00edveis produtivos de atividades, de contribui\u00e7\u00f5es de que precisamos, mas tamb\u00e9m h\u00e1 luzes nesses exemplos.<\/p>\n<p>Ignacio Ramonet: Por parte do Estado, foram feitas as reformas legais necess\u00e1rias para facilitar a nova produ\u00e7\u00e3o.<\/p>\n<p>Miguel M. D\u00edaz-Canel: Ainda temos de garantir que a empresa estatal possa operar nas mesmas condi\u00e7\u00f5es que o setor n\u00e3o estatal, mas hoje a empresa estatal tem um conjunto de poderes que lhe foram concedidos e que nem sempre s\u00e3o bem utilizados. Na medida em que for usado com uma cultura empresarial mais avan\u00e7ada e flex\u00edvel, sem d\u00favida ter\u00e1 um impacto. Portanto, um conceito fundamental: ci\u00eancia e inova\u00e7\u00e3o. Um pa\u00eds pobre como o nosso, com poucos recursos naturais, mas com muito talento, tem uma constru\u00e7\u00e3o que foi fundada pelo Comandante-em-chefe, que foi continuada pelo general-de-ex\u00e9rcito e que continua sendo ampliada e atualizada em meio a essas condi\u00e7\u00f5es: que as respostas para nossos problemas devem ser encontradas na pesquisa cient\u00edfica, levando tudo isso \u00e0 inova\u00e7\u00e3o. \u00c9 por isso que optamos por um Sistema de Gest\u00e3o Governamental baseado em Ci\u00eancia e Inova\u00e7\u00e3o a ser aplicado em todas as \u00e1reas. Foi assim que lidamos com a COVID-19 e agora estamos levando isso para a \u00e1rea da agricultura, para a \u00e1rea da ind\u00fastria, para a quest\u00e3o da produ\u00e7\u00e3o de alimentos. H\u00e1 tamb\u00e9m a aten\u00e7\u00e3o \u00e0s pessoas e fam\u00edlias em condi\u00e7\u00f5es vulner\u00e1veis. Cada uma das medidas que vamos aplicar deve ter um tratamento para que as pessoas vulner\u00e1veis e as fam\u00edlias em situa\u00e7\u00e3o de vulnerabilidade n\u00e3o sejam afetadas, porque nosso objetivo n\u00e3o \u00e9 criar mais desigualdades; pelo contr\u00e1rio, \u00e9 reduzir a lacuna da desigualdade, e que sejamos capazes de produzir com a consci\u00eancia de que a riqueza que somos capazes de gerar \u00e9 a que podemos distribuir e que vamos distribu\u00ed-la com justi\u00e7a social.<\/p>\n<p>Ignacio Ramonet: Sr. presidente, entre as mudan\u00e7as que ocorreram na economia cubana nos \u00faltimos anos est\u00e1 o surgimento de uma economia de mercado, certo? Em particular, isso se expandiu recentemente com o desenvolvimento de micro, pequenas e m\u00e9dias empresas, que aqui s\u00e3o chamadas de MPMEs. Qual \u00e9 a sua avalia\u00e7\u00e3o desse fen\u00f4meno que est\u00e1 transformando o tecido econ\u00f4mico de Cuba?<\/p>\n<p>Miguel M. D\u00edaz-Canel: Com rela\u00e7\u00e3o a isso, acho que h\u00e1 alguns esclarecimentos a serem feitos. Primeiro, temos uma economia planejada que leva em conta os sinais do mercado, mas n\u00e3o \u00e9 uma economia baseada na economia de mercado pura; h\u00e1 um conceito de justi\u00e7a social no qual as leis de mercado n\u00e3o s\u00e3o as que impulsionam o desenvolvimento econ\u00f4mico, porque, acima de tudo, pensamos muito em termos das pessoas. E a efici\u00eancia da economia cubana \u00e0s vezes \u00e9 criticada do ponto de vista puramente econ\u00f4mico, mas eu digo: essa economia bloqueada, que ainda n\u00e3o satisfaz todas as nossas necessidades, mant\u00e9m conquistas sociais importantes que hoje em Cuba s\u00e3o assumidas como um direito, mas que em muitos lugares ainda n\u00e3o s\u00e3o uma conquista. Ent\u00e3o, acho que h\u00e1 tamb\u00e9m um certo n\u00edvel de injusti\u00e7a na avalia\u00e7\u00e3o do comportamento exato da economia cubana. Por um lado, trata-se de uma economia planejada, mas que leva em conta e reconhece os sinais do mercado e as leis do mercado.<br \/>\nPor outro lado, o setor de MPMEs. Em primeiro lugar, h\u00e1 MPMEs estatais e h\u00e1 MPMEs privadas n\u00e3o-estatais, ou seja, n\u00e3o se trata apenas de um setor privado. E o setor privado existia em Cuba, mas aqui ele se expandiu, porque uma parte significativa da produ\u00e7\u00e3o agr\u00edcola est\u00e1 nas m\u00e3os de agricultores privados e cooperativas agr\u00edcolas. Havia o trabalho por conta pr\u00f3pria, mas o problema \u00e9 que, sem o desenvolvimento das MPMEs, o trabalho por conta pr\u00f3pria foi confundido com o trabalho aut\u00f4nomo e gerou certas articula\u00e7\u00f5es ou certas rela\u00e7\u00f5es que eram mais do que o trabalho por conta pr\u00f3pria e se tornaram organiza\u00e7\u00f5es.<\/p>\n<p>Ignacio Ramonet: Sim, j\u00e1 eram pequenas empresas com funcion\u00e1rios.<\/p>\n<p>Miguel M. D\u00edaz-Canel: Empresas que, embora n\u00e3o fossem reconhecidas, trabalhavam assim. Em outras palavras, o que acredito \u00e9 que atualizamos a situa\u00e7\u00e3o que t\u00ednhamos e propusemos algo muito coerente, que \u00e9 aproveitar todo o potencial que o pa\u00eds tem. Portanto, \u00e9 uma empresa estatal que deve desempenhar um papel fundamental na constru\u00e7\u00e3o socialista, mas que tem um setor privado para complementar sua atividade econ\u00f4mica.<\/p>\n<p>Ignacio Ramonet: O que esse setor de mercado privado representa atualmente?<\/p>\n<p>Miguel M. D\u00edaz-Canel: Hoje, quando as pessoas falam sobre a din\u00e2mica das MPMEs, elas dizem: \u00abN\u00e3o, mas elas est\u00e3o crescendo muito\u00bb. Elas est\u00e3o crescendo, \u00e9 um processo relativamente novo, e digamos que j\u00e1 temos cerca de 10.000; mas um de nossos conceitos, como parte da constru\u00e7\u00e3o socialista, \u00e9 que os principais meios de produ\u00e7\u00e3o est\u00e3o nas m\u00e3os do Estado e s\u00e3o representados por empresas estatais. Portanto, o maior peso da economia est\u00e1 no setor estatal, sem negar a importante contribui\u00e7\u00e3o do setor n\u00e3o-estatal. Acredito que essa tamb\u00e9m tenha sido uma \u00e1rea relativamente nova no aprimoramento de nosso sistema econ\u00f4mico e social. O que temos de fazer agora \u00e9 corrigir algumas distor\u00e7\u00f5es nas rela\u00e7\u00f5es entre empresas estatais e entidades estatais com entidades n\u00e3o-estatais, para que todas elas, como parte de um grupo de atores econ\u00f4micos em nossa sociedade, contribuam e sejam inseridas no Plano Nacional de Desenvolvimento Econ\u00f4mico e Social. E por isso, com o interc\u00e2mbio com o setor n\u00e3o-estatal, com o interc\u00e2mbio com o setor empresarial cubano, estamos agora atualizando todo um conjunto de normas para que isso funcione de forma mais coerente e realmente impulsione a economia do pa\u00eds a partir da contribui\u00e7\u00e3o do Estado e da contribui\u00e7\u00e3o do setor n\u00e3o-estatal. Aqui tamb\u00e9m estamos insistindo que muitas dessas empresas s\u00e3o formadas com base no conceito de empresas de alta tecnologia e empresas inovadoras, e podemos t\u00ea-las no setor estatal, porque uma das caracter\u00edsticas das MPMEs, sejam elas estatais ou privadas, \u00e9 que s\u00e3o empresas que, por sua concep\u00e7\u00e3o, por sua forma de operar, se adaptam mais rapidamente \u00e0s mudan\u00e7as e t\u00eam mais capacidade de inova\u00e7\u00e3o.<\/p>\n<p>Ignacio Ramonet: Elas tamb\u00e9m s\u00e3o menores.<\/p>\n<p>Miguel M. D\u00edaz-Canel: S\u00e3o menores, operam de forma mais flex\u00edvel e, portanto, as contribui\u00e7\u00f5es e a din\u00e2mica que podem trazer para a economia s\u00e3o muito importantes.<\/p>\n<p>Ignacio Ramonet: O senhor acha que esse setor continuar\u00e1 se expandindo?<\/p>\n<p>Miguel M. D\u00edaz-Canel: Acho que esse setor continuar\u00e1 se expandindo, continuar\u00e1 fazendo parte de nossa rede de atores econ\u00f4micos e ser\u00e1 um setor que n\u00e3o ser\u00e1 inimigo da Revolu\u00e7\u00e3o; \u00e9 um setor que contribuir\u00e1, porque, al\u00e9m disso, \u00e9 um setor que foi criado sob as condi\u00e7\u00f5es da Revolu\u00e7\u00e3o. Embora haja uma tentativa muito direta, como sabemos, do governo dos Estados Unidos de tentar transformar esse setor em um setor de oposi\u00e7\u00e3o \u00e0 Revolu\u00e7\u00e3o. Agora h\u00e1 uma enorme contradi\u00e7\u00e3o: h\u00e1 senadores, congressistas, formadores de opini\u00e3o nos Estados Unidos que dizem que n\u00e3o devemos apoiar o setor estatal, mas que devemos investir nele para transformar as MPMEs em agentes de mudan\u00e7a. H\u00e1 outros que dizem que as MPMEs, como s\u00e3o criaturas do Estado cubano para conseguir uma certa fachada, devem ser cortadas. Em Cuba, elas fazem parte de um tecido empresarial necess\u00e1rio para continuar avan\u00e7ando na constru\u00e7\u00e3o socialista, envolvidas e comprometidas com o Plano Nacional de Desenvolvimento Econ\u00f4mico e Social, e est\u00e3o atentas para que n\u00e3o haja distor\u00e7\u00f5es nessa empreitada.<\/p>\n<p>Ignacio Ramonet: Presidente, vamos falar sobre a Covid-19, embora o senhor tenha dito algumas palavras importantes anteriormente; mas lembremos que Cuba, gra\u00e7as a seus cientistas, gra\u00e7as a suas ind\u00fastrias biofarmac\u00eauticas, foi um dos poucos pa\u00edses do mundo que conseguiu vacinar toda a sua popula\u00e7\u00e3o com suas pr\u00f3prias vacinas, um feito excepcional no contexto, sobretudo, de um pa\u00eds sob bloqueio e com recursos limitados. Que li\u00e7\u00f5es o senhor aprendeu com essa crise? Tamb\u00e9m \u00e9 importante: que novas contribui\u00e7\u00f5es Cuba poderia fazer ao mundo em termos de sa\u00fade?<\/p>\n<p>Miguel M. D\u00edaz-Canel: Ramonet, primeiro acho que temos que falar sobre o fato de que o mundo foi abalado pela Covid-19 e que o mundo deve aprender li\u00e7\u00f5es com a Covid-19. Acredito que a primeira li\u00e7\u00e3o que o mundo deve aprender com a Covid-19 \u00e9 que mais recursos, mais financiamento e mais dinheiro devem ser dedicados para alcan\u00e7ar sistemas de sa\u00fade poderosos em todos os pa\u00edses. P\u00fablico, resiliente e para todos e n\u00e3o para uma minoria. Por outro lado, a coopera\u00e7\u00e3o internacional sobre a Covid-19 \u00e9 importante e n\u00e3o ego\u00edsta. Eu, talvez de forma um pouco idealista \u2013 isso tem a ver com as convic\u00e7\u00f5es de cada um, com a forma\u00e7\u00e3o dentro da Revolu\u00e7\u00e3o \u2013 esperava que depois da Covid-19 o mundo fosse mais solid\u00e1rio, o mundo cooperasse mais, o mundo se complementasse melhor, e aconteceu o contr\u00e1rio: o mundo entrou em guerra, aumentou as san\u00e7\u00f5es, os bloqueios, a constru\u00e7\u00e3o de muros para resolver problemas internacionais.<\/p>\n<p>Ignacio Ramonet: Discursos de \u00f3dio, a extrema direita.<\/p>\n<p>Miguel M. D\u00edaz-Canel: Discurso de \u00f3dio, toda a quest\u00e3o das redes sociais, onde h\u00e1 assassinatos de reputa\u00e7\u00e3o, bullying, maldade, mentiras, cal\u00fanias e, acima de tudo, o que voc\u00ea destacou: esse discurso de \u00f3dio, esse discurso vulgar, esse discurso banal que n\u00e3o ajuda a melhorar as rela\u00e7\u00f5es internacionais. Isso nos mostra que precisamos de uma Nova Ordem Econ\u00f4mica Internacional que seja inclusiva, que garanta a equidade e que seja justa. Isso mostra solidariedade, que \u00e9 o oposto da atual Ordem Econ\u00f4mica Internacional. O que aprendemos com a Covid-19? Uma primeira li\u00e7\u00e3o tem a ver com as li\u00e7\u00f5es que aprendemos com o general-de-ex\u00e9rcito Ra\u00fal Castro. A Covid-19 estava correndo o mundo, as primeiras not\u00edcias da Covid-19 j\u00e1 estavam come\u00e7ando a sair, ainda n\u00e3o havia nenhum caso em Cuba \u2013 estamos falando de janeiro de 2020 \u2013 e o general-de-ex\u00e9rcito nos disse: temos que estudar imediatamente o que est\u00e1 acontecendo no mundo e preparar um plano nacional para enfrentar a epidemia. Em outras palavras, aprendemos que t\u00ednhamos de ter a capacidade de elaborar um programa de trabalho abrangente ou uma estrat\u00e9gia para enfrentar a Covid-19 que envolvesse todas as institui\u00e7\u00f5es do Estado, as institui\u00e7\u00f5es sociais, o setor n\u00e3o-estatal da economia, para que, como pa\u00eds, pud\u00e9ssemos assumir um plano\/pa\u00eds que nos permitisse avan\u00e7ar e preparar as condi\u00e7\u00f5es para enfrentar essa situa\u00e7\u00e3o. Essa \u00e9 a primeira li\u00e7\u00e3o, porque foi por meio desse plano, por meio dessa estrat\u00e9gia, que conseguimos nos antecipar \u00e0 situa\u00e7\u00e3o.<\/p>\n<p>Ignacio Ramonet: Voc\u00eas come\u00e7aram, at\u00e9 certo ponto, antes de a Covid-19 se espalhar pelo mundo.<\/p>\n<p>Miguel M. D\u00edaz-Canel: Preparar-nos antes da chegada do primeiro caso. Isso significou treinar nosso pessoal nas experi\u00eancias que existiam no mundo, estudar a doen\u00e7a e outras coisas que vou lhe explicar agora, que tamb\u00e9m s\u00e3o experi\u00eancias e que resultam disso; mas o conceito que mais engloba o que fizemos e o aprendizado \u00e9 a vis\u00e3o do general-de-ex\u00e9rcito, que disse: preparar uma estrat\u00e9gia, preparar um programa, preparar um plano para enfrentar a doen\u00e7a. Em segundo lugar, a coopera\u00e7\u00e3o internacional. Enviamos imediatamente brigadas m\u00e9dicas cubanas para mais de 46 pa\u00edses, onde, na \u00e9poca, em alguns deles, estava o epicentro da doen\u00e7a. Na It\u00e1lia, por exemplo, na Lombardia. Isso nos permitiu apoiar essas pessoas, ajudar, cooperar. Mas tamb\u00e9m aprendemos, aprendemos! Lembro que t\u00ednhamos a pr\u00e1tica de, sempre que uma brigada retornava, nos reunirmos com ela e ela nos trazia todas as experi\u00eancias, e incorpor\u00e1vamos todas essas experi\u00eancias ao plano.<\/p>\n<p>Em terceiro lugar, desenvolver uma rede de laborat\u00f3rios de pesquisa molecular, laborat\u00f3rios de biologia molecular, que se tornam elementos importantes para poder processar todas as amostras, que, nos casos dessas epidemias, s\u00e3o maci\u00e7as em determinado momento, especialmente quando h\u00e1 picos pand\u00eamicos; mas quando n\u00e3o h\u00e1 picos pand\u00eamicos, elas se tornam a possibilidade de ter refer\u00eancias, dados com amostras para conhecer os n\u00edveis de dissemina\u00e7\u00e3o da doen\u00e7a. O papel da epidemiologia como ci\u00eancia dentro do sistema de sa\u00fade, porque muitas dessas doen\u00e7as tamb\u00e9m devem ser confrontadas com conceitos&#8230; Uma l\u00f3gica epidemiol\u00f3gica: como cortar a transmiss\u00e3o, como evit\u00e1-la, como trabalhar; o trabalho integral de todas as organiza\u00e7\u00f5es da sociedade e, em particular, o v\u00ednculo, no caso cubano, do Sistema de Sa\u00fade \u2013 que \u00e9 um sistema robusto, temos que dizer, em meio \u00e0 situa\u00e7\u00e3o atual, observe que estamos enfrentando a Covid-19, como eu estava dizendo, em meio ao bloqueio intensificado e j\u00e1 inclu\u00eddo na lista de pa\u00edses patrocinadores do terrorismo, a vincula\u00e7\u00e3o e a coordena\u00e7\u00e3o do Sistema de Sa\u00fade com o \u00f3rg\u00e3o regulador cubano de medicamentos, o Cecmed, e com a ind\u00fastria biofarmac\u00eautica, porque isso reduz os prazos para os testes cl\u00ednicos, fornece capacidade para os testes cl\u00ednicos, fornece a capacidade para testes cl\u00ednicos, a capacidade de gerar novos medicamentos ou de propor o uso de medicamentos existentes para aperfei\u00e7oar os protocolos de tratamento da doen\u00e7a. O Sistema de Gest\u00e3o baseado em Ci\u00eancia e Inova\u00e7\u00e3o. Esse foi um papel fundamental, sistematizamos uma reuni\u00e3o, que ainda temos, todas as ter\u00e7as-feiras \u00e0s duas ou tr\u00eas da tarde, geralmente, com especialistas, cientistas e institui\u00e7\u00f5es que trabalhavam no combate \u00e0 Covid-19, de onde saiu todo um grupo de pesquisas cient\u00edficas. Havia um programa de mais de mil pesquisas cient\u00edficas, t\u00f3picos de pesquisa cient\u00edfica, avalia\u00e7\u00e3o dos resultados dessas pesquisas, e da\u00ed surgiu a gera\u00e7\u00e3o de nossas vacinas. Lembro-me de que, quando come\u00e7amos a ter o pico da pandemia com a cepa Delta, e vimos que os mecanismos de distribui\u00e7\u00e3o de vacinas no mundo eram totalmente desiguais e favoreciam os ricos e n\u00e3o os pobres&#8230;<\/p>\n<p>Ignacio Ramonet: Al\u00e9m disso, elas tinham de ser compradas.<\/p>\n<p>Miguel M. D\u00edaz-Canel: Era preciso compr\u00e1-las e pedimos aos nossos cientistas: \u00abPrecisamos de vacinas cubanas para ter soberania e lidar com isso\u00bb. E tr\u00eas meses depois t\u00ednhamos a primeira vacina candidata, e ent\u00e3o conhecemos a hist\u00f3ria: cinco vacinas candidatas, hoje tr\u00eas s\u00e3o vacinas que foram bem testadas quanto \u00e0 efici\u00eancia e efic\u00e1cia; outras duas ainda est\u00e3o em testes cl\u00ednicos, e ser\u00e3o vacinas muito promissoras, e desde que come\u00e7amos a aplicar&#8230;. Ah, e essa \u00e9 outra li\u00e7\u00e3o: voc\u00ea pode ter a capacidade de gerar vacinas, o que n\u00e3o \u00e9 muito comum, n\u00e3o mais do que dez pa\u00edses conseguiram gerar suas vacinas, nenhum deles no Sul. Houve pot\u00eancias que n\u00e3o conseguiram, e n\u00f3s compartilhamos e transferimos essa tecnologia para outros pa\u00edses e a compartilhamos com outras na\u00e7\u00f5es. \u00c9 ter a capacidade de fabricar suas pr\u00f3prias vacinas, mas ter a capacidade de realizar uma campanha de vacina\u00e7\u00e3o em massa em um curto espa\u00e7o de tempo. Aplicamos 40 milh\u00f5es de doses de vacinas em menos de dois anos e, para isso, \u00e9 preciso ter um sistema organizado em n\u00edvel social, em n\u00edvel comunit\u00e1rio, porque a vacina\u00e7\u00e3o n\u00e3o era feita apenas em policl\u00ednicas, havia institui\u00e7\u00f5es como escolas onde as cl\u00ednicas de vacina\u00e7\u00e3o eram quase organizadas e onde o pessoal de sa\u00fade estava presente, mas junto com as institui\u00e7\u00f5es sociais para realizar a vacina\u00e7\u00e3o.<\/p>\n<p>Ignacio Ramonet: E isso ocorreu em meio \u00e0 intensifica\u00e7\u00e3o do bloqueio que o senhor descreveu anteriormente.<\/p>\n<p>Miguel M. D\u00edaz-Canel: H\u00e1 uma informa\u00e7\u00e3o que eu n\u00e3o tenho, acho que era imposs\u00edvel calcular nessas condi\u00e7\u00f5es. Quando vi e estudei \u2013 naquela \u00e9poca estud\u00e1vamos muito o que estava acontecendo no mundo com a Covid-19 \u2013 os bilh\u00f5es que eram dados \u00e0s empresas farmac\u00eauticas para desenvolver pesquisas, garanto que n\u00e3o pod\u00edamos dar nem mais de 50 milh\u00f5es \u00e0s nossas institui\u00e7\u00f5es cient\u00edficas. \u00c9 claro que voc\u00ea me poderia dizer: \u00abIsso n\u00e3o pode ser\u00bb, h\u00e1 o que eu estava explicando antes, todo o conhecimento. Todo o desenvolvimento anterior que foi o produto da ideia vision\u00e1ria do Comandante-em-chefe, que depois passou por uma transforma\u00e7\u00e3o quando o general-de-ex\u00e9rcito estava \u00e0 frente do pa\u00eds, o que tinha sido um sistema or\u00e7ament\u00e1rio do Polo Cient\u00edfico tamb\u00e9m se tornou um poderoso sistema de neg\u00f3cios de c\u00edrculo fechado para a produ\u00e7\u00e3o de medicamentos e, em particular, de medicamentos biotecnol\u00f3gicos. Se n\u00e3o tiv\u00e9ssemos tido toda essa prepara\u00e7\u00e3o, n\u00e3o ter\u00edamos conseguido lidar com isso, e as vacinas salvaram o pa\u00eds! Quando vacinamos mais de 60% da popula\u00e7\u00e3o com uma \u00fanica dose, o pico da pandemia caiu imediatamente. Depois que abrimos as fronteiras do pa\u00eds, entrou a cepa Omicron, que no mundo causou picos pand\u00eamicos mais altos, em Cuba um ter\u00e7o do pico pand\u00eamico anterior e durou apenas duas ou tr\u00eas semanas, porque o n\u00edvel de imunidade que nosso povo tinha com os efeitos da vacina j\u00e1 era alto. Portanto, essas s\u00e3o outras li\u00e7\u00f5es aprendidas. O papel das ci\u00eancias sociais, porque quando voc\u00ea enfrenta um problema como uma epidemia&#8230;<\/p>\n<p>Ignacio Ramonet: A Covid-19, a mesma epidemia.<\/p>\n<p>Miguel M. D\u00edaz-Canel: Que n\u00e3o se pode ver apenas como um problema de sa\u00fade, h\u00e1 efeitos psicol\u00f3gicos, a sociedade se move de forma diferente, em outras condi\u00e7\u00f5es, em condi\u00e7\u00f5es de isolamento ou distanciamento f\u00edsico, como se atende \u00e0s pessoas com menos possibilidades, que s\u00e3o mais vulner\u00e1veis. Tudo isso levou a propostas. Tudo isso levou a an\u00e1lises e propostas das ci\u00eancias sociais, que foram integradas a todo o sistema. Informa\u00e7\u00f5es honestas, claras, oportunas e sistem\u00e1ticas. Todos os dias havia um espa\u00e7o em nossa m\u00eddia onde at\u00e9 mesmo um de nossos mais brilhantes epidemiologistas se tornava um l\u00edder de opini\u00e3o. Todos os dias ele explicava o que estava acontecendo, quantas mortes havia, quantas interna\u00e7\u00f5es havia, como as taxas estavam aumentando ou diminuindo e como eram os comportamentos.<\/p>\n<p>Ignacio Ramonet: Cuba demonstrou ou confirmou naquele momento que, apesar de todas as dificuldades de que falamos aqui, era uma pot\u00eancia no campo da sa\u00fade. Que an\u00fancios o senhor poderia fazer \u00e0 humanidade sobre as contribui\u00e7\u00f5es que os cientistas cubanos poderiam anunciar?<\/p>\n<p>Miguel M. D\u00edaz-Canel: No momento, com base no que aprendemos, o que propusemos? Elaboramos um comp\u00eandio de experi\u00eancias e li\u00e7\u00f5es aprendidas e estamos elaborando um exerc\u00edcio, que vamos realizar em n\u00edvel nacional, para incluir essas li\u00e7\u00f5es aprendidas em nosso sistema de sa\u00fade. Em segundo lugar, o programa est\u00e1 sendo defendido, e j\u00e1 foi apresentado nessas mesmas reuni\u00f5es que realizamos sistematicamente, com o conceito de sa\u00fade \u00fanica, que vincula todos os aspectos de diagn\u00f3stico, tratamento de emerg\u00eancia e an\u00e1lise integral das doen\u00e7as. Entre as li\u00e7\u00f5es aprendidas, h\u00e1 coisas que confirmaram nossas ideias, por exemplo, o papel do atendimento prim\u00e1rio, tamb\u00e9m concebido por Fidel com o conceito de M\u00e9dico da fam\u00edlia. A Covid-19 confirmou a utilidade do atendimento prim\u00e1rio, e agora estamos atualizando no atendimento prim\u00e1rio os aprendizados da Covid-19. Continuamos desenvolvendo a capacidade de diagn\u00f3stico. Al\u00e9m de usarmos os PCRs, na \u00e9poca da Covid-19, come\u00e7amos a desenvolver com nossas institui\u00e7\u00f5es cient\u00edficas nossos pr\u00f3prios mecanismos e t\u00e9cnicas de diagn\u00f3stico, que eles tamb\u00e9m apoiaram. Continuamos e podemos compartilhar com o mundo os estudos sobre as consequ\u00eancias da Covid-19. A quest\u00e3o n\u00e3o era apenas combater a doen\u00e7a, n\u00e3o era apenas salvar vidas, era como garantir a qualidade de vida para aqueles que eram pacientes com a Covid-19, e h\u00e1 um grupo de pesquisadores.<\/p>\n<p>Ignacio Ramonet: Aqueles que sobreviveram \u00e0 doen\u00e7a.<\/p>\n<p>Miguel M. D\u00edaz-Canel: Mantivemos o desenvolvimento do sistema de ci\u00eancia e inova\u00e7\u00e3o que aplicamos na Covid-19, e \u00e9 por isso que realizamos reuni\u00f5es semanais para analisar e atualizar determinados t\u00f3picos. Gostaria de dizer que h\u00e1 avan\u00e7os importantes, chegar\u00e1 o momento de anunci\u00e1-los, vamos aguardar os resultados cl\u00ednicos; mas h\u00e1 avan\u00e7os importantes no estudo de muitas doen\u00e7as e, sobretudo, de solu\u00e7\u00f5es terap\u00eauticas com medicamentos biotecnol\u00f3gicos e t\u00e9cnicas avan\u00e7adas para doen\u00e7as, para diferentes tipos de c\u00e2ncer. Estamos trabalhando \u2013 nossa popula\u00e7\u00e3o envelheceu \u2013 no Alzheimer, Parkinson, estudos sobre um grupo importante de doen\u00e7as degenerativas, ou seja, h\u00e1 uma ampla gama de resultados cient\u00edficos que, acredito, ter\u00e3o repercuss\u00f5es em n\u00edvel nacional para continuar fortalecendo a qualidade da sa\u00fade cubana, mas tamb\u00e9m em n\u00edvel internacional. Neste momento, com as licen\u00e7as concedidas pelo governo dos Estados Unidos como parte do endurecimento do bloqueio, estamos realizando dois importantes testes cl\u00ednicos em parceria com institui\u00e7\u00f5es norte-americanas: Um deles \u00e9 uma vacina contra o c\u00e2ncer de pulm\u00e3o, que j\u00e1 testamos em Cuba, com resultados muito bons, e recentemente foi autorizado um teste cl\u00ednico com o medicamento Heberprot-P, que \u00e9 um medicamento que ajuda as pessoas que sofrem de diabetes, o tratamento de \u00falceras do p\u00e9 diab\u00e9tico, em n\u00edveis impressionantes, como cura as \u00falceras do p\u00e9 diab\u00e9tico e evita uma das coisas mais desagrad\u00e1veis para uma pessoa, que \u00e9 a amputa\u00e7\u00e3o. Hoje, no mundo, uma amputa\u00e7\u00e3o custa milhares de d\u00f3lares em qualquer pa\u00eds e, al\u00e9m disso, h\u00e1 muitos pacientes com diabetes, muitos pacientes cuja solu\u00e7\u00e3o para a progress\u00e3o dessa doen\u00e7a \u00e9, infelizmente, a amputa\u00e7\u00e3o. Esses tamb\u00e9m s\u00e3o resultados importantes.<\/p>\n<p>Ignacio Ramonet: Acho que essas palavras v\u00e3o ser muito comentadas, ou seja, v\u00e3o dar muita esperan\u00e7a a muitas pessoas no mundo, e esperemos que a ci\u00eancia cubana possa alcan\u00e7ar esses resultados, presidente.<\/p>\n<p>Miguel M. D\u00edaz-Canel: Que a ci\u00eancia cubana possa desvendar esses mist\u00e9rios. E tamb\u00e9m estamos trabalhando na pesquisa de uma vacina contra a dengue. Aqui estamos trabalhando em uma vacina, h\u00e1 cerca de quatro cepas, h\u00e1 v\u00e1rias cepas de dengue, que n\u00e3o funciona em apenas uma cepa, mas em todos os tipos de dengue que existem.<\/p>\n<p>Ignacio Ramonet: Excelente! Presidente, a \u00faltima pergunta deste bloco sobre economia e tecnologia. O senhor \u00e9 um defensor do uso da tecnologia, e todos n\u00f3s sabemos que a tecnologia, a intelig\u00eancia artificial e a digitaliza\u00e7\u00e3o est\u00e3o transformando nossas sociedades. O senhor tem se empenhado particularmente na informatiza\u00e7\u00e3o da sociedade cubana. Poderia nos dizer como esse projeto est\u00e1 progredindo e o que a informatiza\u00e7\u00e3o da sociedade est\u00e1 trazendo para os cidad\u00e3os cubanos?<\/p>\n<p>Miguel M. D\u00edaz-Canel: Definimos tr\u00eas prioridades para a gest\u00e3o governamental, que s\u00e3o: primeiro, a informatiza\u00e7\u00e3o da sociedade, que agora avan\u00e7amos no conceito e o mudamos para Transforma\u00e7\u00e3o Digital da Sociedade, parece a mesma coisa, mas n\u00e3o \u00e9 a mesma coisa, a quest\u00e3o n\u00e3o \u00e9 apenas levar tudo para as plataformas digitais, mas ter um conceito de vida e uma maneira de agir de forma digital. Em outras palavras, defendemos a transforma\u00e7\u00e3o digital como um pilar da gest\u00e3o governamental, juntamente com a ci\u00eancia e a inova\u00e7\u00e3o e a comunica\u00e7\u00e3o social. Esses s\u00e3o os tr\u00eas pilares do governo e est\u00e3o intimamente relacionados. Observe que um dos elementos que destaquei como experi\u00eancia de aprendizado foi a comunica\u00e7\u00e3o social ou institucional que ocorreu com a Covid-19. Portanto, eu diria que a transforma\u00e7\u00e3o digital da sociedade \u00e9 uma realidade. Temos 7,7 milh\u00f5es de pessoas registradas com telefonia m\u00f3vel e cerca de 8 milh\u00f5es acessando a Internet, expandimos as redes m\u00f3veis, embora ainda precisemos obter mais cobertura, o que tamb\u00e9m tem a ver com o fato de que \u00e9 preciso investir em tecnologia e todos esses problemas, mas conseguimos manter um n\u00edvel. Hoje estamos acima da m\u00e9dia mundial. Houve um debate muito atual sobre as quest\u00f5es de transforma\u00e7\u00e3o digital, intelig\u00eancia artificial e economia digital. Como parte desse debate, h\u00e1 alguns anos, fundamos a Uni\u00e3o de Cientistas da Computa\u00e7\u00e3o de Cuba, onde todas as pessoas e especialistas nessas quest\u00f5es se re\u00fanem e onde tamb\u00e9m se promove muito debate, bem como meios para apoiar os processos de transforma\u00e7\u00e3o digital.<\/p>\n<p>Nas pr\u00f3ximas semanas, a atualiza\u00e7\u00e3o da Pol\u00edtica de Transforma\u00e7\u00e3o Digital do Pa\u00eds, a Agenda Digital do Pa\u00eds e a Pol\u00edtica de Uso da Intelig\u00eancia Artificial ser\u00e3o apresentadas ao Conselho de Ministros, aqui com uma abordagem hol\u00edstica, ou seja, n\u00e3o vemos a intelig\u00eancia artificial apenas pelos resultados que ela pode nos dar nos processos produtivos de servi\u00e7os \u00e0 popula\u00e7\u00e3o em termos de efici\u00eancia, mas tamb\u00e9m nos aspectos \u00e9ticos e em todo um grupo de elementos que devem ser levados em conta em torno da intelig\u00eancia artificial. Estamos trazendo a transforma\u00e7\u00e3o digital e tamb\u00e9m traremos a contribui\u00e7\u00e3o da intelig\u00eancia artificial para as seguintes \u00e1reas: para a \u00e1rea do setor produtivo de bens e servi\u00e7os, porque a transforma\u00e7\u00e3o digital e a intelig\u00eancia artificial podem nos ajudar muito a alcan\u00e7ar efici\u00eancia nos processos produtivos e de servi\u00e7os, principalmente quando temos que enfrentar uma din\u00e2mica demogr\u00e1fica em que o pa\u00eds est\u00e1 ficando cada vez mais velho, portanto, temos que tornar nossos processos produtivos e de servi\u00e7os mais eficientes, para que com menos pessoas tenhamos mais produtividade para atender a maioria das pessoas, e \u00e9 por isso que a automa\u00e7\u00e3o, a informatiza\u00e7\u00e3o e a digitaliza\u00e7\u00e3o s\u00e3o ferramentas que d\u00e3o um bom resultado.<\/p>\n<p>A digitaliza\u00e7\u00e3o tamb\u00e9m foi aplicada \u00e0 administra\u00e7\u00e3o p\u00fablica, pois um elemento importante no qual estamos desenvolvendo a transforma\u00e7\u00e3o digital \u00e9 o governo eletr\u00f4nico, a intera\u00e7\u00e3o dos cidad\u00e3os com todas as atividades do governo, o que tamb\u00e9m garante maiores espa\u00e7os para a participa\u00e7\u00e3o dos cidad\u00e3os na gest\u00e3o do governo. Conseguimos, por exemplo, que todos os munic\u00edpios do pa\u00eds, todas as prov\u00edncias, todos os minist\u00e9rios e a maioria das institui\u00e7\u00f5es tenham portais digitais ou plataformas da Web com os quais interagem com a popula\u00e7\u00e3o. Nos \u00faltimos tempos, os projetos de lei que foram apresentados \u00e0 Assembleia Nacional para aprova\u00e7\u00e3o foram colocados em plataformas digitais, os crit\u00e9rios da popula\u00e7\u00e3o foram reunidos com intera\u00e7\u00e3o, e isso nos levou \u00e0 Assembleia Nacional com modifica\u00e7\u00f5es que fortalecem e aperfei\u00e7oam esse processo de cria\u00e7\u00e3o de regulamentos.<br \/>\nEm breve o tornaremos p\u00fablico, est\u00e1 pronto, os resultados finais est\u00e3o sendo alcan\u00e7ados, vamos apresentar o Portal do Cidad\u00e3o Cubano. Ser\u00e1 uma plataforma onde os cidad\u00e3os cubanos poder\u00e3o construir seu perfil e acessar uma infinidade de procedimentos muito importantes sem ter que passar por escrit\u00f3rios, sem papel, e isso facilitar\u00e1 muito suas vidas.<\/p>\n<p>Na verdade, muitos desses procedimentos j\u00e1 est\u00e3o nas plataformas de determinadas organiza\u00e7\u00f5es e institui\u00e7\u00f5es, mas agora voc\u00ea ter\u00e1 a possibilidade de todos esses procedimentos em uma \u00fanica plataforma com o seu perfil e, al\u00e9m disso, muitas informa\u00e7\u00f5es para a popula\u00e7\u00e3o como parte disso; voc\u00ea pode pesquisar quaisquer d\u00favidas que possa ter sobre um processo, um procedimento, uma lei, um problema espec\u00edfico, voc\u00ea pode trabalhar neles, e ser\u00e1 outro salto nisso. Estamos apoiando todo esse processo de transforma\u00e7\u00e3o digital e o uso da intelig\u00eancia artificial com o desenvolvimento da seguran\u00e7a cibern\u00e9tica, para evitar ataques cibern\u00e9ticos, para ter seguran\u00e7a em todas essas plataformas. De uma forma muito criativa, e essas s\u00e3o coisas que nos impressionam constantemente, especialmente a atividade dos jovens, nosso pa\u00eds tem hoje todo um conjunto de aplicativos de computador, de aplicativos m\u00f3veis desenvolvidos localmente por cubanos, que funcionam perfeitamente, temos at\u00e9 uma variante em nossa loja, que \u00e9 um aplicativo chamado Apklis, onde voc\u00ea pode baixar aplicativos cubanos e aplicativos de outros lugares, mas eles est\u00e3o l\u00e1, h\u00e1 v\u00e1rios aplicativos cubanos, muitos deles est\u00e3o se tornando uma refer\u00eancia para a popula\u00e7\u00e3o. Temos sistemas operacionais cubanos, temos projetos e produ\u00e7\u00f5es que ainda s\u00e3o limitados devido aos problemas de financiamento, de equipamentos de inform\u00e1tica cubanos, laptops, tablets, PCs.<\/p>\n<p>Ignacio Ramonet: H\u00e1 a robotiza\u00e7\u00e3o.<\/p>\n<p>Miguel M. D\u00edaz-Canel: Tamb\u00e9m temos experi\u00eancias de robotiza\u00e7\u00e3o. Um exemplo disso \u00e9 a Covid-19. Quando a Covid-19 quer\u00edamos expandir as salas de tratamento intensivo para evitar o colapso dos hospitais, toda vez que \u00edamos a uma empresa para comprar ventiladores pulmonares, eles nos recusavam por causa das leis de bloqueio. Entregamos a tarefa a um grupo de jovens cientistas de uma de nossas institui\u00e7\u00f5es, e os prot\u00f3tipos foram feitos e hoje j\u00e1 s\u00e3o ventiladores pulmonares de alto desempenho, com n\u00edveis de digitaliza\u00e7\u00e3o, eu lhes digo, brilhantes, excelentes. Seu uso e sua qualidade foram confirmados pelos melhores especialistas em tratamento intensivo e anestesia de nosso pa\u00eds, por pessoal m\u00e9dico altamente qualificado, e eu lhe digo que esse \u00e9 outro dos orgulhos que se sente como cubano, que se exige algo de nosso pessoal cient\u00edfico, inclusive dos jovens, e que h\u00e1 respostas imediatas, mas respostas altas, ou seja, respostas que est\u00e3o no n\u00edvel de qualquer desenvolvimento internacional.<\/p>\n<p>Ignacio Ramonet: O senhor est\u00e1 desenvolvendo seus pr\u00f3prios aplicativos para intelig\u00eancia artificial?<\/p>\n<p>Miguel M. D\u00edaz-Canel: Sim, temos nossas pr\u00f3prias plataformas que est\u00e3o sendo desenvolvidas, nossos pr\u00f3prios aplicativos, nossos pr\u00f3prios projetos para incorpor\u00e1-los aos processos de produ\u00e7\u00e3o e servi\u00e7os. Tamb\u00e9m fizemos a aquisi\u00e7\u00e3o de computadores qu\u00e2nticos e isso passa por todos esses problemas, mas temos a prepara\u00e7\u00e3o. Temos a prepara\u00e7\u00e3o, temos especialistas treinados, h\u00e1 todo um n\u00edvel de conhecimento, atualiza\u00e7\u00e3o e interc\u00e2mbio internacional. Agora, quando est\u00e1vamos no anivers\u00e1rio da ALBA e na C\u00fapula da ALBA na Venezuela, foi levantada a necessidade de criar plataformas que integrassem a Am\u00e9rica Latina e o Caribe, os pa\u00edses da ALBA, em rela\u00e7\u00e3o \u00e0 quest\u00e3o da digitaliza\u00e7\u00e3o e da intelig\u00eancia artificial.<br \/>\nModestamente, dissemos que est\u00e1vamos dispostos a cooperar com os desenvolvimentos que temos no pa\u00eds. Unidades de ensino, treinamento, participa\u00e7\u00e3o em projetos conjuntos; tamb\u00e9m disponibilizando nossos aplicativos para outros pa\u00edses. Essa \u00e9 uma das coisas que j\u00e1 est\u00e1 surtindo efeito.<br \/>\nIniciamos um processo de bancariza\u00e7\u00e3o, ou seja, a digitaliza\u00e7\u00e3o do sistema banc\u00e1rio cubano, que tem a ver com essas coisas que estamos alcan\u00e7ando. Tamb\u00e9m temos muitas aplica\u00e7\u00f5es em sistemas de georreferenciamento de processos, geolocaliza\u00e7\u00e3o de processos; o trabalho de estimativa de safras por meio do uso dessas tecnologias. H\u00e1 um enorme apetite por conhecimento e desenvolvimento entre os jovens cientistas e profissionais cubanos.<\/p>\n<p>Continua em pr\u00f3xima publica\u00e7\u00e3o<\/p>\n","protected":false},"excerpt":{"rendered":"<a class=\"moretag\" href=\"https:\/\/pcb.org.br\/portal2\/31728\"> <\/a>","protected":false},"author":8,"featured_media":0,"comment_status":"closed","ping_status":"closed","sticky":false,"template":"","format":"standard","meta":{"jetpack_post_was_ever_published":false,"_jetpack_newsletter_access":"","_jetpack_dont_email_post_to_subs":false,"_jetpack_newsletter_tier_id":0,"_jetpack_memberships_contains_paywalled_content":false,"_jetpack_memberships_contains_paid_content":false,"footnotes":"","jetpack_publicize_message":"","jetpack_publicize_feature_enabled":true,"jetpack_social_post_already_shared":true,"jetpack_social_options":{"image_generator_settings":{"template":"highway","default_image_id":0,"font":"","enabled":false},"version":2}},"categories":[14,48,242,9,146,47,77],"tags":[228],"class_list":["post-31728","post","type-post","status-publish","format-standard","hentry","category-s16-caribe","category-c58-cuba","category-eipco","category-s10-internacional","category-internacionalismo","category-c57-revolucao-cubana","category-c90-solidariedade-a-cuba","tag-5b"],"jetpack_publicize_connections":[],"jetpack_featured_media_url":"","jetpack_shortlink":"https:\/\/wp.me\/p659gw-8fK","jetpack-related-posts":[],"jetpack_likes_enabled":true,"jetpack_sharing_enabled":true,"_links":{"self":[{"href":"https:\/\/pcb.org.br\/portal2\/wp-json\/wp\/v2\/posts\/31728","targetHints":{"allow":["GET"]}}],"collection":[{"href":"https:\/\/pcb.org.br\/portal2\/wp-json\/wp\/v2\/posts"}],"about":[{"href":"https:\/\/pcb.org.br\/portal2\/wp-json\/wp\/v2\/types\/post"}],"author":[{"embeddable":true,"href":"https:\/\/pcb.org.br\/portal2\/wp-json\/wp\/v2\/users\/8"}],"replies":[{"embeddable":true,"href":"https:\/\/pcb.org.br\/portal2\/wp-json\/wp\/v2\/comments?post=31728"}],"version-history":[{"count":1,"href":"https:\/\/pcb.org.br\/portal2\/wp-json\/wp\/v2\/posts\/31728\/revisions"}],"predecessor-version":[{"id":31730,"href":"https:\/\/pcb.org.br\/portal2\/wp-json\/wp\/v2\/posts\/31728\/revisions\/31730"}],"wp:attachment":[{"href":"https:\/\/pcb.org.br\/portal2\/wp-json\/wp\/v2\/media?parent=31728"}],"wp:term":[{"taxonomy":"category","embeddable":true,"href":"https:\/\/pcb.org.br\/portal2\/wp-json\/wp\/v2\/categories?post=31728"},{"taxonomy":"post_tag","embeddable":true,"href":"https:\/\/pcb.org.br\/portal2\/wp-json\/wp\/v2\/tags?post=31728"}],"curies":[{"name":"wp","href":"https:\/\/api.w.org\/{rel}","templated":true}]}}