{"id":31847,"date":"2024-07-07T22:11:53","date_gmt":"2024-07-08T01:11:53","guid":{"rendered":"https:\/\/pcb.org.br\/portal2\/?p=31847"},"modified":"2024-07-07T22:23:04","modified_gmt":"2024-07-08T01:23:04","slug":"entrevista-de-juan-castillo-pc-uruguai","status":"publish","type":"post","link":"https:\/\/pcb.org.br\/portal2\/31847","title":{"rendered":"Entrevista de Juan Castillo (PC Uruguai)"},"content":{"rendered":"<p><img data-recalc-dims=\"1\" loading=\"lazy\" decoding=\"async\" data-attachment-id=\"31848\" data-permalink=\"https:\/\/pcb.org.br\/portal2\/31847\/juan-castillo-en-el-acto-por-el-103-aniversario-del-partido-comunista-del-uruguay-pcu-en-la-plaza-martires-de-chicago-foto-santiago-mazzarovich-adhocfotos\" data-orig-file=\"https:\/\/i0.wp.com\/pcb.org.br\/portal2\/wp-content\/uploads\/2024\/07\/684-pagina-4.jpg?fit=1200%2C800&amp;ssl=1\" data-orig-size=\"1200,800\" data-comments-opened=\"0\" data-image-meta=\"{&quot;aperture&quot;:&quot;4&quot;,&quot;credit&quot;:&quot;Foto: Santiago Mazzarovich&quot;,&quot;camera&quot;:&quot;NIKON D850&quot;,&quot;caption&quot;:&quot;20231021 \/ Santiago Mazzarovich \/ adhocFOTOS \/ URUGUAY \/ MONTEVIDEO \/ Acto por el 103 aniversario del Partido Comunista del Uruguay en la Plaza M\\u00e1rtires de Chicago.\\n\\nEn la foto: Juan Castillo en el acto por el 103 aniversario del Partido Comunista del Uruguay (PCU) en la Plaza M\\u00e1rtires de Chicago. Foto: Santiago Mazzarovich \/ adhocFOTOS&quot;,&quot;created_timestamp&quot;:&quot;1697916162&quot;,&quot;copyright&quot;:&quot;Foto: Santiago Mazzarovich \/ adhocFOTOS&quot;,&quot;focal_length&quot;:&quot;200&quot;,&quot;iso&quot;:&quot;400&quot;,&quot;shutter_speed&quot;:&quot;0.0025&quot;,&quot;title&quot;:&quot;Juan Castillo en el acto por el 103 aniversario del Partido Comunista del Uruguay (PCU) en la Plaza M\\u00e1rtires de Chicago. Foto: Santiago Mazzarovich \/ adhocFOTOS&quot;,&quot;orientation&quot;:&quot;0&quot;}\" data-image-title=\"Juan Castillo en el acto por el 103 aniversario del Partido Comunista del Uruguay (PCU) en la Plaza M\u00e1rtires de Chicago. Foto: Santiago Mazzarovich \/ adhocFOTOS\" data-image-description=\"\" data-image-caption=\"&lt;p&gt;20231021 \/ Santiago Mazzarovich \/ adhocFOTOS \/ URUGUAY \/ MONTEVIDEO \/ Acto por el 103 aniversario del Partido Comunista del Uruguay en la Plaza M\u00e1rtires de Chicago.&lt;\/p&gt;\n&lt;p&gt;En la foto: Juan Castillo en el acto por el 103 aniversario del Partido Comunista del Uruguay (PCU) en la Plaza M\u00e1rtires de Chicago. Foto: Santiago Mazzarovich \/ adhocFOTOS&lt;\/p&gt;\n\" data-large-file=\"https:\/\/i0.wp.com\/pcb.org.br\/portal2\/wp-content\/uploads\/2024\/07\/684-pagina-4.jpg?fit=747%2C498&amp;ssl=1\" class=\"size-large wp-image-31848\" src=\"https:\/\/i0.wp.com\/pcb.org.br\/portal2\/wp-content\/uploads\/2024\/07\/684-pagina-4.jpg?resize=747%2C498&#038;ssl=1\" alt=\"\" width=\"747\" height=\"498\" srcset=\"https:\/\/i0.wp.com\/pcb.org.br\/portal2\/wp-content\/uploads\/2024\/07\/684-pagina-4.jpg?resize=900%2C600&amp;ssl=1 900w, https:\/\/i0.wp.com\/pcb.org.br\/portal2\/wp-content\/uploads\/2024\/07\/684-pagina-4.jpg?resize=300%2C200&amp;ssl=1 300w, https:\/\/i0.wp.com\/pcb.org.br\/portal2\/wp-content\/uploads\/2024\/07\/684-pagina-4.jpg?resize=768%2C512&amp;ssl=1 768w, https:\/\/i0.wp.com\/pcb.org.br\/portal2\/wp-content\/uploads\/2024\/07\/684-pagina-4.jpg?w=1200&amp;ssl=1 1200w\" sizes=\"auto, (max-width: 747px) 100vw, 747px\" \/>\u00a0<!--more--><\/p>\n<p>Ganhar no primeiro turno \u00e9 poss\u00edvel<\/p>\n<p>Victoria Alfaro (Victoria)<\/p>\n<p>EL POPULAR<\/p>\n<p>O POPULAR entrevistou o secret\u00e1rio-geral do Partido Comunista do Uruguai (PCU), Juan Castillo, para fazer uma avalia\u00e7\u00e3o inicial acerca dos resultados das \u00faltimas elei\u00e7\u00f5es internas no Uruguai, a excelente vota\u00e7\u00e3o da Frente Ampla, o crescimento do 1001 e muito mais.<\/p>\n<p>&#8211; Voc\u00ea pode fazer um primeiro balan\u00e7o destas elei\u00e7\u00f5es internas em 30 de Junho, especialmente de como se saiu a Frente Ampla?<\/p>\n<p>A primeira coisa \u00e9 enviar um grande abra\u00e7o a todos os nossos companheiros, a todos aqueles que entregaram sua alma, militando nesse processo de elei\u00e7\u00f5es internas. Vimos o esfor\u00e7o militante sendo realizado pelo nosso partido e nossos aliados, bem como toda a Frente Ampla em todo o pa\u00eds. \u00c9 imposs\u00edvel n\u00e3o reconhecer esse trabalho. Este \u00e9 o capital mais importante da Frente Ampla e, sem d\u00favida, do Partido Comunista, eles s\u00e3o nossos homens e mulheres que, em condi\u00e7\u00f5es desiguais, atuam em todo o nosso pa\u00eds. Em todo o territ\u00f3rio, casa a casa, desafiando o clima, as horas, muitas vezes deixando de lado os problemas de sa\u00fade pessoal e familiar, vimos camaradas que ainda n\u00e3o resolveram o problema do desemprego, que n\u00e3o sabem se, no final do m\u00eas, ter\u00e3o uma renda e n\u00e3o se arrependem ou se lamentam, mas, pelo contr\u00e1rio, d\u00e3o-nos um grande abra\u00e7o e enorme confian\u00e7a. Isso tamb\u00e9m \u00e9 uma grande responsabilidade, ent\u00e3o n\u00e3o posso ignor\u00e1-lo.<\/p>\n<p>Em segundo lugar, \u00e9 preciso reconhecer que houve uma grande vota\u00e7\u00e3o, nada menos do que isso ocorreu no domingo, 30 de junho, desafiando o clima, as f\u00e9rias, a Copa Am\u00e9rica, etc. Um terceiro aspecto a destacar: viemos de elei\u00e7\u00f5es cont\u00ednuas onde a vota\u00e7\u00e3o convocada pela Frente Ampla nas elei\u00e7\u00f5es internas foi numa dire\u00e7\u00e3o decrescente com cada vez menor participa\u00e7\u00e3o do eleitorado, na medida em que em 2019 est\u00e1vamos no ambiente de 260.000 votos. Portanto, com todo esse cen\u00e1rio em que sa\u00edmos em 30 de junho para desafi\u00e1-lo, \u00e9 preciso redobrar a aposta, para gerar as condi\u00e7\u00f5es para poder voltar a esse percentual da vota\u00e7\u00e3o, a fim de crescer e n\u00e3o queremos mud\u00e1-lo. O primeiro resultado desse esfor\u00e7o foi dado, deste trabalho que valorizamos e que h\u00e1 mais de 410 mil eleitores no momento e o Tribunal Eleitoral continua a abrir os votos observados para que possa exceder alguns milhares de votos. Alguns preveem que podemos chegar a 420 mil votos.<\/p>\n<p>Se h\u00e1 motivos para nos alegrar e sermos felizes, ent\u00e3o devemos come\u00e7ar uma an\u00e1lise muito mais rigorosa do que n\u00f3s tamb\u00e9m precisamos fazer. Foi bom trazer de onde viemos, que expectativas t\u00ednhamos e qual foi o resultado, a partir do qual hoje podemos sonhar e colocar agora o conte\u00fado para que seja efetivamente realizado nas urnas no dia 27 de outubro e de que a vit\u00f3ria no primeiro turno \u00e9 poss\u00edvel. Temos condi\u00e7\u00f5es de cumprir este objetivo se o nosso trabalho militante continuar a partir daqui at\u00e9 outubro.<\/p>\n<p><strong>Dentro deste cen\u00e1rio, como foi a vota\u00e7\u00e3o na lista 1001?<\/strong><\/p>\n<p>Temos tamb\u00e9m um agregado extra que \u00e9 o nosso voto e como ele estava influenciando. Primeiro, vamos tamb\u00e9m saudar toda a Frente Ampla aqui como ela cresceu e trabalhou, nossos camaradas que acompanharam a candidatura de Yamand\u00fa Orsi, o qual se tornou o mais votado, acompanhado dos votos do MPP e do 609, embora n\u00e3o s\u00f3. L\u00e1 tamb\u00e9m a For\u00e7a de Renova\u00e7\u00e3o e outras listas que acompanharam a candidatura de Orsi devem receber um grande abra\u00e7o, um grande reconhecimento da contribui\u00e7\u00e3o que eles tiveram para cumprir este objetivo que n\u00f3s mesmos estabelecemos. Em segundo lugar, a nossa pr\u00f3pria campanha, porque acompanhamos a pr\u00e9-candidatura de Carolina Cosse, juntamente com uma vasta gama de setores e grupos, partidos e movimentos, o que nos faz acreditar na verdadeira possibilidade de ter, pela primeira vez na hist\u00f3ria, a primeira candidatura de uma mulher \u00e0 Presid\u00eancia da Rep\u00fablica.<\/p>\n<p>Tem sido uma excelente campanha, foi tudo excelente sair para trabalhar para visitar o pa\u00eds, \u00e0s vezes em condi\u00e7\u00f5es desiguais, pois t\u00ednhamos poucos recursos econ\u00f4micos, mas t\u00ednhamos um esp\u00edrito muito mais militante. Certamente aquela energia com a qual sa\u00edmos a militar fazia parte de nosso modo de ser e sab\u00edamos quais eram as regras do jogo. Ent\u00e3o apostamos na conquista de uma grande vota\u00e7\u00e3o e isso foi dentro do quadro do que t\u00ednhamos previsto no n\u00famero de votos genu\u00ednos, em votos constantes, o que foi amplamente superado pela enorme vota\u00e7\u00e3o da Frente Ampla que descrevemos em primeiro lugar. Prev\u00edamos que poder\u00edamos conquistar 160.000 votos e chegamos assim entre aqueles que v\u00e3o acabar apoiando Carolina, mas n\u00e3o contamos, n\u00e3o previmos mais de 400.000 votos da Frente Ampla que, felizmente, foram obtidos em apoio a esta for\u00e7a pol\u00edtica.<\/p>\n<p>Foi uma avalia\u00e7\u00e3o muito boa tamb\u00e9m a atua\u00e7\u00e3o que outros setores tiveram no apoio \u00e0 candidatura da Carolina, do pr\u00f3prio setor da Cosse, da Lista La Amplia, do Partido Socialista, da Casa Grande, entre outros que votaram muito bem acompanhando Carolina Cosse, e deste modo fa\u00e7o isso por \u00faltimo, para que ningu\u00e9m nos passe recibo ao avaliar o papel da lista 1001.<\/p>\n<p>A partir de nossa express\u00e3o pol\u00edtico-eleitoral, temos que nos defender da forma com que a m\u00eddia nos ataca continuamente sobre a lista do Partido Comunista em que est\u00e3o os comunistas e as comunistas, rebatendo essa campanha subliminar que sempre fazem os anticomunistas em sociedades como a nossa, sabendo que isso tamb\u00e9m fazem parte do jogo pol\u00edtico e midi\u00e1tico existente. Mas, desde 1962, n\u00f3s os comunistas somos membros de uma lista em que se encontram outros setores, uma apresenta\u00e7\u00e3o eleitoral que \u00e9 a lista 1001 que \u00e9 muito maior do que a lista de comunistas. A vota\u00e7\u00e3o, que acabou por estar na ordem de 40% dos votos que acompanharam Carolina, foram votos obtidos pela nossa lista 1001, nosso Espa\u00e7o Democr\u00e1tico Avan\u00e7ado (EDA) como um todo.<\/p>\n<p>Portanto, isso tamb\u00e9m tem que ser medido, novamente em outra elei\u00e7\u00e3o o 1001 continua a crescer e isso \u00e9 muito bom, o que nos capacita muito para outubro. \u00c9 preciso n\u00e3o s\u00f3 sonhar, mas pisar no ch\u00e3o, reconhecendo que temos a possibilidade concreta, o objetivo de trabalhar para gerar as condi\u00e7\u00f5es de a 1001 e a FA visando obter tamb\u00e9m em outubro, novamente, apoio eleitoral para fazer com que esse objetivo nos leve \u00e0 constru\u00e7\u00e3o de um governo da Frente Ampla para e com o povo.<\/p>\n<p><strong>H\u00e1 pouco mais de 100 dias para as elei\u00e7\u00f5es de 27 de outubro: qual \u00e9 a tarefa fundamental da milit\u00e2ncia agora?<\/strong><\/p>\n<p>Devemos destacar que, no momento em que estamos falando, faltam pouco mais de 100 dias para as elei\u00e7\u00f5es. Fala-se sempre disso com distanciamento e o fato \u00e9 que h\u00e1 muito suportamos o que prometiam ser os cinco melhores anos das nossas vidas, acabando por ser os quatro piores anos que passamos e sofremos nos \u00faltimos anos. Sempre se disse: &#8220;bem, chegar\u00e1 o momento das elei\u00e7\u00f5es nacionais&#8221;. Continua a ser o ano da s\u00edntese pol\u00edtica na cabe\u00e7a do nosso povo, de tudo por que lutamos, de tudo o que organizamos, de tudo o que mobilizamos, de tudo o que sofremos, para podermos de fato reverter esse quadro. Isto n\u00e3o se faz sozinho, temos de sensibilizar, temos de trabalhar com a vontade pol\u00edtica do nosso povo para convenc\u00ea-lo de que podemos efetivamente ser os donos do nosso destino e come\u00e7ar por mudar a dire\u00e7\u00e3o do governo, instalando um governo de Frente Ampla.<\/p>\n<p>Faltam pouco mais de 100 dias para essa s\u00edntese pol\u00edtica, portanto, n\u00e3o h\u00e1 aqui outro tempo sen\u00e3o para dedicarmos a estrutura pol\u00edtica a reorganizar a casa e a fazer um balan\u00e7o pol\u00edtico, n\u00e3o de car\u00e1ter triunfalista, mas tamb\u00e9m de autocr\u00edtica, porque se fosse assim mesmo quando cometemos erros, como n\u00f3s l\u00edderes cometemos, se conseguirmos corrigir e melhorar algumas situa\u00e7\u00f5es que erramos hoje em dia poderemos melhorar nosso desempenho. Precisamos fazer isso e trabalhar com essa sintonia e essa cabe\u00e7a. \u00c9 para onde vamos, faltam-nos 100 dias para podermos trabalhar e convencer, agora mais do que nunca porque est\u00e1 demonstrado que a Frente Ampla continua a ser, com cada vez mais vigor e for\u00e7a, a principal for\u00e7a pol\u00edtica do nosso pa\u00eds.<\/p>\n<p>A expectativa de mudan\u00e7a do nosso povo baseia-se agora no que a Frente Ampla pode fazer. Para construir essa melhor alternativa eleitoral, para promover a lista 1001 em cada um dos cantos do pa\u00eds esta constru\u00e7\u00e3o unit\u00e1ria que tem v\u00e1rias express\u00f5es at\u00e9 de n\u00fameros de lista diferentes, mas que nos permitiu procurar aquele que ainda n\u00e3o conseguimos convencer, aquele que ainda pode estar em d\u00favida. Porque n\u00e3o sobrar\u00e1 nenhuma vota\u00e7\u00e3o, ser\u00e3o necess\u00e1rios todos os votos para fazer essa maioria parlamentar, para que todos tenhamos um lugar de representa\u00e7\u00e3o pol\u00edtica na C\u00e2mara dos Deputados e no Senado. Promover efetivamente um trabalho coletivo de mudan\u00e7a que deve ser feito o mais r\u00e1pido poss\u00edvel, a fim de conquistar o governo.<\/p>\n<p>Acreditamos que existem condi\u00e7\u00f5es e essa \u00e9 a tarefa principal: cerrar fileiras na constru\u00e7\u00e3o da estrutura org\u00e2nica, entendendo que estas elei\u00e7\u00f5es nacionais contribu\u00edram para que avancemos com essa estrutura org\u00e2nica, fazendo funcionar os comit\u00eas de base, com os coordenadores atuando plenamente, o departamental contribuindo e funcionando e toda a estrutura org\u00e2nica do local onde temos os militantes trabalhando para tornar realidade esse sonho t\u00e3o esperado do nosso povo de recuperar um governo da FA para construir as mudan\u00e7as urgentes que nosso pa\u00eds precisa e caminhar rumo a per\u00edodos de progresso e aprofundar a democracia no nosso pa\u00eds.<\/p>\n<p>No dia 27 de outubro ser\u00e1 feita uma escolha entre dois projetos de pa\u00eds, um que \u00e9 a FA e do outro lado uma coliga\u00e7\u00e3o multicolor que tamb\u00e9m elegeu os seus candidatos neste dia 30 de junho. Como voc\u00ea v\u00ea a posi\u00e7\u00e3o dessa coaliz\u00e3o nesse cen\u00e1rio?<\/p>\n<p>Eles t\u00eam dificuldades, a primeira \u00e9 que lhes era dif\u00edcil sair e enfrentar a imprensa, os antigos galos das noites eleitorais se escondiam para n\u00e3o mostrarem a cara \u00e0 opini\u00e3o p\u00fablica. Aqueles que est\u00e3o sempre prontos nas redes sociais para twittar qualquer coisa, agora n\u00e3o mostraram o rosto. Parecia que a sede eleitoral estava vazia, ou estavam trancados em algum lugar ou desenhando qual seria a resposta. Nem todos conseguiram dar a f\u00f3rmula imediatamente, e alguns que o fizeram ainda t\u00eam que dar explica\u00e7\u00f5es; isto ser\u00e1 problema deles. H\u00e1 outros que ainda n\u00e3o encontraram algu\u00e9m que queira acompanh\u00e1-los na f\u00f3rmula, ser\u00e1 mais um problema para eles. A nossa \u00e9 dizer que realmente aceitamos o desafio, quando se usa a cr\u00edtica e a autocr\u00edtica como m\u00e9todo, quando se realmente coloca em pr\u00e1tica se percebe que havia coisas que n\u00e3o poder\u00edamos errar mais e j\u00e1 come\u00e7amos a demonstrar na pr\u00e1tica, no gesto de Yamand\u00fa e Carolina de cerrarem fileiras rapidamente e parabenizarem a milit\u00e2ncia meia hora ap\u00f3s o t\u00e9rmino das elei\u00e7\u00f5es. Uma hora ap\u00f3s o t\u00e9rmino das elei\u00e7\u00f5es j\u00e1 est\u00e1vamos na sede da FA e, uma hora e meia ap\u00f3s o fechamento das urnas, subimos ao palco para mostrar publicamente nosso rosto, sendo a f\u00f3rmula mais poderosa para a vit\u00f3ria. S\u00e3o coisas que nos deixam orgulhosos os nossos camaradas. N\u00e3o pode haver f\u00f3rmula mais poderosa do que esta, capaz de liderar um longo processo daqui para a frente com o triunfo da Frente Ampla, avan\u00e7ando rumo \u00e0s mudan\u00e7as que estamos exigindo.<\/p>\n<p>Acho que a direita est\u00e1 realmente pagando porque, por mais que tentem inventar alguma coisa, n\u00e3o funciona. Se um dos candidatos que teve a pior vota\u00e7\u00e3o da sua hist\u00f3ria, com muitas d\u00e9cadas de atraso, mais de um s\u00e9culo, acabar tendo como \u00fanico objetivo vencer a FA, ora, coitados, um eleitorado que tem de votar com um c\u00e9rebro impede o outro, em vez de se projetar. Ningu\u00e9m sabe que proposta eles t\u00eam. Mas ningu\u00e9m mais pode deter essa onda, esse impulso do nosso povo vai ser muito dif\u00edcil de deter. Acreditamos que estamos num caminho poss\u00edvel onde todos temos uma tarefa e um lugar, onde n\u00e3o h\u00e1 possibilidade de recuo, n\u00e3o h\u00e1 possibilidade de fazer uma leitura diferente. Hoje temos diante de n\u00f3s todas as possibilidades que nosso povo nos exige para construir o caminho com vistas \u00e0 recupera\u00e7\u00e3o de um governo da Frente Ampla. Insisto nisso porque para n\u00f3s \u00e9 uma primeira etapa em que aprofundamos a democracia para termos uma democracia avan\u00e7ada no nosso pa\u00eds.<\/p>\n<p><strong>Por fim, a Justi\u00e7a Eleitoral anunciou recentemente que j\u00e1 existem assinaturas para convocar um plebiscito sobre seguridade social. Alguma opini\u00e3o sobre isso?<\/strong><\/p>\n<p>A cereja do bolo para o movimento popular e tamb\u00e9m para n\u00f3s, n\u00e3o negamos, n\u00e3o podemos esconder, em que houve milit\u00e2ncia e muito trabalho foi feito para arrecadar assinaturas. Houve de tudo antes, durante e depois, mas finalmente, por mais que continuem descartando assinaturas, fica demonstrado que n\u00e3o houve nenhuma armadilha ou qualquer tentativa de fraude, mas sim, houve a vontade expressa da maioria dos trabalhadores, aposentados e do povo do nosso pa\u00eds, para continuar a lutar por uma seguridade social justa, solid\u00e1ria e universal que inclua e responda a toda a popula\u00e7\u00e3o do nosso pa\u00eds. Esse \u00e9 o grande objetivo para que hoje haja um formato de vota\u00e7\u00e3o que possa garantir um plebiscito para reformar a Constitui\u00e7\u00e3o da Rep\u00fablica em tr\u00eas aspectos b\u00e1sicos. O caminho j\u00e1 est\u00e1 dado, agora o que se trata \u00e9 que isto tenha uma express\u00e3o no voto, com uma determinada cor, que os diferentes grupos e setores possam se manifestar e outros possam voluntariamente tomar outra decis\u00e3o para tentar defender a seguridade social. Esse \u00e9 o caminho que temos pela frente, \u00e9 outra das defini\u00e7\u00f5es que tamb\u00e9m ser\u00e1 levada em considera\u00e7\u00e3o no dia 27 de outubro.<\/p>\n<p>Imagem: Juan Castillo no evento comemorativo dos 103 anos do Partido Comunista do Uruguai (PCU) na Plaza M\u00e1rtires de Chicago.<\/p>\n<p>Foto: Santiago Mazzarovich \/ adhocFOTOS.<\/p>\n<p>Tradu\u00e7\u00e3o: Partido Comunista Brasileiro (PCB)<\/p>\n<p>Fonte: <a href=\"https:\/\/elpopular.uy\/juan-castillo-ganar-en-primera-vuelta-es-posible\/\">https:\/\/elpopular.uy\/juan-castillo-ganar-en-primera-vuelta-es-posible\/<\/a><\/p>\n","protected":false},"excerpt":{"rendered":"\u00a0\n<a class=\"moretag\" href=\"https:\/\/pcb.org.br\/portal2\/31847\"> <\/a>","protected":false},"author":8,"featured_media":0,"comment_status":"closed","ping_status":"closed","sticky":false,"template":"","format":"standard","meta":{"jetpack_post_was_ever_published":false,"_jetpack_newsletter_access":"","_jetpack_dont_email_post_to_subs":false,"_jetpack_newsletter_tier_id":0,"_jetpack_memberships_contains_paywalled_content":false,"_jetpack_memberships_contains_paid_content":false,"footnotes":"","jetpack_publicize_message":"","jetpack_publicize_feature_enabled":true,"jetpack_social_post_already_shared":true,"jetpack_social_options":{"image_generator_settings":{"template":"highway","default_image_id":0,"font":"","enabled":false},"version":2}},"categories":[8,37,242,9,65,10,76],"tags":[233],"class_list":["post-31847","post","type-post","status-publish","format-standard","hentry","category-america-latina","category-c42-comunistas","category-eipco","category-s10-internacional","category-c78-internacional","category-s19-opiniao","category-c89-uruguai","tag-6a"],"jetpack_publicize_connections":[],"jetpack_featured_media_url":"","jetpack_shortlink":"https:\/\/wp.me\/p659gw-8hF","jetpack-related-posts":[],"jetpack_likes_enabled":true,"jetpack_sharing_enabled":true,"_links":{"self":[{"href":"https:\/\/pcb.org.br\/portal2\/wp-json\/wp\/v2\/posts\/31847","targetHints":{"allow":["GET"]}}],"collection":[{"href":"https:\/\/pcb.org.br\/portal2\/wp-json\/wp\/v2\/posts"}],"about":[{"href":"https:\/\/pcb.org.br\/portal2\/wp-json\/wp\/v2\/types\/post"}],"author":[{"embeddable":true,"href":"https:\/\/pcb.org.br\/portal2\/wp-json\/wp\/v2\/users\/8"}],"replies":[{"embeddable":true,"href":"https:\/\/pcb.org.br\/portal2\/wp-json\/wp\/v2\/comments?post=31847"}],"version-history":[{"count":1,"href":"https:\/\/pcb.org.br\/portal2\/wp-json\/wp\/v2\/posts\/31847\/revisions"}],"predecessor-version":[{"id":31849,"href":"https:\/\/pcb.org.br\/portal2\/wp-json\/wp\/v2\/posts\/31847\/revisions\/31849"}],"wp:attachment":[{"href":"https:\/\/pcb.org.br\/portal2\/wp-json\/wp\/v2\/media?parent=31847"}],"wp:term":[{"taxonomy":"category","embeddable":true,"href":"https:\/\/pcb.org.br\/portal2\/wp-json\/wp\/v2\/categories?post=31847"},{"taxonomy":"post_tag","embeddable":true,"href":"https:\/\/pcb.org.br\/portal2\/wp-json\/wp\/v2\/tags?post=31847"}],"curies":[{"name":"wp","href":"https:\/\/api.w.org\/{rel}","templated":true}]}}