{"id":31870,"date":"2024-07-21T14:29:26","date_gmt":"2024-07-21T17:29:26","guid":{"rendered":"https:\/\/pcb.org.br\/portal2\/?p=31870"},"modified":"2024-07-21T14:29:26","modified_gmt":"2024-07-21T17:29:26","slug":"apoie-a-fundacao-dinarco-reis","status":"publish","type":"post","link":"https:\/\/pcb.org.br\/portal2\/31870","title":{"rendered":"Apoie a Funda\u00e7\u00e3o Dinarco Reis"},"content":{"rendered":"<p><img data-recalc-dims=\"1\" loading=\"lazy\" decoding=\"async\" data-attachment-id=\"31871\" data-permalink=\"https:\/\/pcb.org.br\/portal2\/31870\/249499864_372816851055644_6987726511749326331_n\" data-orig-file=\"https:\/\/i0.wp.com\/pcb.org.br\/portal2\/wp-content\/uploads\/2024\/07\/249499864_372816851055644_6987726511749326331_n.jpg?fit=1303%2C1306&amp;ssl=1\" data-orig-size=\"1303,1306\" data-comments-opened=\"0\" data-image-meta=\"{&quot;aperture&quot;:&quot;0&quot;,&quot;credit&quot;:&quot;&quot;,&quot;camera&quot;:&quot;&quot;,&quot;caption&quot;:&quot;&quot;,&quot;created_timestamp&quot;:&quot;0&quot;,&quot;copyright&quot;:&quot;&quot;,&quot;focal_length&quot;:&quot;0&quot;,&quot;iso&quot;:&quot;0&quot;,&quot;shutter_speed&quot;:&quot;0&quot;,&quot;title&quot;:&quot;&quot;,&quot;orientation&quot;:&quot;0&quot;}\" data-image-title=\"249499864_372816851055644_6987726511749326331_n\" data-image-description=\"\" data-image-caption=\"\" data-large-file=\"https:\/\/i0.wp.com\/pcb.org.br\/portal2\/wp-content\/uploads\/2024\/07\/249499864_372816851055644_6987726511749326331_n.jpg?fit=747%2C749&amp;ssl=1\" class=\"alignnone size-large wp-image-31871\" src=\"https:\/\/i0.wp.com\/pcb.org.br\/portal2\/wp-content\/uploads\/2024\/07\/249499864_372816851055644_6987726511749326331_n.jpg?resize=747%2C749&#038;ssl=1\" alt=\"\" width=\"747\" height=\"749\" srcset=\"https:\/\/i0.wp.com\/pcb.org.br\/portal2\/wp-content\/uploads\/2024\/07\/249499864_372816851055644_6987726511749326331_n.jpg?resize=898%2C900&amp;ssl=1 898w, https:\/\/i0.wp.com\/pcb.org.br\/portal2\/wp-content\/uploads\/2024\/07\/249499864_372816851055644_6987726511749326331_n.jpg?resize=300%2C300&amp;ssl=1 300w, https:\/\/i0.wp.com\/pcb.org.br\/portal2\/wp-content\/uploads\/2024\/07\/249499864_372816851055644_6987726511749326331_n.jpg?resize=150%2C150&amp;ssl=1 150w, https:\/\/i0.wp.com\/pcb.org.br\/portal2\/wp-content\/uploads\/2024\/07\/249499864_372816851055644_6987726511749326331_n.jpg?resize=768%2C770&amp;ssl=1 768w, https:\/\/i0.wp.com\/pcb.org.br\/portal2\/wp-content\/uploads\/2024\/07\/249499864_372816851055644_6987726511749326331_n.jpg?w=1303&amp;ssl=1 1303w\" sizes=\"auto, (max-width: 747px) 100vw, 747px\" \/><!--more--><\/p>\n<p>Diretoria da Funda\u00e7\u00e3o Dinarco Reis<\/p>\n<p>Criada no ano 2000 para auxiliar o Partido Comunista Brasileiro (PCB) na realiza\u00e7\u00e3o de pesquisas cient\u00edficas, estudos econ\u00f4micos, pol\u00edticos, sindicais e sociais, manter publica\u00e7\u00f5es e promover cursos, semin\u00e1rios e eventos correlatos, a Funda\u00e7\u00e3o Dinarco Reis est\u00e1 localizada no Rio de Janeiro e foi presidida por Dinarco Reis Filho (1932-2022), ex-membro do Comit\u00ea Central do PCB, at\u00e9 o seu falecimento, em 31 de julho de 2022.<\/p>\n<p>Desde sua cria\u00e7\u00e3o, a Funda\u00e7\u00e3o Dinarco Reis colabora com o resgate da mem\u00f3ria do movimento comunista brasileiro atrav\u00e9s de pesquisas que j\u00e1 renderam frutos na publica\u00e7\u00e3o de livros como \u201cOs desconhecidos da hist\u00f3ria da imprensa comunista\u201d, de Raimundo Alves de Souza, \u201cPCB 80 Anos\u201d, de autoria coletiva, e \u201dO garoto que sonhou mudar a humanidade\u201d, de Irun Sant\u2019Anna.<\/p>\n<p>Em 2011, divulgando as an\u00e1lises pol\u00edticas do dirigente comunista que lhe empresta o nome, a FDR lan\u00e7ou os dois volumes da obra \u201cA luta de classes no Brasil e o PCB\u201d, abordando os eventos hist\u00f3ricos de que Dinarco participou diretamente. Nesses 24 anos, a Funda\u00e7\u00e3o tamb\u00e9m editou as resolu\u00e7\u00f5es dos XII, XIII, XIV e XV Congressos Nacionais do PCB. Editou o jornal Imprensa Popular, que foi o \u00f3rg\u00e3o central do Partido Comunista Brasileiro at\u00e9 2015. De l\u00e1 para c\u00e1, contribui com textos e informa\u00e7\u00f5es hist\u00f3ricas para o Jornal O Poder Popular.<\/p>\n<p>Outro projeto desenvolvido \u00e9 a Agenda da FDR. Foram publicadas as Agendas sobre a Hist\u00f3ria do PCB e em comemora\u00e7\u00e3o \u00e0 Revolu\u00e7\u00e3o Russa, aos 200 anos de Marx, \u00e0 Revolu\u00e7\u00e3o Cubana, \u00e0s Mulheres Revolucion\u00e1rias, ao Movimento Negro, \u00e0 Cultura Popular e aos 100 anos do PCB. Al\u00e9m de resgatar o passado e a mem\u00f3ria de luta dos comunistas, a Funda\u00e7\u00e3o Dinarco Reis tem por finalidade auxiliar na forma\u00e7\u00e3o de novos militantes comunistas e difundir as ideias e formula\u00e7\u00f5es do PCB.<\/p>\n<p>Nos \u00faltimos anos, a FDR lan\u00e7ou os livros &#8220;Ser ou n\u00e3o ser feminista e outras obras escolhidas&#8221; de Ana Montenegro; &#8220;Ousar lutar, ousar vencer: debates da Uni\u00e3o da Juventude Comunista nas d\u00e9cadas de 50 e 60&#8221; e &#8220;Lutar, criar, Universidade Popular: formula\u00e7\u00f5es por uma Reforma Universit\u00e1ria nos anos 60&#8221; ambos organizados por Andrey Santiago e Ian Cartaxo. Promoveu ainda a reedi\u00e7\u00e3o do livro &#8220;Ensaios sobre consci\u00eancia e emancipa\u00e7\u00e3o&#8221; de Mauro Iasi e a reimpress\u00e3o do livro &#8220;Economia Pol\u00edtica para Trabalhadores&#8221; de Sofia Manzano em campanhas de financiamento coletivo.<\/p>\n<p>Al\u00e9m disso, a Funda\u00e7\u00e3o Dinarco Reis j\u00e1 realizou in\u00fameros cursos de forma\u00e7\u00e3o, semin\u00e1rios, publica\u00e7\u00f5es e pesquisas que contribu\u00edram para formar quadros pol\u00edticos, difundir a teoria marxista, resgatar a hist\u00f3ria do movimento comunista e aprofundar o debate sobre os atuais desafios da classe trabalhadora.<\/p>\n<p>Sem financiamento p\u00fablico desde 2019, a FDR nunca deixou de cumprir sua miss\u00e3o. Mantivemos nossas p\u00e1ginas atualizadas, produzimos as edi\u00e7\u00f5es anuais do livro-agenda, realizamos in\u00fameros cursos de forma\u00e7\u00e3o pol\u00edtica, al\u00e9m de semin\u00e1rios: \u201cComo Esmagar o Fascismo: li\u00e7\u00f5es da hist\u00f3ria\u201d, &#8220;O Poder Popular&#8221;, &#8220;SUS, Capitalismo e Sa\u00fade&#8221;, &#8220;Uma Introdu\u00e7\u00e3o \u00e0 Biografia Intelectual de Karl Marx&#8221; (Jos\u00e9 Paulo Netto), &#8220;Economia Pol\u00edtica para Trabalhadores&#8221; (Sofia Manzano), &#8220;Marxismo e Direitos Humanos&#8221; (em parceria com a Rede Modesto da Silveira), &#8220;O Pensamento de L\u00eanin&#8221;, os cursos &#8220;Introdu\u00e7\u00e3o ao Materialismo Dial\u00e9tico&#8221; e &#8220;Consci\u00eancia e Ideologia&#8221; (Mauro Iasi), dentre muitas outras atividades.<\/p>\n<p>Temos muitos planos para os pr\u00f3ximos anos. Mas, para manter manter e ampliar nossas atividades e projetos, garantindo essas e outras a\u00e7\u00f5es, dependemos da ajuda dos amigos do Partido Comunista Brasileiro.<\/p>\n<p>Contribua com a produ\u00e7\u00e3o de conte\u00fado revolucion\u00e1rio e a divulga\u00e7\u00e3o do marxismo-leninismo no Brasil!<\/p>\n<p>ACESSE O LINK ABAIXO E FA\u00c7A A SUA CONTRIBUI\u00c7\u00c3O:<\/p>\n<p><a href=\"https:\/\/apoia.se\/fundacaodinarcoreis\">https:\/\/apoia.se\/fundacaodinarcoreis<\/a><\/p>\n","protected":false},"excerpt":{"rendered":"<a class=\"moretag\" href=\"https:\/\/pcb.org.br\/portal2\/31870\"> <\/a>","protected":false},"author":8,"featured_media":0,"comment_status":"closed","ping_status":"closed","sticky":false,"template":"","format":"standard","meta":{"jetpack_post_was_ever_published":false,"_jetpack_newsletter_access":"","_jetpack_dont_email_post_to_subs":false,"_jetpack_newsletter_tier_id":0,"_jetpack_memberships_contains_paywalled_content":false,"_jetpack_memberships_contains_paid_content":false,"footnotes":"","jetpack_publicize_message":"","jetpack_publicize_feature_enabled":true,"jetpack_social_post_already_shared":true,"jetpack_social_options":{"image_generator_settings":{"template":"highway","default_image_id":0,"font":"","enabled":false},"version":2}},"categories":[231],"tags":[223],"class_list":["post-31870","post","type-post","status-publish","format-standard","hentry","category-fdr","tag-3a"],"jetpack_publicize_connections":[],"jetpack_featured_media_url":"","jetpack_shortlink":"https:\/\/wp.me\/p659gw-8i2","jetpack-related-posts":[],"jetpack_likes_enabled":true,"jetpack_sharing_enabled":true,"_links":{"self":[{"href":"https:\/\/pcb.org.br\/portal2\/wp-json\/wp\/v2\/posts\/31870","targetHints":{"allow":["GET"]}}],"collection":[{"href":"https:\/\/pcb.org.br\/portal2\/wp-json\/wp\/v2\/posts"}],"about":[{"href":"https:\/\/pcb.org.br\/portal2\/wp-json\/wp\/v2\/types\/post"}],"author":[{"embeddable":true,"href":"https:\/\/pcb.org.br\/portal2\/wp-json\/wp\/v2\/users\/8"}],"replies":[{"embeddable":true,"href":"https:\/\/pcb.org.br\/portal2\/wp-json\/wp\/v2\/comments?post=31870"}],"version-history":[{"count":1,"href":"https:\/\/pcb.org.br\/portal2\/wp-json\/wp\/v2\/posts\/31870\/revisions"}],"predecessor-version":[{"id":31872,"href":"https:\/\/pcb.org.br\/portal2\/wp-json\/wp\/v2\/posts\/31870\/revisions\/31872"}],"wp:attachment":[{"href":"https:\/\/pcb.org.br\/portal2\/wp-json\/wp\/v2\/media?parent=31870"}],"wp:term":[{"taxonomy":"category","embeddable":true,"href":"https:\/\/pcb.org.br\/portal2\/wp-json\/wp\/v2\/categories?post=31870"},{"taxonomy":"post_tag","embeddable":true,"href":"https:\/\/pcb.org.br\/portal2\/wp-json\/wp\/v2\/tags?post=31870"}],"curies":[{"name":"wp","href":"https:\/\/api.w.org\/{rel}","templated":true}]}}