{"id":31876,"date":"2024-07-21T14:34:14","date_gmt":"2024-07-21T17:34:14","guid":{"rendered":"https:\/\/pcb.org.br\/portal2\/?p=31876"},"modified":"2024-07-21T14:34:14","modified_gmt":"2024-07-21T17:34:14","slug":"viva-os-94-anos-do-pacocol","status":"publish","type":"post","link":"https:\/\/pcb.org.br\/portal2\/31876","title":{"rendered":"Viva os 94 anos do PACOCOL!"},"content":{"rendered":"<p><img data-recalc-dims=\"1\" loading=\"lazy\" decoding=\"async\" data-attachment-id=\"31877\" data-permalink=\"https:\/\/pcb.org.br\/portal2\/31876\/1-mayo-pcc-foto-lliana-pardo\" data-orig-file=\"https:\/\/i0.wp.com\/pcb.org.br\/portal2\/wp-content\/uploads\/2024\/07\/1-mayo-pcc-foto-Lliana-Pardo.jpg?fit=800%2C600&amp;ssl=1\" data-orig-size=\"800,600\" data-comments-opened=\"0\" data-image-meta=\"{&quot;aperture&quot;:&quot;0&quot;,&quot;credit&quot;:&quot;&quot;,&quot;camera&quot;:&quot;&quot;,&quot;caption&quot;:&quot;&quot;,&quot;created_timestamp&quot;:&quot;0&quot;,&quot;copyright&quot;:&quot;&quot;,&quot;focal_length&quot;:&quot;0&quot;,&quot;iso&quot;:&quot;0&quot;,&quot;shutter_speed&quot;:&quot;0&quot;,&quot;title&quot;:&quot;&quot;,&quot;orientation&quot;:&quot;1&quot;}\" data-image-title=\"1-mayo-pcc-foto-Lliana-Pardo\" data-image-description=\"\" data-image-caption=\"\" data-large-file=\"https:\/\/i0.wp.com\/pcb.org.br\/portal2\/wp-content\/uploads\/2024\/07\/1-mayo-pcc-foto-Lliana-Pardo.jpg?fit=747%2C560&amp;ssl=1\" class=\"alignnone size-full wp-image-31877\" src=\"https:\/\/i0.wp.com\/pcb.org.br\/portal2\/wp-content\/uploads\/2024\/07\/1-mayo-pcc-foto-Lliana-Pardo.jpg?resize=747%2C560&#038;ssl=1\" alt=\"\" width=\"747\" height=\"560\" srcset=\"https:\/\/i0.wp.com\/pcb.org.br\/portal2\/wp-content\/uploads\/2024\/07\/1-mayo-pcc-foto-Lliana-Pardo.jpg?w=800&amp;ssl=1 800w, https:\/\/i0.wp.com\/pcb.org.br\/portal2\/wp-content\/uploads\/2024\/07\/1-mayo-pcc-foto-Lliana-Pardo.jpg?resize=300%2C225&amp;ssl=1 300w, https:\/\/i0.wp.com\/pcb.org.br\/portal2\/wp-content\/uploads\/2024\/07\/1-mayo-pcc-foto-Lliana-Pardo.jpg?resize=768%2C576&amp;ssl=1 768w\" sizes=\"auto, (max-width: 747px) 100vw, 747px\" \/><!--more--><\/p>\n<p>O PCB \u2013 Partido Comunista Brasileiro \u2013 sa\u00fada com j\u00fabilo militante e entusiasmo internacionalista a comemora\u00e7\u00e3o dos 94 anos de funda\u00e7\u00e3o de nosso Partido irm\u00e3o na Col\u00f4mbia, o Partido Comunista Colombiano \u2013 Pacocol. Criado em 1930, como suced\u00e2neo do antigo Partido Socialista Revolucion\u00e1rio, o Pacocol desde sua origem est\u00e1 umbilicalmente ligado \u00e0 luta da classe trabalhadora e dos segmentos explorados e oprimidos da popula\u00e7\u00e3o colombiana, com destaque para os ind\u00edgenas e camponeses.<\/p>\n<p>A funda\u00e7\u00e3o do PCC em julho de 1930 reuniu as principais experi\u00eancias de luta dos trabalhadores da Col\u00f4mbia, bem como as tradi\u00e7\u00f5es revolucion\u00e1rias que se desenvolveram em torno da revolu\u00e7\u00e3o russa de 1917 e do pensamento marxista\u2013leninista. Tal qual ocorre no Brasil, a concentra\u00e7\u00e3o de terras nas m\u00e3os de uma \u00ednfima minoria de grandes latifundi\u00e1rios (enquanto os camponeses, ind\u00edgenas e trabalhadores rurais convivem com a mis\u00e9ria, a explora\u00e7\u00e3o e a viol\u00eancia armada) est\u00e1 na origem dos acirrados conflitos sociais, que na Col\u00f4mbia assumiram a forma de um conflito armado que vem desde o s\u00e9culo passado. Tamb\u00e9m tal como no Brasil, a produ\u00e7\u00e3o de alimentos da agricultura familiar destinada \u00e0 alimenta\u00e7\u00e3o da popula\u00e7\u00e3o tem sido menosprezada em favor das culturas das grandes fazendas do agroneg\u00f3cio destinadas \u00e0 exporta\u00e7\u00e3o de commodities.<\/p>\n<p>A viol\u00eancia das classes dominantes, especialmente a partir do final dos anos 90 com o recrudescimento das a\u00e7\u00f5es dos paramilitares e da reorganiza\u00e7\u00e3o do Ex\u00e9rcito com assessoria estadunidense, atingiu duramente os comunistas colombianos. Jamais esqueceremos o genoc\u00eddio pol\u00edtico cometido contra a Uni\u00e3o Patri\u00f3tica, da qual mais de 6.000 militates foram assassinados, incluindo dois proeminentes dirigentes da UP e do Pacocol: Jaime Pardo Leal e Bernardo Jaramillo Ossa.<\/p>\n<p>O Partido Comunista Brasileiro acompanha com vivo interesse as a\u00e7\u00f5es do governo progressista de Gustavo Petro, que o Pacocol e o Pacto Hist\u00f3rico integram e apoiam. Saudamos a op\u00e7\u00e3o do Presidente Petro de buscar a mobiliza\u00e7\u00e3o das massas para enfrentar a rea\u00e7\u00e3o liberal a seus projetos de mudan\u00e7a social e nos juntamos \u00e0 firme condena\u00e7\u00e3o do governo colombiano ao genoc\u00eddio promovido pelo Estado sionista na Palestina.<\/p>\n<p>O Partido Comunista Brasileiro reitera seu interesse e disposi\u00e7\u00e3o em aprofundar os la\u00e7os de camaradagem, troca de experi\u00eancias e busca de a\u00e7\u00f5es conjuntas com seu Partido Comunista Colombiano e outros Partidos irm\u00e3os de nossa Am\u00e9rica Latina, sempre fi\u00e9is ao conceito de respeito m\u00fatuo e n\u00e3o-interfer\u00eancia nos assuntos internos dos PCs irm\u00e3os.<\/p>\n<p>VIVA OS 94 ANOS DE FUNDA\u00c7\u00c3O DO PARTIDO COMUNISTA COLOMBIANO!<br \/>\nVIVA O PACOCOL!<\/p>\n<p>Partido Comunista BrasileiroComit\u00ea Central \u2013 Secretaria de Rela\u00e7\u00f5es Internacionais<\/p>\n<p>\u00a1VIVA LOS 94 A\u00d1OS DE LA FUNDACI\u00d3N DEL PARTIDO COMUNISTA COLOMBIANO!<\/p>\n<p>El PCB \u2013Partido Comunista Brasile\u00f1o \u2013 acoge con alegr\u00eda militante y entusiasmo internacionalista la celebraci\u00f3n del 94\u00b0 aniversario de la fundaci\u00f3n de nuestro Partido hermano en Colombia, el Partido Comunista Colombiano \u2013 Pacocol.<\/p>\n<p>Creado en 1930, como sucesor del antiguo Partido Socialista Revolucionario, Pacocol ha estado desde sus or\u00edgenes unbilicalmente vinculado a la lucha de la clase trabajadora y los segmentos explotados y oprimidos de la poblaci\u00f3n colombiana, con \u00e9nfasis en los ind\u00edgenas y campesinos. La fundaci\u00f3n del PCC en julio de 1930 reuni\u00f3 las principales experiencias de lucha de los trabajadores colombianos, as\u00ed como las tradiciones revolucionarias que se desarrollaron en torno a la revoluci\u00f3n rusa de 1917 y el pensamiento marxista-leninista.<\/p>\n<p>Al igual que en Brasil, la concentraci\u00f3n de la tierra en manos de una \u00ednfima minor\u00eda de grandes terratenientes (mientras campesinos, ind\u00edgenas y trabajadores rurales viven en la pobreza, la explotaci\u00f3n y la violencia armada) est\u00e1 en el origen de feroces conflictos sociales, que en Colombia han ha tomado la forma de un conflicto armado que se ha prolongado desde el siglo pasado. Tambi\u00e9n como en Brasil, la producci\u00f3n de alimentos provenientes de la agricultura familiar destinada a alimentar a la poblaci\u00f3n ha sido descuidada en favor de cultivos de grandes explotaciones agroindustriales destinadas a la exportaci\u00f3n de productos b\u00e1sicos.<\/p>\n<p>La violencia de las clases dominantes, especialmente desde finales de los a\u00f1os 90 con el resurgimiento de las acciones paramilitares y la reorganizaci\u00f3n del Ej\u00e9rcito con ayuda estadounidense, golpe\u00f3 duramente a los comunistas colombianos. Nunca olvidaremos el genocidio pol\u00edtico cometido contra la Uni\u00f3n Patri\u00f3tica, en el que fueron asesinados m\u00e1s de 6.000 militares, entre ellos dos destacados dirigentes de la UP y Pacocol: Jaime Pardo Leal y Bernardo Jaramillo Ossa.<\/p>\n<p>El Partido Comunista Brasile\u00f1o sigue con gran inter\u00e9s las acciones del gobierno progresista de Gustavo Petro, del que Pacocol y el Pacto Hist\u00f3rico forman parte y apoyan. Saludamos la decisi\u00f3n del Presidente Petro de buscar una movilizaci\u00f3n masiva para enfrentar la reacci\u00f3n liberal a sus proyectos de cambio social y nos sumamos a la firme condena del gobierno colombiano al genocidio promovido por el Estado Sionista en Palestina.<\/p>\n<p>El Partido Comunista Brasile\u00f1o reitera su inter\u00e9s y voluntad de profundizar lazos de camarader\u00eda, intercambio de experiencias y b\u00fasqueda de acciones conjuntas con su Partido Comunista Colombiano y otros Partidos hermanos de nuestra Am\u00e9rica Latina, siempre fiel al concepto de respeto mutuo y no injerencia en asuntos internos de los PC hermanos.<\/p>\n<p>\u00a1VIVA LOS 94 A\u00d1OS DE LA FUNDACI\u00d3N DEL PARTIDO COMUNISTA COLOMBIANO!<br \/>\n\u00a1VIVA EL PACOCOL!<\/p>\n<p>Partido Comunista Brasile\u00f1o &#8211; Comit\u00e9 Central \u2013 Secretar\u00eda de Relaciones Internacionales<\/p>\n","protected":false},"excerpt":{"rendered":"<a class=\"moretag\" href=\"https:\/\/pcb.org.br\/portal2\/31876\"> <\/a>","protected":false},"author":8,"featured_media":0,"comment_status":"closed","ping_status":"closed","sticky":false,"template":"","format":"standard","meta":{"jetpack_post_was_ever_published":false,"_jetpack_newsletter_access":"","_jetpack_dont_email_post_to_subs":false,"_jetpack_newsletter_tier_id":0,"_jetpack_memberships_contains_paywalled_content":false,"_jetpack_memberships_contains_paid_content":false,"footnotes":"","jetpack_publicize_message":"","jetpack_publicize_feature_enabled":true,"jetpack_social_post_already_shared":true,"jetpack_social_options":{"image_generator_settings":{"template":"highway","default_image_id":0,"font":"","enabled":false},"version":2}},"categories":[34,9,26],"tags":[227,246],"class_list":["post-31876","post","type-post","status-publish","format-standard","hentry","category-c39-colombia","category-s10-internacional","category-c25-notas-politicas-do-pcb","tag-5a","tag-np"],"jetpack_publicize_connections":[],"jetpack_featured_media_url":"","jetpack_shortlink":"https:\/\/wp.me\/p659gw-8i8","jetpack-related-posts":[],"jetpack_likes_enabled":true,"jetpack_sharing_enabled":true,"_links":{"self":[{"href":"https:\/\/pcb.org.br\/portal2\/wp-json\/wp\/v2\/posts\/31876","targetHints":{"allow":["GET"]}}],"collection":[{"href":"https:\/\/pcb.org.br\/portal2\/wp-json\/wp\/v2\/posts"}],"about":[{"href":"https:\/\/pcb.org.br\/portal2\/wp-json\/wp\/v2\/types\/post"}],"author":[{"embeddable":true,"href":"https:\/\/pcb.org.br\/portal2\/wp-json\/wp\/v2\/users\/8"}],"replies":[{"embeddable":true,"href":"https:\/\/pcb.org.br\/portal2\/wp-json\/wp\/v2\/comments?post=31876"}],"version-history":[{"count":1,"href":"https:\/\/pcb.org.br\/portal2\/wp-json\/wp\/v2\/posts\/31876\/revisions"}],"predecessor-version":[{"id":31878,"href":"https:\/\/pcb.org.br\/portal2\/wp-json\/wp\/v2\/posts\/31876\/revisions\/31878"}],"wp:attachment":[{"href":"https:\/\/pcb.org.br\/portal2\/wp-json\/wp\/v2\/media?parent=31876"}],"wp:term":[{"taxonomy":"category","embeddable":true,"href":"https:\/\/pcb.org.br\/portal2\/wp-json\/wp\/v2\/categories?post=31876"},{"taxonomy":"post_tag","embeddable":true,"href":"https:\/\/pcb.org.br\/portal2\/wp-json\/wp\/v2\/tags?post=31876"}],"curies":[{"name":"wp","href":"https:\/\/api.w.org\/{rel}","templated":true}]}}