{"id":31884,"date":"2024-07-23T21:17:41","date_gmt":"2024-07-24T00:17:41","guid":{"rendered":"https:\/\/pcb.org.br\/portal2\/?p=31884"},"modified":"2024-07-23T21:17:41","modified_gmt":"2024-07-24T00:17:41","slug":"camarada-nguyen-phu-trong-presente","status":"publish","type":"post","link":"https:\/\/pcb.org.br\/portal2\/31884","title":{"rendered":"Camarada Nguyen Phu Trong, presente!"},"content":{"rendered":"<p><img data-recalc-dims=\"1\" loading=\"lazy\" decoding=\"async\" data-attachment-id=\"31885\" data-permalink=\"https:\/\/pcb.org.br\/portal2\/31884\/nguyen-phu-trong-768x461-1-1-1-1-2\" data-orig-file=\"https:\/\/i0.wp.com\/pcb.org.br\/portal2\/wp-content\/uploads\/2024\/07\/Nguyen-Phu-Trong-768x461-1-1-1-1-2.jpg?fit=768%2C461&amp;ssl=1\" data-orig-size=\"768,461\" data-comments-opened=\"0\" data-image-meta=\"{&quot;aperture&quot;:&quot;0&quot;,&quot;credit&quot;:&quot;&quot;,&quot;camera&quot;:&quot;&quot;,&quot;caption&quot;:&quot;&quot;,&quot;created_timestamp&quot;:&quot;0&quot;,&quot;copyright&quot;:&quot;&quot;,&quot;focal_length&quot;:&quot;0&quot;,&quot;iso&quot;:&quot;0&quot;,&quot;shutter_speed&quot;:&quot;0&quot;,&quot;title&quot;:&quot;&quot;,&quot;orientation&quot;:&quot;0&quot;}\" data-image-title=\"Nguyen-Phu-Trong-768&amp;#215;461-1-1-1-1-2\" data-image-description=\"\" data-image-caption=\"\" data-large-file=\"https:\/\/i0.wp.com\/pcb.org.br\/portal2\/wp-content\/uploads\/2024\/07\/Nguyen-Phu-Trong-768x461-1-1-1-1-2.jpg?fit=747%2C448&amp;ssl=1\" class=\"alignnone size-full wp-image-31885\" src=\"https:\/\/i0.wp.com\/pcb.org.br\/portal2\/wp-content\/uploads\/2024\/07\/Nguyen-Phu-Trong-768x461-1-1-1-1-2.jpg?resize=747%2C448&#038;ssl=1\" alt=\"\" width=\"747\" height=\"448\" srcset=\"https:\/\/i0.wp.com\/pcb.org.br\/portal2\/wp-content\/uploads\/2024\/07\/Nguyen-Phu-Trong-768x461-1-1-1-1-2.jpg?w=768&amp;ssl=1 768w, https:\/\/i0.wp.com\/pcb.org.br\/portal2\/wp-content\/uploads\/2024\/07\/Nguyen-Phu-Trong-768x461-1-1-1-1-2.jpg?resize=300%2C180&amp;ssl=1 300w\" sizes=\"auto, (max-width: 747px) 100vw, 747px\" \/><!--more--><\/p>\n<p>Nota de Pesar pelo falecimento do camarada Nguyen Phu Trong, Secret\u00e1rio-Geral do Partido Comunista do Vietn\u00e3<\/p>\n<p>O Partido Comunista Brasileiro \u2013 PCB \u2013 manifesta seu profundo pesar pelo falecimento do camarada Nguyen Phu Trong, Secret\u00e1rio Geral do Comit\u00ea Central do Partido Comunista do Vietn\u00e3 \u2013 PCV \u2013, ocorrido em 19 de julho de 2024.<\/p>\n<p>O camarada Nguyen Phu Trong foi um <strong>exemplo de dedica\u00e7\u00e3o \u00e0 luta pela liberta\u00e7\u00e3o nacional e pela constru\u00e7\u00e3o socialista em curso<\/strong>, hoje, no Vietn\u00e3. O camarada em muito contribuiu para a vit\u00f3ria do povo vietnamita contra o imperialismo estadunidense, uma vit\u00f3ria que \u00e9 uma forte refer\u00eancia da possibilidade de derrotar os inimigos da liberdade e do direito \u00e0 autodetermina\u00e7\u00e3o dos povos.<\/p>\n<p>At\u00e9 o seu \u00faltimo dia de vida, o camarada Phu Trong trabalhou intensamente, em diferentes cargos e fun\u00e7\u00f5es, com sua marcante capacidade de lideran\u00e7a, para o desenvolvimento do socialismo, sempre fiel aos princ\u00edpios do Marxismo-Leninismo, um desenvolvimento que hoje se traduz em grande bem-estar e justi\u00e7a social para o povo vietnamita e \u00e9 uma experi\u00eancia a ser considerada pelos comunistas de todo o mundo no processo de supera\u00e7\u00e3o revolucion\u00e1ria do capitalismo.<\/p>\n<p><strong>O PCB se solidariza<\/strong> com todos os dirigentes e militantes do Partido Comunista do Vietn\u00e3 e com todo o povo vietnamita, nesse momento de dor, e <strong>reafirma sua amizade e seu desejo de seguir trabalhando em conjunto com o PCV na constru\u00e7\u00e3o do internacionalismo prolet\u00e1rio e do Movimento Comunista Internacional.<\/strong><\/p>\n<p>Camarada Nguyen Phu Trong: presente!<\/p>\n<p>Viva o internacionalismo prolet\u00e1rio!<br \/>\nViva o Socialismo!<\/p>\n<p>Comit\u00ea Central do Partido Comunista Brasileiro<br \/>\n20 de julho de 2024<\/p>\n","protected":false},"excerpt":{"rendered":"<a class=\"moretag\" href=\"https:\/\/pcb.org.br\/portal2\/31884\"> <\/a>","protected":false},"author":8,"featured_media":0,"comment_status":"closed","ping_status":"closed","sticky":false,"template":"","format":"standard","meta":{"jetpack_post_was_ever_published":false,"_jetpack_newsletter_access":"","_jetpack_dont_email_post_to_subs":false,"_jetpack_newsletter_tier_id":0,"_jetpack_memberships_contains_paywalled_content":false,"_jetpack_memberships_contains_paid_content":false,"footnotes":"","jetpack_publicize_message":"","jetpack_publicize_feature_enabled":true,"jetpack_social_post_already_shared":true,"jetpack_social_options":{"image_generator_settings":{"template":"highway","default_image_id":0,"font":"","enabled":false},"version":2}},"categories":[73,181,9,26,263],"tags":[233,246],"class_list":["post-31884","post","type-post","status-publish","format-standard","hentry","category-c86-anti-imperialismo","category-asia","category-s10-internacional","category-c25-notas-politicas-do-pcb","category-vietna","tag-6a","tag-np"],"jetpack_publicize_connections":[],"jetpack_featured_media_url":"","jetpack_shortlink":"https:\/\/wp.me\/p659gw-8ig","jetpack-related-posts":[],"jetpack_likes_enabled":true,"jetpack_sharing_enabled":true,"_links":{"self":[{"href":"https:\/\/pcb.org.br\/portal2\/wp-json\/wp\/v2\/posts\/31884","targetHints":{"allow":["GET"]}}],"collection":[{"href":"https:\/\/pcb.org.br\/portal2\/wp-json\/wp\/v2\/posts"}],"about":[{"href":"https:\/\/pcb.org.br\/portal2\/wp-json\/wp\/v2\/types\/post"}],"author":[{"embeddable":true,"href":"https:\/\/pcb.org.br\/portal2\/wp-json\/wp\/v2\/users\/8"}],"replies":[{"embeddable":true,"href":"https:\/\/pcb.org.br\/portal2\/wp-json\/wp\/v2\/comments?post=31884"}],"version-history":[{"count":1,"href":"https:\/\/pcb.org.br\/portal2\/wp-json\/wp\/v2\/posts\/31884\/revisions"}],"predecessor-version":[{"id":31886,"href":"https:\/\/pcb.org.br\/portal2\/wp-json\/wp\/v2\/posts\/31884\/revisions\/31886"}],"wp:attachment":[{"href":"https:\/\/pcb.org.br\/portal2\/wp-json\/wp\/v2\/media?parent=31884"}],"wp:term":[{"taxonomy":"category","embeddable":true,"href":"https:\/\/pcb.org.br\/portal2\/wp-json\/wp\/v2\/categories?post=31884"},{"taxonomy":"post_tag","embeddable":true,"href":"https:\/\/pcb.org.br\/portal2\/wp-json\/wp\/v2\/tags?post=31884"}],"curies":[{"name":"wp","href":"https:\/\/api.w.org\/{rel}","templated":true}]}}