{"id":31896,"date":"2024-07-29T15:37:28","date_gmt":"2024-07-29T18:37:28","guid":{"rendered":"https:\/\/pcb.org.br\/portal2\/?p=31896"},"modified":"2024-07-29T15:37:28","modified_gmt":"2024-07-29T18:37:28","slug":"ujc-sobral-a-juventude-do-pcb-na-construcao-do-poder-popular","status":"publish","type":"post","link":"https:\/\/pcb.org.br\/portal2\/31896","title":{"rendered":"UJC Sobral, a Juventude do PCB na constru\u00e7\u00e3o do Poder Popular"},"content":{"rendered":"<p><img data-recalc-dims=\"1\" loading=\"lazy\" decoding=\"async\" data-attachment-id=\"31898\" data-permalink=\"https:\/\/pcb.org.br\/portal2\/31896\/snapinsta-app_452521836_1031838842019656_2874626624700298803_n_1080\" data-orig-file=\"https:\/\/i0.wp.com\/pcb.org.br\/portal2\/wp-content\/uploads\/2024\/07\/Snapinsta.app_452521836_1031838842019656_2874626624700298803_n_1080.jpg?fit=1080%2C1350&amp;ssl=1\" data-orig-size=\"1080,1350\" data-comments-opened=\"0\" data-image-meta=\"{&quot;aperture&quot;:&quot;0&quot;,&quot;credit&quot;:&quot;&quot;,&quot;camera&quot;:&quot;&quot;,&quot;caption&quot;:&quot;&quot;,&quot;created_timestamp&quot;:&quot;0&quot;,&quot;copyright&quot;:&quot;&quot;,&quot;focal_length&quot;:&quot;0&quot;,&quot;iso&quot;:&quot;0&quot;,&quot;shutter_speed&quot;:&quot;0&quot;,&quot;title&quot;:&quot;&quot;,&quot;orientation&quot;:&quot;0&quot;}\" data-image-title=\"Snapinsta.app_452521836_1031838842019656_2874626624700298803_n_1080\" data-image-description=\"\" data-image-caption=\"\" data-large-file=\"https:\/\/i0.wp.com\/pcb.org.br\/portal2\/wp-content\/uploads\/2024\/07\/Snapinsta.app_452521836_1031838842019656_2874626624700298803_n_1080.jpg?fit=720%2C900&amp;ssl=1\" class=\"alignnone size-large wp-image-31898\" src=\"https:\/\/i0.wp.com\/pcb.org.br\/portal2\/wp-content\/uploads\/2024\/07\/Snapinsta.app_452521836_1031838842019656_2874626624700298803_n_1080.jpg?resize=720%2C900&#038;ssl=1\" alt=\"\" width=\"720\" height=\"900\" srcset=\"https:\/\/i0.wp.com\/pcb.org.br\/portal2\/wp-content\/uploads\/2024\/07\/Snapinsta.app_452521836_1031838842019656_2874626624700298803_n_1080.jpg?resize=720%2C900&amp;ssl=1 720w, https:\/\/i0.wp.com\/pcb.org.br\/portal2\/wp-content\/uploads\/2024\/07\/Snapinsta.app_452521836_1031838842019656_2874626624700298803_n_1080.jpg?resize=240%2C300&amp;ssl=1 240w, https:\/\/i0.wp.com\/pcb.org.br\/portal2\/wp-content\/uploads\/2024\/07\/Snapinsta.app_452521836_1031838842019656_2874626624700298803_n_1080.jpg?resize=768%2C960&amp;ssl=1 768w, https:\/\/i0.wp.com\/pcb.org.br\/portal2\/wp-content\/uploads\/2024\/07\/Snapinsta.app_452521836_1031838842019656_2874626624700298803_n_1080.jpg?w=1080&amp;ssl=1 1080w\" sizes=\"auto, (max-width: 720px) 100vw, 720px\" \/><!--more--><\/p>\n<p>Tomamos conhecimento na \u00faltima semana, atrav\u00e9s de postagens exageradamente alarmistas nas redes sociais, de uma suposta ades\u00e3o do n\u00facleo UJC Sobral a uma outra organiza\u00e7\u00e3o. Esclarecemos a todes, portanto, que o n\u00facleo em Sobral n\u00e3o aderiu a outra organiza\u00e7\u00e3o. A realidade \u00e9 que apenas quatro at\u00e9 ent\u00e3o militantes do n\u00facleo se auto desligaram e escolheram construir outro partido, fruto do mais recente racha do PCB, em conjunto com ex-militantes que h\u00e1 tempos j\u00e1 n\u00e3o comp\u00f5em nossas fileiras.<\/p>\n<p>Utilizando t\u00e1ticas conhecidas do fracionismo no movimento comunista e oper\u00e1rio, esses dissidentes nunca buscaram coletivizar suas cr\u00edticas em n\u00facleo, escolhendo articula\u00e7\u00f5es privadas ao inv\u00e9s do debate franco e camarada. Esta a\u00e7\u00e3o, por \u00f3bvio, vai de encontro aos princ\u00edpios do marxismo-leninismo que s\u00e3o b\u00e1sicos para a UJC, onde a pr\u00e1tica da cr\u00edtica e da autocr\u00edtica de qualquer inst\u00e2ncia ou militante \u00e9 feita em espa\u00e7os coletivos de discuss\u00e3o.<\/p>\n<p>Al\u00e9m disso, este grupo segue usurpando os materiais e recursos financeiros que foram confiados enquanto ainda militava conosco, frutos de trabalho coletivo anterior \u00e0 chegada da maior parte de seus membros na nossa organiza\u00e7\u00e3o. Mesmo diante desta s\u00e9rie de a\u00e7\u00f5es, no entanto, estas pessoas continuam insistindo em se reivindicar como sendo militantes da UJC.<\/p>\n<p>Desse modo, torna-se necess\u00e1rio que venhamos a p\u00fablico deixar evidente que nenhum desses dissidentes tem mais qualquer rela\u00e7\u00e3o conosco e reafirmamos que a Uni\u00e3o da Juventude Comunista segue sendo uma organiza\u00e7\u00e3o subordinada hist\u00f3rica, pol\u00edtica e estatutariamente ao Partido que a fundou em 1927, o PCB, conforme refor\u00e7amos no nosso \u00faltimo congresso, o IX CONUJC, em 2022.<\/p>\n<p>Comunicamos a todes, por fim, que o n\u00facleo UJC Sobral continua mantendo suas atividades e organicidade, levando a cabo o nosso trabalho de organiza\u00e7\u00e3o de juventude na regi\u00e3o junto com o PCB; combatendo a ofensiva do capital contra as garantias da classe trabalhadora cearense e brasileira, representados hoje pelo governo neoliberal e anti-popular Lula-Elmano, assim como contra o avan\u00e7o da extrema-direita no nosso estado; e trabalhando rumo \u00e0 constru\u00e7\u00e3o do poder popular e do socialismo no Brasil, linha j\u00e1 ratificada na \u00faltima confer\u00eancia pol\u00edtica do PCB.<\/p>\n<p>Lutar, Criar, Poder Popular! Rumo ao Socialismo!<\/p>\n<p>Coordena\u00e7\u00e3o Estadual da Uni\u00e3o da Juventude Comunista no Cear\u00e1<\/p>\n<p>22 de julho de 2024<\/p>\n<p><a href=\"https:\/\/ujc.org.br\/ujc-sobral-a-juventude-do-pcb-na-construcao-do-poder-popular\/\">https:\/\/ujc.org.br\/ujc-sobral-a-juventude-do-pcb-na-construcao-do-poder-popular\/<\/a><\/p>\n","protected":false},"excerpt":{"rendered":"<a class=\"moretag\" href=\"https:\/\/pcb.org.br\/portal2\/31896\"> <\/a>","protected":false},"author":8,"featured_media":0,"comment_status":"closed","ping_status":"closed","sticky":false,"template":"","format":"standard","meta":{"jetpack_post_was_ever_published":false,"_jetpack_newsletter_access":"","_jetpack_dont_email_post_to_subs":false,"_jetpack_newsletter_tier_id":0,"_jetpack_memberships_contains_paywalled_content":false,"_jetpack_memberships_contains_paid_content":false,"footnotes":"","jetpack_publicize_message":"","jetpack_publicize_feature_enabled":true,"jetpack_social_post_already_shared":true,"jetpack_social_options":{"image_generator_settings":{"template":"highway","default_image_id":0,"font":"","enabled":false},"version":2}},"categories":[6,26,27],"tags":[225],"class_list":["post-31896","post","type-post","status-publish","format-standard","hentry","category-s5-juventude","category-c25-notas-politicas-do-pcb","category-c27-ujc","tag-4a"],"jetpack_publicize_connections":[],"jetpack_featured_media_url":"","jetpack_shortlink":"https:\/\/wp.me\/p659gw-8is","jetpack-related-posts":[],"jetpack_likes_enabled":true,"jetpack_sharing_enabled":true,"_links":{"self":[{"href":"https:\/\/pcb.org.br\/portal2\/wp-json\/wp\/v2\/posts\/31896","targetHints":{"allow":["GET"]}}],"collection":[{"href":"https:\/\/pcb.org.br\/portal2\/wp-json\/wp\/v2\/posts"}],"about":[{"href":"https:\/\/pcb.org.br\/portal2\/wp-json\/wp\/v2\/types\/post"}],"author":[{"embeddable":true,"href":"https:\/\/pcb.org.br\/portal2\/wp-json\/wp\/v2\/users\/8"}],"replies":[{"embeddable":true,"href":"https:\/\/pcb.org.br\/portal2\/wp-json\/wp\/v2\/comments?post=31896"}],"version-history":[{"count":1,"href":"https:\/\/pcb.org.br\/portal2\/wp-json\/wp\/v2\/posts\/31896\/revisions"}],"predecessor-version":[{"id":31899,"href":"https:\/\/pcb.org.br\/portal2\/wp-json\/wp\/v2\/posts\/31896\/revisions\/31899"}],"wp:attachment":[{"href":"https:\/\/pcb.org.br\/portal2\/wp-json\/wp\/v2\/media?parent=31896"}],"wp:term":[{"taxonomy":"category","embeddable":true,"href":"https:\/\/pcb.org.br\/portal2\/wp-json\/wp\/v2\/categories?post=31896"},{"taxonomy":"post_tag","embeddable":true,"href":"https:\/\/pcb.org.br\/portal2\/wp-json\/wp\/v2\/tags?post=31896"}],"curies":[{"name":"wp","href":"https:\/\/api.w.org\/{rel}","templated":true}]}}