{"id":31934,"date":"2024-08-06T15:40:26","date_gmt":"2024-08-06T18:40:26","guid":{"rendered":"https:\/\/pcb.org.br\/portal2\/?p=31934"},"modified":"2024-08-06T15:40:26","modified_gmt":"2024-08-06T18:40:26","slug":"ujc-97-anos-ousar-lutar-ousar-vencer","status":"publish","type":"post","link":"https:\/\/pcb.org.br\/portal2\/31934","title":{"rendered":"UJC 97 anos: Ousar Lutar, Ousar Vencer!"},"content":{"rendered":"<p><img data-recalc-dims=\"1\" loading=\"lazy\" decoding=\"async\" data-attachment-id=\"31935\" data-permalink=\"https:\/\/pcb.org.br\/portal2\/31934\/copia-de-identidade-visual-ujc-97-anos-banner-para-youtube\" data-orig-file=\"https:\/\/i0.wp.com\/pcb.org.br\/portal2\/wp-content\/uploads\/2024\/08\/Copia-de-Identidade-Visual-UJC-97-anos-Banner-para-YouTube.webp?fit=1600%2C900&amp;ssl=1\" data-orig-size=\"1600,900\" data-comments-opened=\"0\" data-image-meta=\"{&quot;aperture&quot;:&quot;0&quot;,&quot;credit&quot;:&quot;&quot;,&quot;camera&quot;:&quot;&quot;,&quot;caption&quot;:&quot;&quot;,&quot;created_timestamp&quot;:&quot;0&quot;,&quot;copyright&quot;:&quot;&quot;,&quot;focal_length&quot;:&quot;0&quot;,&quot;iso&quot;:&quot;0&quot;,&quot;shutter_speed&quot;:&quot;0&quot;,&quot;title&quot;:&quot;&quot;,&quot;orientation&quot;:&quot;0&quot;}\" data-image-title=\"Copia-de-Identidade-Visual-UJC-97-anos-Banner-para-YouTube\" data-image-description=\"\" data-image-caption=\"\" data-large-file=\"https:\/\/i0.wp.com\/pcb.org.br\/portal2\/wp-content\/uploads\/2024\/08\/Copia-de-Identidade-Visual-UJC-97-anos-Banner-para-YouTube.webp?fit=747%2C420&amp;ssl=1\" class=\"alignnone size-large wp-image-31935\" src=\"https:\/\/i0.wp.com\/pcb.org.br\/portal2\/wp-content\/uploads\/2024\/08\/Copia-de-Identidade-Visual-UJC-97-anos-Banner-para-YouTube.webp?resize=747%2C420&#038;ssl=1\" alt=\"\" width=\"747\" height=\"420\" srcset=\"https:\/\/i0.wp.com\/pcb.org.br\/portal2\/wp-content\/uploads\/2024\/08\/Copia-de-Identidade-Visual-UJC-97-anos-Banner-para-YouTube.webp?resize=900%2C506&amp;ssl=1 900w, https:\/\/i0.wp.com\/pcb.org.br\/portal2\/wp-content\/uploads\/2024\/08\/Copia-de-Identidade-Visual-UJC-97-anos-Banner-para-YouTube.webp?resize=300%2C169&amp;ssl=1 300w, https:\/\/i0.wp.com\/pcb.org.br\/portal2\/wp-content\/uploads\/2024\/08\/Copia-de-Identidade-Visual-UJC-97-anos-Banner-para-YouTube.webp?resize=768%2C432&amp;ssl=1 768w, https:\/\/i0.wp.com\/pcb.org.br\/portal2\/wp-content\/uploads\/2024\/08\/Copia-de-Identidade-Visual-UJC-97-anos-Banner-para-YouTube.webp?resize=1536%2C864&amp;ssl=1 1536w, https:\/\/i0.wp.com\/pcb.org.br\/portal2\/wp-content\/uploads\/2024\/08\/Copia-de-Identidade-Visual-UJC-97-anos-Banner-para-YouTube.webp?w=1600&amp;ssl=1 1600w\" sizes=\"auto, (max-width: 747px) 100vw, 747px\" \/><!--more--><\/p>\n<p>o dia 1\u00ba de agosto de 2024, a Uni\u00e3o da Juventude Comunista (UJC) comemorou seus 97 anos de hist\u00f3ria, marcados por uma trajet\u00f3ria de lutas e conquistas[1] na busca incessante pela supera\u00e7\u00e3o do capitalismo e a constru\u00e7\u00e3o de uma sociedade socialista. Este anivers\u00e1rio carrega um significado especial, pois celebra n\u00e3o apenas a longevidade, mas tamb\u00e9m a capacidade de resist\u00eancia e reorganiza\u00e7\u00e3o da UJC[2] frente aos desafios impostos pela conjuntura, na constante tarefa de se tornar a alternativa socialista da juventude brasileira.<\/p>\n<p>A UJC, como a Juventude do Partido Comunista Brasileiro (PCB), sempre esteve alinhada com os princ\u00edpios revolucion\u00e1rios e a luta de classes, desempenhando um papel fundamental na forma\u00e7\u00e3o de jovens militantes comprometidos com a constru\u00e7\u00e3o de um futuro socialista, rumo ao comunismo. Ao longo dos anos, enfrentamos diversos obst\u00e1culos, desde repress\u00f5es ditatoriais at\u00e9 crises internas levadas a cabo por movimentos fracionistas, que tentaram disputar nossa milit\u00e2ncia, usurpar nossos s\u00edmbolos e nossa hist\u00f3ria. Mas a UJC permaneceu firme e inabal\u00e1vel, reorganizando-se e adaptando-se \u00e0s novas realidades sem jamais perder de vista seus objetivos.<\/p>\n<p>O recente racha no PCB teve um impacto significativo na UJC, alimentando um sentimento de des\u00e2nimo e desconfian\u00e7a. No entanto, ao inv\u00e9s de sucumbir a esses desafios, a UJC se reergueu de maneira admir\u00e1vel, com uma dire\u00e7\u00e3o renovada e disposta a trabalhar para o enraizamento da estrat\u00e9gia socialista na juventude brasileira. Reconhecemos que a pr\u00e1tica da pol\u00eamica p\u00fablica, defendida pela organiza\u00e7\u00e3o fracionista, n\u00e3o trouxe frutos positivos e abriu espa\u00e7o para disputas desonestas, desmoralizando dire\u00e7\u00f5es e perpetuando pr\u00e1ticas mandonistas. Indo em dire\u00e7\u00e3o contr\u00e1ria ao ac\u00famulo coletivo \u2013 n\u00e3o s\u00f3 do Partido, mas da pr\u00f3pria UJC \u2013, os ex-dirigentes fracionistas escolheram a inf\u00e2mia, rasgando o nosso Estatuto e as nossas Resolu\u00e7\u00f5es Congressuais.<\/p>\n<p>Em resposta, a Coordena\u00e7\u00e3o Nacional da UJC (CN\/UJC) assumiu a tarefa de reorganizar a juventude comunista em todo o pa\u00eds. Esse processo envolve superar os v\u00edcios do passado, fortalecer a unidade de a\u00e7\u00e3o e disciplina revolucion\u00e1ria, e retomar o trabalho nas regi\u00f5es mais afetadas pelo racha, al\u00e9m de consolidar as bases nos estados do Sudeste.<\/p>\n<p>A UJC reafirma que sua hist\u00f3ria e s\u00edmbolos est\u00e3o intimamente ligados ao PCB, e jamais permitir\u00e1 que sejam usurpados ou dissociados do Partido. Os fracionistas que tentaram reivindicar o nome e os s\u00edmbolos da UJC n\u00e3o t\u00eam legitimidade alguma, pois a verdadeira UJC \u00e9, e sempre ser\u00e1, a juventude do Partido Comunista Brasileiro[3]. A UJC, fundada em 1\u00ba de agosto de 1927, faz parte de uma tradi\u00e7\u00e3o revolucion\u00e1ria que n\u00e3o pode ser apagada ou reescrita por interesses oportunistas.<\/p>\n<p>Reivindicamos com orgulho nossa hist\u00f3ria e nossos s\u00edmbolos, fortalecidos pela pr\u00e1tica concreta e pela unidade de a\u00e7\u00e3o. A verdadeira disputa pelos s\u00edmbolos e pela hist\u00f3ria da UJC n\u00e3o se d\u00e1 no terreno das provoca\u00e7\u00f5es p\u00fablicas, mas sim no trabalho revolucion\u00e1rio di\u00e1rio, na constru\u00e7\u00e3o de uma juventude consciente e organizada, comprometida com a luta contra o capitalismo e o imperialismo.<\/p>\n<p>Neste anivers\u00e1rio de 97 anos, a UJC reafirma seu compromisso com os ideais comunistas e com o PCB, convocando jovens de todo o pa\u00eds a se juntarem a n\u00f3s na constru\u00e7\u00e3o de um futuro justo e igualit\u00e1rio. Continuaremos a formar militantes revolucion\u00e1rios, a organizar a juventude nos locais de estudo, moradia e trabalho, e a difundir a import\u00e2ncia de construirmos uma alternativa de sociedade que ponha fim a todas as opress\u00f5es e acabe com a explora\u00e7\u00e3o do homem pelo homem.<\/p>\n<p>Rumo ao X Congresso da UJC! Este ser\u00e1 um momento fundamental para fortalecer nossa organiza\u00e7\u00e3o com o uso da intelig\u00eancia coletiva para superar nossas falhas e limita\u00e7\u00f5es e tra\u00e7ar os caminhos para atingir nossos objetivos hist\u00f3ricos e atuais, reafirmando nosso compromisso com a revolu\u00e7\u00e3o brasileira e a constru\u00e7\u00e3o de uma sociedade socialista rumo ao comunismo.<\/p>\n<p>A UJC \u00e9 a Juventude do PCB, e nossa hist\u00f3ria, nossos s\u00edmbolos e nossa luta jamais ser\u00e3o roubados ou dissociados! Seguimos firmes e inabal\u00e1veis em nossa luta!<\/p>\n<p>\u00c9 REVOLUCION\u00c1RIA E ANTI-IMPERIALISTA, VIVA A UNI\u00c3O DA JUVENTUDE COMUNISTA!<\/p>\n<p>UJC, OUSAR LUTAR, OUSAR VENCER!<\/p>\n<p>Coordena\u00e7\u00e3o Nacional da Uni\u00e3o da Juventude Comunista<\/p>\n<p>1\u00ba de agosto de 2024<\/p>\n<p>Notas de Rodap\u00e9:<\/p>\n<p>1 &#8211; A UJC protagonizou importantes momentos da hist\u00f3ria nacional, como a luta contra o fascismo, a funda\u00e7\u00e3o da Uni\u00e3o Nacional dos Estudantes (UNE), a campanha \u201cO Petr\u00f3leo \u00e9 Nosso\u201d, a constru\u00e7\u00e3o dos Centros Populares de Cultura (CPCs) e a luta contra a ditadura empresarial-militar de 1964. Para saber mais leia a hist\u00f3ria da UJC. \u21a9\ufe0e<br \/>\n2 &#8211;\u00a0 Leia o poema Uma F\u00eanix Vermelha Chamada UJC, de autoria do camarada Geraldinho, militante hist\u00f3rico do PCB em Volta Redonda desde a juventude. A f\u00eanix, criatura mitol\u00f3gica capaz de renascer das pr\u00f3prias cinzas, simboliza a ideia de supera\u00e7\u00e3o de adversidades, renova\u00e7\u00e3o e a perpetua\u00e7\u00e3o da vida, mesmo ap\u00f3s per\u00edodos de dificuldade ou crise. \u21a9\ufe0e<br \/>\n3 &#8211; O 1\u00b0 artigo do Estatuto da UJC estabelece o seguinte: \u201cA Uni\u00e3o da Juventude Comunista (UJC), \u00e9 a Juventude do Partido Comunista Brasileiro (PCB) e sua escola de quadros, submetida a ele hist\u00f3rica, org\u00e2nica, pol\u00edtica e ideologicamente, possuindo autonomia relativa em rela\u00e7\u00e3o ao PCB, ou seja, mantendo seus pr\u00f3prios congressos, organismos, dire\u00e7\u00e3o, finan\u00e7as, etc, na medida em que sua exist\u00eancia, suas dire\u00e7\u00f5es e a\u00e7\u00f5es s\u00e3o referendadas pelo PCB, em seus respectivos organismos\u201d. \u21a9\ufe0e<\/p>\n","protected":false},"excerpt":{"rendered":"<a class=\"moretag\" href=\"https:\/\/pcb.org.br\/portal2\/31934\"> <\/a>","protected":false},"author":8,"featured_media":0,"comment_status":"closed","ping_status":"closed","sticky":false,"template":"","format":"standard","meta":{"jetpack_post_was_ever_published":false,"_jetpack_newsletter_access":"","_jetpack_dont_email_post_to_subs":false,"_jetpack_newsletter_tier_id":0,"_jetpack_memberships_contains_paywalled_content":false,"_jetpack_memberships_contains_paid_content":false,"footnotes":"","jetpack_publicize_message":"","jetpack_publicize_feature_enabled":true,"jetpack_social_post_already_shared":true,"jetpack_social_options":{"image_generator_settings":{"template":"highway","default_image_id":0,"font":"","enabled":false},"version":2}},"categories":[6,27],"tags":[225],"class_list":["post-31934","post","type-post","status-publish","format-standard","hentry","category-s5-juventude","category-c27-ujc","tag-4a"],"jetpack_publicize_connections":[],"jetpack_featured_media_url":"","jetpack_shortlink":"https:\/\/wp.me\/p659gw-8j4","jetpack-related-posts":[],"jetpack_likes_enabled":true,"jetpack_sharing_enabled":true,"_links":{"self":[{"href":"https:\/\/pcb.org.br\/portal2\/wp-json\/wp\/v2\/posts\/31934","targetHints":{"allow":["GET"]}}],"collection":[{"href":"https:\/\/pcb.org.br\/portal2\/wp-json\/wp\/v2\/posts"}],"about":[{"href":"https:\/\/pcb.org.br\/portal2\/wp-json\/wp\/v2\/types\/post"}],"author":[{"embeddable":true,"href":"https:\/\/pcb.org.br\/portal2\/wp-json\/wp\/v2\/users\/8"}],"replies":[{"embeddable":true,"href":"https:\/\/pcb.org.br\/portal2\/wp-json\/wp\/v2\/comments?post=31934"}],"version-history":[{"count":1,"href":"https:\/\/pcb.org.br\/portal2\/wp-json\/wp\/v2\/posts\/31934\/revisions"}],"predecessor-version":[{"id":31936,"href":"https:\/\/pcb.org.br\/portal2\/wp-json\/wp\/v2\/posts\/31934\/revisions\/31936"}],"wp:attachment":[{"href":"https:\/\/pcb.org.br\/portal2\/wp-json\/wp\/v2\/media?parent=31934"}],"wp:term":[{"taxonomy":"category","embeddable":true,"href":"https:\/\/pcb.org.br\/portal2\/wp-json\/wp\/v2\/categories?post=31934"},{"taxonomy":"post_tag","embeddable":true,"href":"https:\/\/pcb.org.br\/portal2\/wp-json\/wp\/v2\/tags?post=31934"}],"curies":[{"name":"wp","href":"https:\/\/api.w.org\/{rel}","templated":true}]}}