{"id":31942,"date":"2024-08-06T21:27:13","date_gmt":"2024-08-07T00:27:13","guid":{"rendered":"https:\/\/pcb.org.br\/portal2\/?p=31942"},"modified":"2024-08-06T22:17:23","modified_gmt":"2024-08-07T01:17:23","slug":"resolucao-sobre-criterios-para-distribuicao-do-fundo-especial-de-financiamento-de-campanha-nas-eleicoes-2024","status":"publish","type":"post","link":"https:\/\/pcb.org.br\/portal2\/31942","title":{"rendered":"RESOLU\u00c7\u00c3O SOBRE CRIT\u00c9RIOS PARA DISTRIBUI\u00c7\u00c3O DO FUNDO ESPECIAL DE FINANCIAMENTO DE CAMPANHA NAS ELEI\u00c7\u00d5ES 2024"},"content":{"rendered":"<p><img decoding=\"async\" class=\"imagem\" src=\"https:\/\/lh3.googleusercontent.com\/pw\/AP1GczOVqdwKXx7A-pOyKYYFnMdotPheIDiAYdFqnLEB0CN63LbFClcZE7KoCunpMyC5SBHyb5YpCwHR5sVSBxrTzlxx_9ETVOhGZu-CYJZDqtISrKneelELE54WP9Eu76YBryndNg04zyCPnravF2X560VX=w310-h380-s-no\" \/><!--more-->A COMISS\u00c3O POL\u00cdTICA NACIONAL DO PCB \u2014 CPN, reunida em 05 de julho de 2024, na cidade do Rio de Janeiro (RJ), conforme determina\u00e7\u00e3o do Comit\u00ea Central do PCB, deliberou acerca do USO do Fundo Especial de Financiamento de Campanha (FEFC), de acordo com a Resolu\u015f\u00e1o TSE n\u00b0 23.605\/2019, e nos termos dos artigos 16-C e 16-D, da Lei n\u00b0 9.504\/1997, resolve:<\/p>\n<p style=\"padding-left: 80px;\">Art. 1\u00ba. Os valores do Fundo Especial de Financiamento de Campanha (FEFC) ser\u00e3o repassados pelo Comit\u00ea Central aos Comit\u00eas Regionais, Municipais e\/ou diretamente aos(\u00e0s) candidatos(as) de acordo com os seguintes crit\u00e9rios:<\/p>\n<p style=\"padding-left: 80px;\">I \u2014 No m\u00ednimo 30% (trinta por cento) do valor total ser\u00e3o destinados para as candidaturas femininas majorit\u00e1rias e proporcionais, obedecendo \u00e0 ordem de prioridade definida pelo Comit\u00ea Central, Comit\u00eas Regionais e Comit\u00eas Municipais;<\/p>\n<p style=\"padding-left: 80px;\">II \u2014 OS 70% (setenta por cento) restantes ser\u00e3o distribu\u00eddos na ordem de prioridade definidas da seguinte forma: o m\u00ednimo de 10 e o m\u00e1ximo de 60% a candidaturas para prefeito (a); e O m\u00ednimo de 05 e m\u00e1ximo de 40% \u00e0s candidaturas a vereador(a);<\/p>\n<p style=\"padding-left: 80px;\">Art. 2\u00ba. Ficar\u00e1 a crit\u00e9rio de cada Comit\u00ea Regional ou Municipal definir os quantitativos a serem distribu\u00eddos aos(\u00e0s) candidatos(as), obedecendo \u00e0 reserva para candidaturas femininas e ao valor proporcional \u00e0s candidaturas negras, nos termos estabelecidos pelo TSE.<\/p>\n<p style=\"padding-left: 80px;\">Art. 3\u00ba. Os crit\u00e9rios de prioridade e hierarquia de valores estabelecidos \u00e0s respectivas candidaturas levar\u00e1 em considera\u00e7\u00e3o o potencial eleitoral, com perspectivas para a continuidade do trabalho pol\u00edtico e na organiza\u00e7\u00e3o partid\u00e1ria.<\/p>\n<p style=\"padding-left: 80px;\">Art. 4\u00ba. A divulga\u00e7\u00e3o dos crit\u00e9rios estabelecidos nesta Resolu\u00e7\u00e3o ser\u00e1 postada em nossa p\u00e1gina na Rede Mundial de Computadores (Internet), www.pcb.org.br, em se\u00e7\u00e3o espec\u00edfica sobre as elei\u00e7\u00f5es 2024, onde constar\u00e3o informa\u00e7\u00f5es de todos os candidatos e candidatas do PCB pelo Brasil.<\/p>\n<p style=\"padding-left: 80px;\">Art. 5\u00ba O Fundo Especial de Financiamento de Campanha (FEFC) dever\u00e1 ser depositado na seguinte conta corrente: Banco do Brasil (001), ag\u00eancia 2809-6 e conta corrente 38.187-X.<\/p>\n<p style=\"padding-left: 80px;\">Art. 6\u00ba Os casos omissos nesta resolu\u00e7\u00e3o ser\u00e3o resolvidos pela Comiss\u00e3o Pol\u00edtica Nacional \u2014 CPN.<\/p>\n<p style=\"padding-left: 80px;\">Art. 7\u00ba Esta Resolu\u00e7\u00e3o, aprovada por todos os signat\u00e1rios presentes, membros da Comiss\u00e3o Pol\u00edtica Nacional, entra em vigor a partir da presente data.<\/p>\n<p>Rio de Janeiro \u2014 RJ, 05 de julho de 2024.<\/p>\n<p>1 &#8211; Edmilson Silva Costa: Secret\u00e1rio-Geral<\/p>\n<p>2 &#8211; Edilson Neves Gomes: Secret\u00e1rio de Organiza\u00e7\u00e3o<\/p>\n<p>3 &#8211; T\u00falio C\u00e9sar Dias Lopes: Secret\u00e1rio de Organiza\u00e7\u00e3o<\/p>\n<p>4 &#8211; Heitor C\u00e9sar Ribeiro de Oliveira: Secret\u00e1rio de Organiza\u00e7\u00e3o<br \/>\n5 &#8211; Ricardo da Gama Rosa Costa: Secret\u00e1rio de Comunica\u00e7\u00e3o Social<br \/>\n6 &#8211; F\u00e1bio Aparecido Martins Bezerra: Secret\u00e1rio de Comunica\u00e7\u00e3o Social<br \/>\n7 &#8211; C\u00e1ssio Raimundo Sim\u00f5es Canhoto: Secret\u00e1rio Sindical<br \/>\n8 &#8211; Jos\u00e9 Milton Pinheiro de Souza: Secret\u00e1rio de Forma\u00e7\u00e3o Pol\u00edtica<br \/>\n9 &#8211; Victor Neves de Souza: Secret\u00e1rio de Juventude<br \/>\n10 &#8211; Sofia P\u00e1dua Manzano: Secret\u00e1ria de Rela\u00e7\u00f5es Internacionais<br \/>\n11 &#8211; Ant\u00f4nio Carlos Mazzeo: Secret\u00e1rio de Solidariedade Internacional<br \/>\n12 &#8211; Marta Bar\u00e7ante Pires: Secretaria de Mulheres<br \/>\n13 &#8211; Renata Regina de Abreu Rodrigues: Secretaria de Mulheres<br \/>\n14 &#8211; Sidney Sebasti\u00e3o de Moura e Silva: Secretaria de Movimento Popular e de Massas<br \/>\n15 &#8211; Ant\u00f4nio Alves da Silva J\u00fanior: Secret\u00e1rio de Movimento Popular e de Massas<\/p>\n","protected":false},"excerpt":{"rendered":"<a class=\"moretag\" href=\"https:\/\/pcb.org.br\/portal2\/31942\"> <\/a>","protected":false},"author":1,"featured_media":0,"comment_status":"closed","ping_status":"closed","sticky":false,"template":"","format":"standard","meta":{"jetpack_post_was_ever_published":false,"_jetpack_newsletter_access":"","_jetpack_dont_email_post_to_subs":false,"_jetpack_newsletter_tier_id":0,"_jetpack_memberships_contains_paywalled_content":false,"_jetpack_memberships_contains_paid_content":false,"footnotes":"","jetpack_publicize_message":"","jetpack_publicize_feature_enabled":true,"jetpack_social_post_already_shared":true,"jetpack_social_options":{"image_generator_settings":{"template":"highway","default_image_id":0,"font":"","enabled":false},"version":2}},"categories":[386],"tags":[],"class_list":["post-31942","post","type-post","status-publish","format-standard","hentry","category-eleicoes-2024"],"jetpack_publicize_connections":[],"jetpack_featured_media_url":"","jetpack_shortlink":"https:\/\/wp.me\/p659gw-8jc","jetpack-related-posts":[],"jetpack_likes_enabled":true,"jetpack_sharing_enabled":true,"_links":{"self":[{"href":"https:\/\/pcb.org.br\/portal2\/wp-json\/wp\/v2\/posts\/31942","targetHints":{"allow":["GET"]}}],"collection":[{"href":"https:\/\/pcb.org.br\/portal2\/wp-json\/wp\/v2\/posts"}],"about":[{"href":"https:\/\/pcb.org.br\/portal2\/wp-json\/wp\/v2\/types\/post"}],"author":[{"embeddable":true,"href":"https:\/\/pcb.org.br\/portal2\/wp-json\/wp\/v2\/users\/1"}],"replies":[{"embeddable":true,"href":"https:\/\/pcb.org.br\/portal2\/wp-json\/wp\/v2\/comments?post=31942"}],"version-history":[{"count":2,"href":"https:\/\/pcb.org.br\/portal2\/wp-json\/wp\/v2\/posts\/31942\/revisions"}],"predecessor-version":[{"id":31944,"href":"https:\/\/pcb.org.br\/portal2\/wp-json\/wp\/v2\/posts\/31942\/revisions\/31944"}],"wp:attachment":[{"href":"https:\/\/pcb.org.br\/portal2\/wp-json\/wp\/v2\/media?parent=31942"}],"wp:term":[{"taxonomy":"category","embeddable":true,"href":"https:\/\/pcb.org.br\/portal2\/wp-json\/wp\/v2\/categories?post=31942"},{"taxonomy":"post_tag","embeddable":true,"href":"https:\/\/pcb.org.br\/portal2\/wp-json\/wp\/v2\/tags?post=31942"}],"curies":[{"name":"wp","href":"https:\/\/api.w.org\/{rel}","templated":true}]}}