{"id":31999,"date":"2024-08-25T18:33:39","date_gmt":"2024-08-25T21:33:39","guid":{"rendered":"https:\/\/pcb.org.br\/portal2\/?p=31999"},"modified":"2024-08-25T18:36:44","modified_gmt":"2024-08-25T21:36:44","slug":"a-questao-agraria-e-o-pantanal-em-chamas","status":"publish","type":"post","link":"https:\/\/pcb.org.br\/portal2\/31999","title":{"rendered":"A quest\u00e3o agr\u00e1ria e o Pantanal em chamas"},"content":{"rendered":"<p><img data-recalc-dims=\"1\" loading=\"lazy\" decoding=\"async\" data-attachment-id=\"32000\" data-permalink=\"https:\/\/pcb.org.br\/portal2\/31999\/36_retro_2023_incendios_castigam_o_pantanal\" data-orig-file=\"https:\/\/i0.wp.com\/pcb.org.br\/portal2\/wp-content\/uploads\/2024\/08\/36_retro_2023_incendios_castigam_o_pantanal.webp?fit=1170%2C700&amp;ssl=1\" data-orig-size=\"1170,700\" data-comments-opened=\"0\" data-image-meta=\"{&quot;aperture&quot;:&quot;0&quot;,&quot;credit&quot;:&quot;&quot;,&quot;camera&quot;:&quot;&quot;,&quot;caption&quot;:&quot;&quot;,&quot;created_timestamp&quot;:&quot;0&quot;,&quot;copyright&quot;:&quot;&quot;,&quot;focal_length&quot;:&quot;0&quot;,&quot;iso&quot;:&quot;0&quot;,&quot;shutter_speed&quot;:&quot;0&quot;,&quot;title&quot;:&quot;&quot;,&quot;orientation&quot;:&quot;0&quot;}\" data-image-title=\"36_retro_2023_incendios_castigam_o_pantanal\" data-image-description=\"\" data-image-caption=\"\" data-large-file=\"https:\/\/i0.wp.com\/pcb.org.br\/portal2\/wp-content\/uploads\/2024\/08\/36_retro_2023_incendios_castigam_o_pantanal.webp?fit=747%2C447&amp;ssl=1\" class=\"alignnone size-large wp-image-32000\" src=\"https:\/\/i0.wp.com\/pcb.org.br\/portal2\/wp-content\/uploads\/2024\/08\/36_retro_2023_incendios_castigam_o_pantanal.webp?resize=747%2C447&#038;ssl=1\" alt=\"\" width=\"747\" height=\"447\" srcset=\"https:\/\/i0.wp.com\/pcb.org.br\/portal2\/wp-content\/uploads\/2024\/08\/36_retro_2023_incendios_castigam_o_pantanal.webp?resize=900%2C538&amp;ssl=1 900w, https:\/\/i0.wp.com\/pcb.org.br\/portal2\/wp-content\/uploads\/2024\/08\/36_retro_2023_incendios_castigam_o_pantanal.webp?resize=300%2C179&amp;ssl=1 300w, https:\/\/i0.wp.com\/pcb.org.br\/portal2\/wp-content\/uploads\/2024\/08\/36_retro_2023_incendios_castigam_o_pantanal.webp?resize=768%2C459&amp;ssl=1 768w, https:\/\/i0.wp.com\/pcb.org.br\/portal2\/wp-content\/uploads\/2024\/08\/36_retro_2023_incendios_castigam_o_pantanal.webp?w=1170&amp;ssl=1 1170w\" sizes=\"auto, (max-width: 747px) 100vw, 747px\" \/><!--more--><\/p>\n<p>GUERRAS PANTANEIRAS: Um ensaio sobre sa\u00fade planet\u00e1ria, a quest\u00e3o agr\u00e1ria e as cinzas de um Pantanal em chamas<\/p>\n<p>Autoria: Rita Barbosa, m\u00e9dica e militante do PCB MS<\/p>\n<p>A MURALHA DE FOGO<\/p>\n<p>O Pantanal est\u00e1 em chamas. Diariamente novos focos de inc\u00eandio surgem na maior \u00e1rea \u00famida do planeta, ocasionando cen\u00e1rios outrora dist\u00f3picos como a \u201cmuralha de fogo\u201d fotografada em Corumb\u00e1. Segundo levantamento do Programa Queimadas, do Instituto Nacional de Pesquisas Espaciais (INPE), junho deste ano apresentou o maior n\u00famero registrado de queimadas no m\u00eas desde 1996. Em consulta realizada em 29 de junho de 2024, os dados do INPE apontaram 2632 focos de inc\u00eandio &#8211; aproximadamente um inc\u00eandio a cada dezesseis minutos -, um valor seis vezes maior que o m\u00e1ximo j\u00e1 registrado para o per\u00edodo at\u00e9 ent\u00e3o. 1<\/p>\n<p>O fator mais alarmante, contudo, ainda est\u00e1 pela frente: a tend\u00eancia \u00e9 que a partir de julho os inc\u00eandios aumentem, at\u00e9 alcan\u00e7ar um pico em setembro e declinar em dezembro. Esse vem sendo o padr\u00e3o nas \u00faltimas duas d\u00e9cadas e n\u00e3o h\u00e1 muitos motivos que apontem para um desfecho diferente em 2024, nos restando buscar formas de mitigar e prevenir sequelas de mais um desastre ambiental na Terra do Agro.<\/p>\n<p>\u00c9 no m\u00ednimo preocupante que as not\u00edcias anuais sobre o suporte contra inc\u00eandio pelos avi\u00f5es da FAB est\u00e3o vindo em junho e n\u00e3o em agosto. Se a FAB j\u00e1 veio nos acudir agora, quem vir\u00e1 em setembro quando o \u00e1pice chegar? A ruralista e fazendeira sulmatogrossense, Simone Tebet &#8211; por sinal, atual ministra do Planejamento e Or\u00e7amento -, fala sobre uma \u201cguerra contra o fogo\u201d e questiono: quem de fato est\u00e1 nessa guerra? E, acima de tudo, \u00e9 mesmo o fogo o inimigo aqui ou seria mais uma sequela ardente de uma guerra secular travada contra a terra e seus povos?<\/p>\n<p>&nbsp;<\/p>\n<p><img data-recalc-dims=\"1\" loading=\"lazy\" decoding=\"async\" data-attachment-id=\"32001\" data-permalink=\"https:\/\/pcb.org.br\/portal2\/31999\/image-4-6\" data-orig-file=\"https:\/\/i0.wp.com\/pcb.org.br\/portal2\/wp-content\/uploads\/2024\/08\/image-4.png?fit=963%2C366&amp;ssl=1\" data-orig-size=\"963,366\" data-comments-opened=\"0\" data-image-meta=\"{&quot;aperture&quot;:&quot;0&quot;,&quot;credit&quot;:&quot;&quot;,&quot;camera&quot;:&quot;&quot;,&quot;caption&quot;:&quot;&quot;,&quot;created_timestamp&quot;:&quot;0&quot;,&quot;copyright&quot;:&quot;&quot;,&quot;focal_length&quot;:&quot;0&quot;,&quot;iso&quot;:&quot;0&quot;,&quot;shutter_speed&quot;:&quot;0&quot;,&quot;title&quot;:&quot;&quot;,&quot;orientation&quot;:&quot;0&quot;}\" data-image-title=\"image (4)\" data-image-description=\"\" data-image-caption=\"\" data-large-file=\"https:\/\/i0.wp.com\/pcb.org.br\/portal2\/wp-content\/uploads\/2024\/08\/image-4.png?fit=747%2C284&amp;ssl=1\" class=\"alignnone size-large wp-image-32001\" src=\"https:\/\/i0.wp.com\/pcb.org.br\/portal2\/wp-content\/uploads\/2024\/08\/image-4.png?resize=747%2C284&#038;ssl=1\" alt=\"\" width=\"747\" height=\"284\" srcset=\"https:\/\/i0.wp.com\/pcb.org.br\/portal2\/wp-content\/uploads\/2024\/08\/image-4.png?resize=900%2C342&amp;ssl=1 900w, https:\/\/i0.wp.com\/pcb.org.br\/portal2\/wp-content\/uploads\/2024\/08\/image-4.png?resize=300%2C114&amp;ssl=1 300w, https:\/\/i0.wp.com\/pcb.org.br\/portal2\/wp-content\/uploads\/2024\/08\/image-4.png?resize=768%2C292&amp;ssl=1 768w, https:\/\/i0.wp.com\/pcb.org.br\/portal2\/wp-content\/uploads\/2024\/08\/image-4.png?w=963&amp;ssl=1 963w\" sizes=\"auto, (max-width: 747px) 100vw, 747px\" \/><\/p>\n<p>Registro de focos de inc\u00eandio por m\u00eas do ano. | Fonte: Monitoramento dos Focos Ativos por Bioma, Programa Queimadas, INPE, MCTI. Consulta em 29 de junho de 2024.<\/p>\n<p><img data-recalc-dims=\"1\" loading=\"lazy\" decoding=\"async\" data-attachment-id=\"32002\" data-permalink=\"https:\/\/pcb.org.br\/portal2\/31999\/image-5-4\" data-orig-file=\"https:\/\/i0.wp.com\/pcb.org.br\/portal2\/wp-content\/uploads\/2024\/08\/image-5.png?fit=920%2C523&amp;ssl=1\" data-orig-size=\"920,523\" data-comments-opened=\"0\" data-image-meta=\"{&quot;aperture&quot;:&quot;0&quot;,&quot;credit&quot;:&quot;&quot;,&quot;camera&quot;:&quot;&quot;,&quot;caption&quot;:&quot;&quot;,&quot;created_timestamp&quot;:&quot;0&quot;,&quot;copyright&quot;:&quot;&quot;,&quot;focal_length&quot;:&quot;0&quot;,&quot;iso&quot;:&quot;0&quot;,&quot;shutter_speed&quot;:&quot;0&quot;,&quot;title&quot;:&quot;&quot;,&quot;orientation&quot;:&quot;0&quot;}\" data-image-title=\"image (5)\" data-image-description=\"\" data-image-caption=\"\" data-large-file=\"https:\/\/i0.wp.com\/pcb.org.br\/portal2\/wp-content\/uploads\/2024\/08\/image-5.png?fit=747%2C425&amp;ssl=1\" class=\"alignnone size-large wp-image-32002\" src=\"https:\/\/i0.wp.com\/pcb.org.br\/portal2\/wp-content\/uploads\/2024\/08\/image-5.png?resize=747%2C425&#038;ssl=1\" alt=\"\" width=\"747\" height=\"425\" srcset=\"https:\/\/i0.wp.com\/pcb.org.br\/portal2\/wp-content\/uploads\/2024\/08\/image-5.png?resize=900%2C512&amp;ssl=1 900w, https:\/\/i0.wp.com\/pcb.org.br\/portal2\/wp-content\/uploads\/2024\/08\/image-5.png?resize=300%2C171&amp;ssl=1 300w, https:\/\/i0.wp.com\/pcb.org.br\/portal2\/wp-content\/uploads\/2024\/08\/image-5.png?resize=768%2C437&amp;ssl=1 768w, https:\/\/i0.wp.com\/pcb.org.br\/portal2\/wp-content\/uploads\/2024\/08\/image-5.png?resize=388%2C220&amp;ssl=1 388w, https:\/\/i0.wp.com\/pcb.org.br\/portal2\/wp-content\/uploads\/2024\/08\/image-5.png?w=920&amp;ssl=1 920w\" sizes=\"auto, (max-width: 747px) 100vw, 747px\" \/><\/p>\n<p>Comparativo dos dados do ano corrente com os valores m\u00e1ximos, m\u00e9dios e m\u00ednimos, no per\u00edodo de 1998 at\u00e9 28\/Jun. | Fonte: Monitoramento dos Focos Ativos por Bioma, Programa Queimadas, INPE, MCTI. Consulta em 29 de junho de 2024.<\/p>\n<p>O PALCO DA GUERRA<\/p>\n<p>O Pantanal \u00e9 uma extensa \u00e1rea localizada na Bacia do Alto Paraguai, situada entre o Brasil, a Bol\u00edvia e o Paraguai, com altimetria variando entre 90 e 180 m do n\u00edvel do mar. Em sua por\u00e7\u00e3o brasileira, divide-se entre os estados de Mato Grosso do Sul e Mato Grosso, tendo \u00e0 margem leste as plan\u00edcies e planaltos do Cerrado &#8211; que chegam a 400m de altitude. 2<\/p>\n<p>&nbsp;<\/p>\n<p><img data-recalc-dims=\"1\" loading=\"lazy\" decoding=\"async\" data-attachment-id=\"32003\" data-permalink=\"https:\/\/pcb.org.br\/portal2\/31999\/image-6-2\" data-orig-file=\"https:\/\/i0.wp.com\/pcb.org.br\/portal2\/wp-content\/uploads\/2024\/08\/image-6.png?fit=304%2C430&amp;ssl=1\" data-orig-size=\"304,430\" data-comments-opened=\"0\" data-image-meta=\"{&quot;aperture&quot;:&quot;0&quot;,&quot;credit&quot;:&quot;&quot;,&quot;camera&quot;:&quot;&quot;,&quot;caption&quot;:&quot;&quot;,&quot;created_timestamp&quot;:&quot;0&quot;,&quot;copyright&quot;:&quot;&quot;,&quot;focal_length&quot;:&quot;0&quot;,&quot;iso&quot;:&quot;0&quot;,&quot;shutter_speed&quot;:&quot;0&quot;,&quot;title&quot;:&quot;&quot;,&quot;orientation&quot;:&quot;0&quot;}\" data-image-title=\"image (6)\" data-image-description=\"\" data-image-caption=\"\" data-large-file=\"https:\/\/i0.wp.com\/pcb.org.br\/portal2\/wp-content\/uploads\/2024\/08\/image-6.png?fit=304%2C430&amp;ssl=1\" class=\"alignnone size-full wp-image-32003\" src=\"https:\/\/i0.wp.com\/pcb.org.br\/portal2\/wp-content\/uploads\/2024\/08\/image-6.png?resize=304%2C430&#038;ssl=1\" alt=\"\" width=\"304\" height=\"430\" srcset=\"https:\/\/i0.wp.com\/pcb.org.br\/portal2\/wp-content\/uploads\/2024\/08\/image-6.png?w=304&amp;ssl=1 304w, https:\/\/i0.wp.com\/pcb.org.br\/portal2\/wp-content\/uploads\/2024\/08\/image-6.png?resize=212%2C300&amp;ssl=1 212w\" sizes=\"auto, (max-width: 304px) 100vw, 304px\" \/><br \/>\nMapeamento das cobertura vegetal do Pantanal. | Fonte: WWF Brasil.<\/p>\n<p>\u00c9 a maior \u00e1rea \u00famida do planeta, sendo um dos ecossistemas com maior capacidade de capta\u00e7\u00e3o de carbono, o que reduz a quantidade de CO2 na atmosfera.3 Sua fauna \u00e9 derivada do cerrado com influ\u00eancias amaz\u00f4nicas, composta por mais de 600 esp\u00e9cies de aves e centenas de esp\u00e9cies de peixes, mam\u00edferos, r\u00e9pteis e anf\u00edbios.4 A flora tamb\u00e9m possui um padr\u00e3o de miscel\u00e2nea com plantas migradas do Cerrado, da Amaz\u00f4nia, do Chaco e da Mata Atl\u00e2ntica &#8211; em verdade, s\u00e3o raras as esp\u00e9cies exclusivas do Pantanal, por\u00e9m o arranjo de esp\u00e9cies \u00e9 \u00fanico e caracter\u00edstico da \u00e1rea.5<\/p>\n<p>O clima \u00e9 caracterizado por um padr\u00e3o bipolar, ou bif\u00e1sico, em que alternam-se dois per\u00edodos bem demarcados: ver\u00e3o (quente e \u00famido) e inverno (frio e seco).6 Usualmente, h\u00e1 um equil\u00edbrio entre os p\u00f3los, por\u00e9m recentemente tem sido registrado um predom\u00ednio do per\u00edodo de seca\/estiagem e\/ou de aumento das temperaturas. Isso tem rela\u00e7\u00e3o direta com a maior ocorr\u00eancia de inc\u00eandios na regi\u00e3o.7<\/p>\n<p>Estudos arqueol\u00f3gicos apontam para uma ocupa\u00e7\u00e3o inicial por humanos h\u00e1 cerca de 20 mil anos, sendo consolidada h\u00e1 aproximadamente tr\u00eas mil anos com os \u201cpovos das cer\u00e2micas\u201d.8 A invas\u00e3o colonial europeia, iniciada na regi\u00e3o no s\u00e9culo XVI, encontrou no Pantanal um mosaico cultural j\u00e1 formado por diferentes povos ind\u00edgenas de matriz Macro-J\u00ea, Guarani e Aruak. 9<\/p>\n<p>Segue-se, ent\u00e3o, o padr\u00e3o de coloniza\u00e7\u00e3o agr\u00edcola, com demarca\u00e7\u00e3o de terras, organiza\u00e7\u00e3o das fazendas e implementa\u00e7\u00e3o da pecu\u00e1ria, estabelecendo um novo modelo de rela\u00e7\u00f5es sociais baseada na propriedade da terra e na escraviza\u00e7\u00e3o de pessoas ind\u00edgenas.10 Eventualmente, \u00e0 parte das elites burguesas, se consolida uma massa de trabalhadores rurais com miscigena\u00e7\u00e3o de povos tradicionais do Brasil, da Bol\u00edvia e do Paraguai, al\u00e9m de povos negros escravizados e, em menor parte, de brancos espanhois ou portugueses. Essa massa constitui um dialeto pr\u00f3prio e h\u00e1bitos espec\u00edficos na rela\u00e7\u00e3o com o ambiente, configurando a imagem do povo pantaneiro.11<\/p>\n<p>Al\u00e9m da resist\u00eancia pol\u00edtica, a pr\u00f3pria viv\u00eancia-al\u00e9m-da-sobreviv\u00eancia se mostra como mecanismo de rebeldia potente entre os diversos povos que comp\u00f5em o Pantanal. As esculturas Kadiw\u00e9u revelam muito de um povo centen\u00e1rio que v\u00ea nas cer\u00e2micas uma forma de registro cultural e hist\u00f3rico, algo similar \u00e0s artes Terenas que tamb\u00e9m imprimem ancestralidade e resist\u00eancia atrav\u00e9s de formas geom\u00e9tricas em cer\u00e2micas e na tecelagem. A artista corumbaense Izulina Gomes Xavier \u00e9 respons\u00e1vel por diversas obras de arte que se tornaram s\u00edmbolos culturais de munic\u00edpios por todo o estado de Mato Grosso do Sul. Adriano Figueiredo \u00e9 tamb\u00e9m um ponto de destaque, com sua arte-den\u00fancia, utilizando das cinzas do Pantanal para compor suas telas. Portanto, apesar de palco de desastres, genoc\u00eddios e diversas formas de viol\u00eancia, ainda h\u00e1 espa\u00e7o para arte e resist\u00eancia em meio aos p\u00e2ntanos.<\/p>\n<p>&nbsp;<\/p>\n<p>O PANTANAL INVADIDO<\/p>\n<p>&nbsp;<\/p>\n<p>A partir da d\u00e9cada de 1970, com a divis\u00e3o de Mato Grosso e a cria\u00e7\u00e3o do estado de Mato Grosso do Sul, associada a pol\u00edticas de expans\u00e3o dentro do territ\u00f3rio brasileiro nas regi\u00f5es Norte e Centro-Oeste, o Pantanal passa por mudan\u00e7as intensas. A cria\u00e7\u00e3o\/extens\u00e3o da rodovia BR-262, as mudan\u00e7as nas din\u00e2micas mercadol\u00f3gicas nacionais e internacionais associadas \u00e0 necessidade de cria\u00e7\u00e3o de novas fontes de renda para a elite agr\u00e1ria resultaram em mudan\u00e7as dr\u00e1sticas nas rela\u00e7\u00f5es socioecon\u00f4micas, ambientais e culturais na regi\u00e3o.12 A cria\u00e7\u00e3o do turismo, atrav\u00e9s da espetaculariza\u00e7\u00e3o do Pantanal, emerge como fonte de renda adicional aos tradicionais pecuaristas.10<\/p>\n<p>Mediante o avan\u00e7o das for\u00e7as capitalistas sobre a regi\u00e3o Pantaneira, consolida-se o fen\u00f4meno da renda da terra\/renda fundi\u00e1ria, descrita por Marx no terceiro livro de sua magnum opus, O Capital:<\/p>\n<p>&nbsp;<\/p>\n<p>\u201cA renda fundi\u00e1ria se apresenta como certa soma de dinheiro que o propriet\u00e1rio da terra recebe anualmente mediante o arrendamento de um peda\u00e7o do globo terrestre\u201d. (MARX, 1984, p. 129)13<\/p>\n<p>&nbsp;<\/p>\n<p>\u00c9 nesse sentido que, para melhor entendimento, Souza, Santos e Menezes (2019) detalham:<\/p>\n<p>&nbsp;<\/p>\n<p>\u201cO pressuposto sobre o qual se sustenta o modo de produ\u00e7\u00e3o capitalista estabelece, em princ\u00edpio, que os verdadeiros agricultores sejam assalariados, empregados pelo capitalista-arrendat\u00e1rio, que por sua vez exerce a agricultura como campo espec\u00edfico de explora\u00e7\u00e3o do capital. J\u00e1 o capitalista paga ao propriet\u00e1rio da terra o direito de explor\u00e1-la. A soma \u00e9 paga em dinheiro pelo capitalista-arrendat\u00e1rio ao propriet\u00e1rio fundi\u00e1rio e \u00e9 previamente definida por meio de contrato, assim tornando-se renda fundi\u00e1ria.\u201d (SOUZA, SANTOS, MENEZES, 2019)14<\/p>\n<p>&nbsp;<\/p>\n<p>Atrav\u00e9s de rela\u00e7\u00f5es sociais e hist\u00f3ricas, a concentra\u00e7\u00e3o de terras nas m\u00e3os da classe dos propriet\u00e1rios de terra (em parte, capitalistas) se firma como cerne da din\u00e2mica de poder no Pantanal. A classe trabalhadora, sem acesso \u00e0 terra e mediante a venda da sua for\u00e7a de trabalho para sobreviv\u00eancia, segue produzindo mercadorias as quais n\u00e3o poder\u00e3o, em maioria, ser apropriadas por ela. 14<\/p>\n<p>&nbsp;<\/p>\n<p>\u201cO monop\u00f3lio da propriedade fundi\u00e1ria \u00e9 um pressuposto hist\u00f3rico e continua sendo o fundamento permanente do modo de produ\u00e7\u00e3o capitalista, bem como, de todos os modos de produ\u00e7\u00e3o anteriores que se baseiam, de uma maneira ou de outra, na explora\u00e7\u00e3o das massas.\u201d (MARX, 2004, p. 125) 15<\/p>\n<p>&nbsp;<\/p>\n<p>Mediante a convers\u00e3o da terra em meio de produ\u00e7\u00e3o para o capitalismo e a dissolu\u00e7\u00e3o dos regimes escravocratas tradicionais, o Pantanal segue marcado por viol\u00eancias e desigualdades cr\u00edticas. Um estudo recente aponta que 97% das propriedades no Pantanal s\u00e3o particulares, sendo apenas 3% de propriedades p\u00fablicas (que, ent\u00e3o, dividem-se entre assentamentos, fazendas, \u00e1reas ind\u00edgenas e unidades de conserva\u00e7\u00e3o). Das propriedades privadas, as grandes propriedades comp\u00f5em 41% do total, seguidas por pequenas propriedades (34%) e, finalmente, por latif\u00fandios (&lt;1%). 16<\/p>\n<p>A mesma an\u00e1lise aponta para dados ainda mais alarmantes: apesar de apresentar apenas menos que 1% das propriedades, os latif\u00fandios concentram 8% da \u00e1rea do Pantanal. As grandes propriedades (41% das propriedades privadas) chegam a concentrar 86% da \u00e1rea do bioma enquanto \u00e0s pequenas resta apenas 1% da \u00e1rea total. Isso significa que, de um total de doze propriedades identificadas como latif\u00fandios, seus doze propriet\u00e1rios (ou menos) possuem mais terra (8%) do que os 1180 pequenos propriet\u00e1rios (1%). Tais dados evidenciam uma grande contradi\u00e7\u00e3o &#8211; um conflito central entre interesses privados e p\u00fablicos, de propor\u00e7\u00f5es\/poderes nitidamente desiguais -, em que predomina a explora\u00e7\u00e3o da terra pantaneira por uma min\u00fascula parcela da popula\u00e7\u00e3o para fins de pastagem e pecu\u00e1ria, mantendo sua hegemonia atrav\u00e9s do monop\u00f3lio da terra. 16<\/p>\n<p>Existe, portanto, uma ferida aberta no Pantanal, incapaz de cicatrizar dada a persist\u00eancia dos latif\u00fandios e dos conflitos entre propriet\u00e1rios de terra, movimentos sociais e popula\u00e7\u00f5es tradicionais.17 Na Terra do Agro, especificamente em Mato Grosso do Sul, a elite agr\u00e1ria armamentista mant\u00e9m declarado seu \u00f3dio \u00e0s comunidades ind\u00edgenas e aos trabalhadores rurais &#8211; e suas a\u00e7\u00f5es soam como amea\u00e7as de morte mesmo para os olhos e ouvidos mais desatentos.<\/p>\n<p>Apesar disso, n\u00e3o faltam exemplos de resist\u00eancia, tais como as diversas a\u00e7\u00f5es do Movimento dos Trabalhadores Rurais Sem Terra (MST), ou ainda a trajet\u00f3ria de Catarina Guat\u00f3 e sua luta pela agroecologia e protagonismo ind\u00edgena no movimento de preserva\u00e7\u00e3o do Pantanal. \u00c9 atrav\u00e9s desta e de diversas outras a\u00e7\u00f5es que, nessas Guerras Pantaneiras, v\u00e3o se tra\u00e7ando caminhos de luta por soberania territorial, ecol\u00f3gica, alimentar e cultural.<\/p>\n<p>&nbsp;<\/p>\n<p>O PANTANAL EM CHAMAS<\/p>\n<p>&nbsp;<\/p>\n<p>Como mencionado, o clima do Pantanal oscila entre uma fase de enchentes e outra fase de estiagem, por\u00e9m mudan\u00e7as estruturais graves associadas \u00e0 ocupa\u00e7\u00e3o latifundi\u00e1ria da regi\u00e3o, t\u00eam sido diretamente atreladas ao aumento nos focos de inc\u00eandio. O desmatamento surge como uma das principais etiologias para os inc\u00eandios, sendo presente principalmente no Cerrado adjacente ao Pantanal. Ainda assim, \u00e9 estimado que entre 1976 e 2008, 12,1% do Pantanal tenha sido desmatado &#8211; com risco de elimina\u00e7\u00e3o completa da vegeta\u00e7\u00e3o natural at\u00e9 2050.18<\/p>\n<p>O avan\u00e7o das pastagens significa destrui\u00e7\u00e3o do habitat natural de diversas esp\u00e9cies e nem mesmo as \u00e1guas s\u00e3o poupadas &#8211; al\u00e9m da progress\u00e3o de desmatamento para as zonas ciliares, a pesca esportiva e sua demanda por \u201ciscas vivas\u201d causa impacto direto no equil\u00edbrio do ecossistema.19 Al\u00e9m disso, uma das estrat\u00e9gias utilizadas pelos fazendeiros para \u201cabrir o pasto\u201d para o gado \u00e9 o ateamento de fogo na vegeta\u00e7\u00e3o durante o per\u00edodo de seca &#8211; n\u00e3o por coincid\u00eancia, \u00e9 o mesmo per\u00edodo de aumento nos focos de inc\u00eandio no Pantanal.20<\/p>\n<p>A espetaculariza\u00e7\u00e3o do Pantanal, motivada principalmente pela perspectiva de lucro alternativo dos fazendeiros da regi\u00e3o, ocasiona um aumento do turismo n\u00e3o regulamentado. Isso est\u00e1 associado ao ac\u00famulo de detritos s\u00f3lidos no leito do Rio Paraguai em zonas tur\u00edsticas (p. ex. o munic\u00edpio de Corumb\u00e1, em Mato Grosso do Sul).18 Al\u00e9m disso, a pulveriza\u00e7\u00e3o de agrot\u00f3xicos tamb\u00e9m tem sido associada com a contamina\u00e7\u00e3o das \u00e1guas da regi\u00e3o.21<\/p>\n<p>Tais eventos ocasionam progressiva degrada\u00e7\u00e3o do bioma, dificultando seus mecanismos de compensa\u00e7\u00e3o de estabilidade, facilitando o surgimento e a persist\u00eancia de focos de inc\u00eandio. A falta de publicidade sobre as causas, o desenvolvimento e os desfechos do inc\u00eandio colaboram para uma ignor\u00e2ncia do p\u00fablico geral n\u00e3o s\u00f3 a n\u00edvel nacional mas inclusive a n\u00edvel local, onde apesar de as mudan\u00e7as nas temperaturas, no c\u00e9u, na qualidade do ar e das \u00e1guas serem n\u00edtidas, h\u00e1 ainda um obscurantismo sobre quem s\u00e3o os verdadeiros inimigos nessas Guerras Pantaneiras.<\/p>\n<p>&nbsp;<\/p>\n<p>AS CINZAS PANTANEIRAS<\/p>\n<p>&nbsp;<\/p>\n<p>Compreender a fun\u00e7\u00e3o pol\u00edtica das cinzas de um Pantanal em chamas requer suporte de dois conceitos: biopoder e necropol\u00edtica. Segundo Foucault, biopoder \u00e9 \u201co conjunto dos mecanismos pelos quais aquilo que, na esp\u00e9cie humana, constitui suas caracter\u00edsticas biol\u00f3gicas fundamentais, vai poder entrar numa pol\u00edtica, numa estrat\u00e9gia pol\u00edtica, numa estrat\u00e9gia geral de poder\u201d.22 J\u00e1 a necropol\u00edtica, descrita por Mbembe, seria a incorpora\u00e7\u00e3o do terror ao biopoder e \u00e0s demais estrat\u00e9gias coloniais de poder e domina\u00e7\u00e3o, a partir de uma pol\u00edtica de completa dizima\u00e7\u00e3o de quaisquer v\u00ednculos que n\u00e3o sejam os de inimizade &#8211; por assim dizer, uma pol\u00edtica da morte.23<\/p>\n<p>Na esteira da necropol\u00edtica, o racismo ambiental surge como uma estrat\u00e9gia do Estado burgu\u00eas de atuar na determina\u00e7\u00e3o social do processo sa\u00fade-doen\u00e7a expondo determinados segmentos da popula\u00e7\u00e3o (a \u201csubcidadania\u201d) a riscos de desastres ambientais em toda sua plenitude.24 \u00c9 exatamente da vida, do trabalho, dos sonhos e dos desejos das pessoas \u201csubcidad\u00e3s\u201d que o sistema necropol\u00edtico se alimenta.<\/p>\n<p>As queimadas s\u00e3o um dos fen\u00f4menos envolvidos nos desastres clim\u00e1ticos do eixo Cerrado-Pantanal, afetando nitidamente comunidades \u00edndigenas e outras comunidades rurais na regi\u00e3o. As part\u00edculas disseminadas pelo ar est\u00e3o associadas ao risco aumentado de diversas doen\u00e7as, bem como exacerba\u00e7\u00e3o de quadros cr\u00f4nicos e at\u00e9 mesmo neoplasias (c\u00e2ncer).<\/p>\n<p>Dioxinas, furanos e hidrocarbonetos polic\u00edclicos arom\u00e1ticos (HPAs) s\u00e3o consideradas subst\u00e2ncias cancer\u00edgenas ou suspeitas de a\u00e7\u00e3o cancer\u00edgena e podem ser encontradas em grande quantidade na fuma\u00e7a gerada por queimadas. Intoxica\u00e7\u00f5es por mon\u00f3xido de carbono (CO), as quais podem levar a morte ou a sequelas neurol\u00f3gicas graves, tendem a ter maior incid\u00eancia nos per\u00edodos de seca, provavelmente associados \u00e0s queimadas.25<\/p>\n<p>Mais especificamente, a presen\u00e7a de n\u00edveis aumentados de material particular inal\u00e1vel (PM10), como ocorre durante o per\u00edodo de inc\u00eandios florestais, est\u00e1 associada a aumento de sintomas e doen\u00e7as respirat\u00f3rias em crian\u00e7as, aumento da mortalidade de pacientes com doen\u00e7as cardiovasculares e\/ou pulmonares, aumento nas exacerba\u00e7\u00f5es de asma em adultos e redu\u00e7\u00e3o da fun\u00e7\u00e3o pulmonar em crian\u00e7as.26 N\u00e3o pode ser desconsiderada a possibilidade de um aumento nos quadros de desidrata\u00e7\u00e3o grave nas popula\u00e7\u00f5es afetadas, sobretudo em crian\u00e7as e idosos pelo calor gerado pelas chamas.<\/p>\n<p>Al\u00e9m das consequ\u00eancias sociais e corporais, a devasta\u00e7\u00e3o do meio ambiente tamb\u00e9m est\u00e1 associada \u00e0s negligenciadas s\u00edndromes psicoterr\u00e1ticas. Dentre conceitos importantes como ecoansiedade e ecoparalisia, parece-me indispens\u00e1vel destacar a solastalgia e o luto ecol\u00f3gico. A solastalgia seria a experi\u00eancia de se vivenciar uma mudan\u00e7a negativa e significativa em um ambiente com o qual se criaram rela\u00e7\u00f5es de lar &#8211; portanto, rela\u00e7\u00f5es incompat\u00edveis com a necropol\u00edtica, que permite sobreviv\u00eancia apenas das rela\u00e7\u00f5es de \u00f3dio\/inimizade. Por sua vez, luto ecol\u00f3gico descreve a resposta psicol\u00f3gica \u00e0 perda de ecossistemas causada por destrui\u00e7\u00e3o direta e\/ou pelas mudan\u00e7as clim\u00e1ticas.27<\/p>\n<p>Obviamente, parte importante das terras do Pantanal pertence a pessoas que sequer vivem na regi\u00e3o. A mero t\u00edtulo de curiosidade, a fazenda onde foi gravada a \u00faltima vers\u00e3o da novela Pantanal, da Rede Globo, pertence a Andr\u00e9 Esteves &#8211; banqueiro carioca, propriet\u00e1rio de terras no Pantanal e ex-CEO do banco BTG Pactual. Uma empresa de agropecu\u00e1ria ligada ao banco, BRPec Agropecu\u00e1ria, recebeu autua\u00e7\u00e3o de R$ 58 milh\u00f5es em 2018 pelo IBAMA por desmatamentos no Pantanal, sendo considerada a empresa que mais devastou o Pantanal. H\u00e1 cerca de tr\u00eas meses, inclusive, o atual presidente da rep\u00fablica, Lu\u00eds In\u00e1cio Lula da Silva, e seu ministro da Fazenda, Fernando Haddad, reuniram-se com Andr\u00e9 Esteves, por\u00e9m o conte\u00fado da reuni\u00e3o n\u00e3o foi explicitado.<\/p>\n<p>&nbsp;<\/p>\n<p>CONCLUS\u00c3O<\/p>\n<p>&nbsp;<\/p>\n<p>Nas Guerras Pantaneiras, ou Guerras Incandescentes, a quem serve o fogo? A quem servem as mortes, a dor, o luto? Cabem questionamentos diversos at\u00e9 mesmo sobre a exist\u00eancia ou n\u00e3o de limites para o sadismo e pervers\u00e3o da burguesia agr\u00e1ria brasileira. Dentre tantas interroga\u00e7\u00f5es, ficam algumas certezas.<\/p>\n<p>Em primeiro lugar, nessa Guerra, existem os grandes propriet\u00e1rios burgueses ruralistas com seus aliados de um lado, e n\u00f3s, gente da terra com nossa flora, fauna e a teimosia de viver, lutar e sonhar. O fogo n\u00e3o \u00e9 o inimigo. O fogo \u00e9 mais uma manobra de manipula\u00e7\u00e3o vil e cruel da natureza pelo homem cisg\u00eanero branco de posses com intuito de incinerar qualquer rastro de vida que ainda n\u00e3o foi convertida em capital.<\/p>\n<p>Em segundo lugar, a hist\u00f3rica luta de classes permanece no Pantanal, por\u00e9m com nuances culturais que devem ser consideradas para uma adequada organiza\u00e7\u00e3o de estrat\u00e9gias para sobreviv\u00eancia, supera\u00e7\u00e3o e revolu\u00e7\u00e3o sobre o sistema capitalista agroindustrial. A educa\u00e7\u00e3o continuada entre marxistas-leninistas sobre os conceitos de renda da terra\/renda fundi\u00e1ria e as especificidades da luta de classes no campo \u00e9 indispens\u00e1vel para o devido engajamento na dita quest\u00e3o agr\u00e1ria.<\/p>\n<p>Finalmente, em terceiro e \u00faltimo lugar, a luta no Pantanal \u00e9 indissoci\u00e1vel de uma abordagem anti-colonial e anti-capitalista que considere a necropol\u00edtica como a principal estrat\u00e9gia de controle social usada pelo Estado burgu\u00eas em seu cis-tema tanat\u00f3latra omn\u00edvoro e insaci\u00e1vel. N\u00e3o h\u00e1 sa\u00edda sen\u00e3o a revolu\u00e7\u00e3o. N\u00e3o h\u00e1 revolu\u00e7\u00e3o sem a verdade.<\/p>\n<p>REFER\u00caNCIAS<\/p>\n<p>1 &#8211; Monitoramento dos Focos Ativos por Bioma, Programa Queimadas, INPE, MCTI. Consulta em 29 de junho de 2024.<\/p>\n<p>2 &#8211; Pereira G, Ch\u00e1vez ES, Silva MES. O estudo das unidades de paisagem do bioma Pantanal. Rev Ambient \u00c1gua [Internet]. 2012Jan;7(1):89\u2013103. Available from: https:\/\/doi.org\/10.4136\/ambi-agua.826<\/p>\n<p>3 &#8211; Ferragini B. Por que o Pantanal \u00e9 importante na mitiga\u00e7\u00e3o das mudan\u00e7as clim\u00e1ticas? [Internet]. Observatorio Pantanal. 2023 [cited 2024 Jul 3]. Available from: https:\/\/observatoriopantanal.org\/noticias\/por-que-o-pantanal-e-importante-na-mitigacao-das-mudancas-climaticas\/<\/p>\n<p>4 &#8211; ICMBio &#8211; Esta\u00e7\u00e3o Ecol\u00f3gica de Taiam\u00e3 &#8211; Fauna [Internet]. www.icmbio.gov.br. Available from: https:\/\/www.icmbio.gov.br\/esectaiama\/biodiversidade\/faunaem.html#:~:text=A%20diversidade%20faun%C3%ADstica%20do%20Pantanal<\/p>\n<p>5 &#8211; Flora e paisagens do Pantanal &#8211; Portal Embrapa [Internet]. www.embrapa.br. Available from: https:\/\/www.embrapa.br\/pantanal\/flora-e-paisagens-do-pantanal<\/p>\n<p>6 &#8211; Alfonso E, Garcia C, Agr\u00f4nomo E. O CLIMA NO PANTANAL MATO-GROSSENSE [Internet]. Available from: https:\/\/ainfo.cnptia.embrapa.br\/digital\/bitstream\/item\/37595\/1\/CT14.pdf<\/p>\n<p>7 &#8211; Vigan\u00f3 HH da G, Souza CC de, Cristaldo MF, Reis Neto JF dos, Jesus L de. Inc\u00eandios no Pantanal de Corumb\u00e1, MS: modelagem e previs\u00e3o a partir das t\u00e9cnicas de an\u00e1lise multivariada. Ambiente e Agua &#8211; An Interdisciplinary Journal of Applied Science. 2018 Oct 16;13(5):1.<\/p>\n<p>\u200c8 &#8211; Bespalez E. Arqueologia e hist\u00f3ria ind\u00edgena no Pantanal. Estudos Avan\u00e7ados. 2015 Apr 1;29(83):45\u201386.<\/p>\n<p>9 &#8211; Brasil JF. Povos ind\u00edgenas e expedi\u00e7\u00f5es de conquista no pantanal do s\u00e9culo XVI [Internet] [Disserta\u00e7\u00e3o]. [Universidade Federal da Grande Dourados]; 2015 [cited 2024 Jun 29]. p. 1\u201397. Available from: https:\/\/ufmt.br\/povosdobrasil\/images\/biblioteca\/019.pdf<\/p>\n<p>10 &#8211; Ribeiro MA. A espetaculariza\u00e7\u00e3o da natureza no Pantanal. Intera\u00e7\u00f5es (Campo Grande). 2018 Oct 5;803\u201312.<\/p>\n<p>\u200c11 &#8211; On\u00e9lia Carmem Rossetto, Brasil A. Cultura e desenvolvimento sustent\u00e1vel no pantanal mato-grossense: entre a tradi\u00e7\u00e3o e a modernidade. Sociedade E Estado. 2003 Dec 1;18(1-2):155\u201375.<\/p>\n<p>\u200c12 &#8211; Ribeiro M, Moretti E. PANTANAL\/MS\/BRASIL: A CONSTRU\u00c7\u00c3O DE NOVAS GEOGRAFIAS [Internet]. [cited 2024 Jul 3]. Available from: https:\/\/www.ub.edu\/geocrit\/coloquio2012\/actas\/01-M-Ribeiro.pdf<\/p>\n<p>13 &#8211; Marx K. O Capital &#8211; Livro 3. Boitempo Editorial; 2015.<\/p>\n<p>\u200c14 &#8211; Souza ST, Santos JRD, Menezes SO. RENDA DA TERRA: CONCEITO CENTRAL PARA OS ESTUDOS EM GEOGRAFIA AGR\u00c1RIA. PEGADA &#8211; A Revista da Geografia do Trabalho. 2019 Jun 7;20(1):144\u201369.<\/p>\n<p>15 &#8211; Marx K, Ranieri J. Manuscritos econo\u0302mico-filoso\u0301ficos. Sa\u0303o Paulo: Boitempo; 2004.<\/p>\n<p>\u200c16 &#8211; Braz AM, Melo DS, Boni PV, Decco HF. A ESTRUTURA FUNDI\u00c1RIA DO PANTANAL BRASILEIRO. Finisterra [Internet]. 2020 May 28 [cited 2024 Jul 3];55(113):157\u201374. Available from: https:\/\/revistas.rcaap.pt\/finisterra\/article\/view\/18323<\/p>\n<p>17 &#8211; Chiaravalloti RM. IS THE PANTANAL A PRISTINE PLACE? CONFLICTS RELATED TO THE CONSERVATION OF THE PANTANAL. Ambiente &amp; Sociedade. 2016 Jun;19(2):305\u201310.<\/p>\n<p>\u200c\u200c18 &#8211; Silva J dos SV da, Abdon M de M, Silva SMA da, Moraes JA de. EVOLUTION OF DEFORESTATION IN THE BRAZILIAN PANTANAL AND SURROUNDINGS IN THE TIMEFRAME 1976 &#8211; 2008. GEOGRAFIA. 2011 Nov 29 [cited 2024 Jul 3];36:35\u201355. Available from: https:\/\/www.periodicos.rc.biblioteca.unesp.br\/index.php\/ageteo\/article\/view\/5137<\/p>\n<p>19 &#8211; Alho CJR, Mamede SB, Benites M, Andrade BS, Sep\u00falveda JJO. AMEA\u00c7AS \u00c0 BIODIVERSIDADE DO PANTANAL BRASILEIRO PELO USO E OCUPA\u00c7\u00c3O DA TERRA. Ambiente &amp; Sociedade [Internet]. 2019 Nov 25;22:e01891. Available from: https:\/\/www.scielo.br\/j\/asoc\/a\/BqQNwh94qn5g9kh56FZchYj\/?lang=pt#<\/p>\n<p>\u200c20 &#8211; Alho CJR, Gon\u00e7alves HC. Biodiversidade do Pantanal: Ecologia e Conserva\u00e7\u00e3o. Campo Grande; UNIDERP. 2005.<\/p>\n<p>21 &#8211; Alho CJR, Vieira LM. Fish and wildlife resources in the pantanal wetlands of Brazil and potential disturbances from the release of environmental contaminants [Internet]. hero.epa.gov. 2009 [cited 2024 Jul 3]. Available from: https:\/\/hero.epa.gov\/hero\/index.cfm\/reference\/details\/reference_id\/5193253<\/p>\n<p>2\u200c2 &#8211; Foucault M, Ewald F, Fontana A, Senellart M, Branda\u0303o E, Berliner C. Seguranc\u0327a, territo\u0301rio, populac\u0327a\u0303o: curso dado no Colle\u0300ge de France (1977-1978). Sa\u0303o Paulo: Martins Fontes; 2008.<\/p>\n<p>23 &#8211; Achille M. Necropol\u00edtica. Verona: Ombre Corte; 2016.<\/p>\n<p>24 &#8211; Abreu I. Biopol\u00edtica e racismo ambiental no Brasil: a exclus\u00e3o ambiental dos cidad\u00e3os. Opini\u00f3n Jur\u00eddica [Internet]. 2013 Dec 1;12(24):87\u201399. Available from: http:\/\/www.scielo.org.co\/scielo.php?script=sci_arttext&amp;pid=S1692-25302013000200006<\/p>\n<p>25 &#8211; Ribeiro H, Assun\u00e7\u00e3o JV de. Efeitos das queimadas na sa\u00fade humana. Estudos Avan\u00e7ados [Internet]. 2002 Apr 1 [cited 2020 Nov 24];16(44):125\u201348. Available from: https:\/\/www.scielo.br\/scielo.php?script=sci_arttext&amp;pid=S0103-40142002000100008<\/p>\n<p>26 &#8211; Committee of the Environmental and Occupational Health Assembly of the American Thoracic Society. Health effects of outdoor air pollution. . American Journal of Respiratory and Critical Care Medicine. 1996 Jan;153(1):3\u201350.<\/p>\n<p>\u200c27 &#8211; Weissbecker I. Climate Change and Human Well-Being Global Challenges and Opportunities. New York, Ny Springer New York; 2011.<\/p>\n","protected":false},"excerpt":{"rendered":"<a class=\"moretag\" href=\"https:\/\/pcb.org.br\/portal2\/31999\"> <\/a>","protected":false},"author":8,"featured_media":0,"comment_status":"closed","ping_status":"closed","sticky":false,"template":"","format":"standard","meta":{"jetpack_post_was_ever_published":false,"_jetpack_newsletter_access":"","_jetpack_dont_email_post_to_subs":false,"_jetpack_newsletter_tier_id":0,"_jetpack_memberships_contains_paywalled_content":false,"_jetpack_memberships_contains_paid_content":false,"footnotes":"","jetpack_publicize_message":"","jetpack_publicize_feature_enabled":true,"jetpack_social_post_already_shared":true,"jetpack_social_options":{"image_generator_settings":{"template":"highway","default_image_id":0,"font":"","enabled":false},"version":2}},"categories":[239,66,10],"tags":[226],"class_list":["post-31999","post","type-post","status-publish","format-standard","hentry","category-ambiental","category-c79-nacional","category-s19-opiniao","tag-4b"],"jetpack_publicize_connections":[],"jetpack_featured_media_url":"","jetpack_shortlink":"https:\/\/wp.me\/p659gw-8k7","jetpack-related-posts":[],"jetpack_likes_enabled":true,"jetpack_sharing_enabled":true,"_links":{"self":[{"href":"https:\/\/pcb.org.br\/portal2\/wp-json\/wp\/v2\/posts\/31999","targetHints":{"allow":["GET"]}}],"collection":[{"href":"https:\/\/pcb.org.br\/portal2\/wp-json\/wp\/v2\/posts"}],"about":[{"href":"https:\/\/pcb.org.br\/portal2\/wp-json\/wp\/v2\/types\/post"}],"author":[{"embeddable":true,"href":"https:\/\/pcb.org.br\/portal2\/wp-json\/wp\/v2\/users\/8"}],"replies":[{"embeddable":true,"href":"https:\/\/pcb.org.br\/portal2\/wp-json\/wp\/v2\/comments?post=31999"}],"version-history":[{"count":1,"href":"https:\/\/pcb.org.br\/portal2\/wp-json\/wp\/v2\/posts\/31999\/revisions"}],"predecessor-version":[{"id":32004,"href":"https:\/\/pcb.org.br\/portal2\/wp-json\/wp\/v2\/posts\/31999\/revisions\/32004"}],"wp:attachment":[{"href":"https:\/\/pcb.org.br\/portal2\/wp-json\/wp\/v2\/media?parent=31999"}],"wp:term":[{"taxonomy":"category","embeddable":true,"href":"https:\/\/pcb.org.br\/portal2\/wp-json\/wp\/v2\/categories?post=31999"},{"taxonomy":"post_tag","embeddable":true,"href":"https:\/\/pcb.org.br\/portal2\/wp-json\/wp\/v2\/tags?post=31999"}],"curies":[{"name":"wp","href":"https:\/\/api.w.org\/{rel}","templated":true}]}}