{"id":3200,"date":"2012-07-20T16:53:14","date_gmt":"2012-07-20T16:53:14","guid":{"rendered":"http:\/\/pcb.org.br\/portal2\/?p=3200"},"modified":"2012-07-20T16:53:14","modified_gmt":"2012-07-20T16:53:14","slug":"juventude-comunista-grega-intervem-no-vi-congresso-da-ujc-uniao-da-juventude-comunista","status":"publish","type":"post","link":"https:\/\/pcb.org.br\/portal2\/3200","title":{"rendered":"JUVENTUDE COMUNISTA GREGA INTERV\u00c9M NO VI CONGRESSO DA UJC \u2013 UNI\u00c3O DA JUVENTUDE COMUNISTA"},"content":{"rendered":"\n<p>VI Congresso da Uni\u00e3o da Juventude Comunista<\/p>\n<p>Texto: Georgio Eltachir Almarnti \u2013 membro da Dire\u00e7\u00e3o Nacional do KNE<\/p>\n<p>Tradu\u00e7\u00e3o: Pedro Bras \u2013 UJC-RJ<\/p>\n<p>A cada dia que passa temos mais provas e mais elementos que indiquem claramente que a crise capitalista, uma crise de super-acumula\u00e7\u00e3o do capital, est\u00e1 se agravando mais e mais na Zona do Euro e na Uni\u00e3o Europ\u00e9ia.<\/p>\n<p>(N\u00e3o acho que seja necess\u00e1rio fazer um resgate da eclos\u00e3o da crise capitalista de 4 anos atr\u00e1s at\u00e9 hoje; Tenho certeza que voc\u00eas j\u00e1 leram muito a respeito todos esses anos).<\/p>\n<p>Apenas para apresentar alguns exemplos caracter\u00edsticos segundo dados mais atuais: de acordo com as previs\u00f5es mais correntes a economia italiana ir\u00e1 regredir 2,4% em 2012, enquanto a previs\u00e3o inicial falava em 1,6%. A Espanha solicitou sua entrada no chamado \u201cMecanismo de Suporte\u201d da Uni\u00e3o Europ\u00e9ia, seguida pelo Chipre e j\u00e1 h\u00e1 outros a fazer o mesmo (hoje os jornais j\u00e1 especulam que a Cro\u00e1cia est\u00e1 pretendendo o mesmo). Podemos ver muito claramente que o que acontece nos diversos elos da corrente (como Espanha, It\u00e1lia, Fran\u00e7a etc.) tem reflexos na corrente como um todo, tem marcante influ\u00eancia em toda Zona do Euro e Uni\u00e3o Europ\u00e9ia.<\/p>\n<p>Tamb\u00e9m \u00e9 um fato de que n\u00e3o diz respeito apenas aos pa\u00edses europeus: por exemplo, o que acontece agora na Espanha ir\u00e1 impactar v\u00e1rios pa\u00edses latinoamericanos, que possuem grandes investimentos espanh\u00f3is.<\/p>\n<p>Na era do imperialismo, que \u00e9 a era do capitalismo monopolista, da domina\u00e7\u00e3o dos monop\u00f3lios capitalistas; a ampliada socializa\u00e7\u00e3o da produ\u00e7\u00e3o e internacionaliza\u00e7\u00e3o capitalista s\u00e3o fatores para o desenvolvimento de fortes rela\u00e7\u00f5es de co-depend\u00eancia dos pa\u00edses capitalistas, muito mais fortes do que costumavam ser h\u00e1 50 ou 100 anos atr\u00e1s. Essas rela\u00e7\u00f5es criam o mundo das contradi\u00e7\u00f5es intra-capitalistas. O mundo do antagonismo intra-imperialista.<\/p>\n<p>Nos dias 28 e 29 de junho, o resultado do Encontro da Uni\u00e3o Europ\u00e9ia foi um acordo tempor\u00e1rio entre as classes burguesas da Europa, com decis\u00f5es que buscaram reafirmar a posi\u00e7\u00e3o dos monop\u00f3lios europeus no quadro do antagonismo global (dando 130 bilh\u00f5es de euros como um \u201cpacote de desenvolvimento\u201d) e de reafirmar o euro como uma moeda de reserva global.<\/p>\n<p>Mas, esse acordo \u00e9 apenas tempor\u00e1rio:<\/p>\n<p>&#8211; (1) porque ele n\u00e3o desfaz (e n\u00e3o pode desfazer) as causas da crise capitalista, o inconstante desenvolvimento capitalista dentro da Zona do Euro e da Uni\u00e3o Europ\u00e9ia.<\/p>\n<p>&#8211; (2) porque ele n\u00e3o desfaz a intensifica\u00e7\u00e3o das contradi\u00e7\u00f5es intra-imperialistas as quais o capital ir\u00e1 trazer para um dos lados o \u00f4nus das perdas e dos danos da crise capitalista.<\/p>\n<p>Os povos da Europa n\u00e3o devem ter nada o que esperar desta briga intra-imperialista. Enquanto a mistura final da pol\u00edtica capitalista \u00e9 \u201causteridade com desenvolvimento\u201d, ou se \u00e9 \u201cdesenvolvimento com austeridade\u201d, a pol\u00edtica dos capitalistas contra a classe trabalhadora e o povo n\u00e3o ser\u00e1 nada melhor, nada menos t\u00eanue. De um jeito ou de outro, o desenvolvimento capitalista que eles est\u00e3o dizendo, uma vez mais, ser\u00e1 baseado nas ru\u00ednas dos direitos e das vidas da classe trabalhadora; na posterior redu\u00e7\u00e3o do valor da for\u00e7a de trabalho.<\/p>\n<p>Os imperialistas podem brigar entre si. Podem criar novas alian\u00e7as e contra-alian\u00e7as, como a chamada \u201cCoaliz\u00e3o do Sul\u201d que se fala hoje na Europa. Mas, eles est\u00e3o unidos e coordenados quando o assunto \u00e9 eliminar direitos populares e reprimir movimentos sociais. E quando dizemos que a classe trabalhadora e o povo n\u00e3o t\u00eam nada de positivo a esperar desta luta intra-imperialista, n\u00e3o nos esque\u00e7amos que as duas Guerras Mundiais sucederam grandes crises econ\u00f4micas do capitalismo.<\/p>\n<p>Na Gr\u00e9cia, a profunda crise de super-acumula\u00e7\u00e3o do capital, a qual chegou a seu quarto ano combinada com a crise entre os Estados-membros da Uni\u00e3o Europ\u00e9ia, provocou intensa agressividade dos monop\u00f3lios e de seus representantes pol\u00edticos, e \u00e9 expressa pela estr\u00e1t\u00e9gia anti-popular como um todo. O acordo que foi assinado entre o governo grego, a Uni\u00e3o Europ\u00e9ia, o Banco Central Europeu (BCE) e o Fundo Monet\u00e1rio Internacional (FMI) s\u00e3o parte dessa estrat\u00e9gia.<\/p>\n<p>Os capitalistas gregos, em conjunto com seus aliados das organiza\u00e7\u00f5es internacionais capitalistas, planejaram um coordenado programa de maneira a garantir o m\u00e1ximo poss\u00edvel os lucros dos monop\u00f3lios. As medidas desse programa atacaram os direitos da classe trabalhadora, o valor da for\u00e7a de trabalho: cortes de pens\u00f5es e sal\u00e1rios, cortes nos setores da sa\u00fade p\u00fablica e no sistema de seguridade social, surgimento de todo tipo de rela\u00e7\u00f5es de trabalho flex\u00edveis, aboli\u00e7\u00e3o dos contratos coletivos de trabalho, aumento da idade m\u00ednima para pens\u00f5es aos 67 ou at\u00e9 70 anos de idade.<\/p>\n<p>Ademais, promoveram diversas a\u00e7\u00f5es pr\u00f3-capitalistas, como a redu\u00e7\u00e3o de impostos para as grandes empresas, estabelecimento de gigantescos subs\u00eddios estatais aos monop\u00f3lios capitalistas com o pretexto de salvar empregos, etc. Especialmente para os jovens trabalhadores, para os filhos da classe trabalhadora, a situa\u00e7\u00e3o \u00e9 ainda pior, apenas para citar alguns exemplos: n\u00f3s temos mais de 1,5 milh\u00e3o de trabalhadores desempregados em um total de 11 milh\u00f5es de trabalhadores e a maioria desses desempregados e at\u00e9 mesmo dos sub-empregados s\u00e3o jovens. Seguindo o esp\u00edrito do \u201cacordo\u201d e do corte geral do sal\u00e1rio m\u00ednimo de 22%, os sal\u00e1rios dos jovens trabalhadores que t\u00eam menos de 25 anos de idade foram cortados em 32%.<\/p>\n<p>As duas elei\u00e7\u00f5es nacionais na Gr\u00e9cia ocorreram com um m\u00eas de diferen\u00e7a (em maio e em junho) sem abrir m\u00e3o do seguinte contexto: sob as condi\u00e7\u00f5es de uma crise capitalista prolongada que levou a um imenso aumento da d\u00edvida p\u00fablica, sob condi\u00e7\u00f5es de um violento ataque contra o valor da for\u00e7a de trabalho. Ao mesmo tempo, segundo fontes oficiais, foi chamada a aten\u00e7\u00e3o da possibilidade de uma nova controlada ou incontrolada bancarrota sob condi\u00e7\u00f5es de um novo aprofundamento da crise capitalista na Europa. Todos esses fatores, em conjunto com a agressividade dos capitalistas e o desemprego em massa, influenciaram o comportamento eleitoral. A luta popular e dos trabalhadores que se desenvolveu durante a crise cultivou uma raiva p\u00fablica contra os dois maiores partidos da burguesia grega.<\/p>\n<p>Na primeira elei\u00e7\u00e3o, o PASOK, o partido social-democrata que enquanto estava como partido da situa\u00e7\u00e3o implementou a cruel linha pol\u00edtica contra os trabalhadores de todos esses anos, sofreu uma grande perda de seu poder eleitoral, de 43% para 13%. O Nea Dimokratia (ND), o partido liberal, tamb\u00e9m sofreu uma perda de seu poder eleitoral e podemos dizer que o sistema bipartid\u00e1rio como um todo perdeu sua capacidade de enganar as for\u00e7as populares como fazia no passado.<\/p>\n<p>Isso se mostrou um balan\u00e7o positivo, mas ao mesmo tempo o sistema capitalista n\u00e3o fica apenas observando, ele interv\u00e9m com todos os meios poss\u00edveis de maneira a colocar obst\u00e1culos \u00e0 resist\u00eancia popular, precavendo-a de demandas radicais, cultivando a desorienta\u00e7\u00e3o.<\/p>\n<p>Nenhum governo foi formado ap\u00f3s a primeira elei\u00e7\u00e3o (e isso foi parte do esfor\u00e7o capitalista de renovar a apar\u00eancia de seu sistema pol\u00edtico. Eles poderiam ter formado um novo governo sem novas elei\u00e7\u00f5es, mas eles n\u00e3o queriam que fosse dessa maneira).<\/p>\n<p>Na segunda batalha eleitoral, o crit\u00e9rio b\u00e1sico de vota\u00e7\u00e3o se tornou a necessidade de formar um governo (eles amea\u00e7aram o povo de que a falta de um governo levaria a bancarrota nacional) e a escolha ficou entre o ND e o SYRIZA, o partido oportunista que emergiu como a nova social-democracia na Gr\u00e9cia. Enquanto na primeira elei\u00e7\u00e3o expressou-se um positivo aumento de uma tend\u00eancia a condenar os maiores partidos da burguesia, com uma clara marca contra os acordos com a Uni\u00e3o Europ\u00e9ia e suas pol\u00edticas, na segunda elei\u00e7\u00e3o n\u00f3s testemunhamos um retrocesso, sob a press\u00e3o dos aterrorizantes dilemas e das desilus\u00f5es em uma solu\u00e7\u00e3o imediata em favor do povo pelos governos que se conclamam de \u201cesquerda\u201d ou de \u201ccentro-esquerda\u201d.<\/p>\n<p>O Partido Comunista da Gr\u00e9cia (KKE) fez um enorme esfor\u00e7o em ambas as elei\u00e7\u00f5es, tendo recebido 8,5% dos votos nas elei\u00e7\u00f5es de Maio. Na dif\u00edcil segunda elei\u00e7\u00e3o, lutamos com todas as nossas armas contra essa tend\u00eancia de terrorismo e desilus\u00e3o. Perdemos boa parte de nosso poder eleitoral, tendo recebido 4,5% dos votos e elegendo 12 membros para o Parlamento, mas n\u00f3s permanecemos firmes perante nossas convic\u00e7\u00f5es, n\u00e3o concedendo ao inimigo ao menos um passo atr\u00e1s na luta pela causa dos direitos dos trabalhadores, pela causa do socialismo e do comunismo.<\/p>\n<p>As significantes perdas do KKE n\u00e3o refletem o impacto de suas posi\u00e7\u00f5es e de sua milit\u00e2ncia. Estas aconteceram sob a press\u00e3o das ilus\u00f5es corriqueiras e da falsa e perigosa \u201can\u00e1lise racional\u201d do chamado \u201cmenos pior\u201d, o doloroso e f\u00e1cil caminho que defende que \u00e9 poss\u00edvel formar um governo que administre a crise enquanto permanece dentro do capitalismo e dentro da Uni\u00e3o Europ\u00e9ia e de que tal governo faria por onde para frear a deterioriza\u00e7\u00e3o das condi\u00e7\u00f5es de vida do povo.<\/p>\n<p>Ao mesmo tempo, houve o impacto da atmosfera do medo e intimida\u00e7\u00e3o sobre a expuls\u00e3o da Gr\u00e9cia da Zona do Euro. Isso ocorreu em condi\u00e7\u00f5es de uma sistem\u00e1tica ofensiva \u201cpor debaixo dos panos\u201d de mecanismos pol\u00edtico-ideol\u00f3gicos do sistema, e at\u00e9 mesmo pelo uso sistem\u00e1tico da internet. O principal objetivo foi o enfraquecimento do KKE de maneira a prevenir o fortalecimento do movimento revindicativo dos trabalhadores sob condi\u00e7\u00f5es de uma deterioriza\u00e7\u00e3o das condi\u00e7\u00f5es populares de vida.<\/p>\n<p>Durante essas elei\u00e7\u00f5es foi novamente confirmado a an\u00e1lise que nosso partido vem fazendo desde estopim da crise capitalista: a intensifica\u00e7\u00e3o dos problemas dos trabalhadores e do povo durante a crise, como o desemprego em massa e a pobreza, n\u00e3o levar\u00e3o automaticamente a radicaliza\u00e7\u00e3o de sua consci\u00eancia e de suas a\u00e7\u00f5es. Nas condi\u00e7\u00f5es da crise capitalista sempre h\u00e1 duas possibilidades para o movimento popular: ou ele ir\u00e1 retroceder ante a press\u00e3o dos problemas, a diminui\u00e7\u00e3o das demandas e expectativas populares, ou ele ir\u00e1 contra-atacar na dire\u00e7\u00e3o de uma ruptura pol\u00edtica com os monop\u00f3lios e com os partidos da burguesia. Essa batalha entre estas duas possibilidades ainda n\u00e3o cessou. Ainda lutamos contra ela na Gr\u00e9cia e em todo o mundo.<\/p>\n<p>A principal conclus\u00e3o das batalhas eleitorias ocorridas na Gr\u00e9cia \u00e9 de que seu resultado como um todo reflete a tend\u00eancia do retrocesso do radicalismo da classe trabalhadora, que se desenvolveu durante o per\u00edodo de crise, perante a press\u00e3o do crescente radicalismo pequeno-burgu\u00eas, guiado pela ideologia e propaganda burguesas.<\/p>\n<p>Apesar do fato de que n\u00f3s tivemos v\u00e1rias e importantes batalhas se desenrolando na Gr\u00e9cia ap\u00f3s a ecols\u00e3o da crise (tivemos mais de 30 greves gerais nacionais nos \u00faltimos dois anos e meio, massivas passeatas, ocupa\u00e7\u00f5es de pr\u00e9dios p\u00fablicos, den\u00fancia popular massiva do pagamento da d\u00edvida etc.), \u00e9 \u00f3bvio que essas batalhas n\u00e3o t\u00eam a capacidade suficiente de de aprofundar suficientemente o orientado radicalismo-de-classe, por n\u00e3o levarem a organiza\u00e7\u00e3o popular para a mudan\u00e7a na correla\u00e7\u00e3o de for\u00e7as para al\u00e9m do sindicalismo clientelista, rumo a orienta\u00e7\u00e3o pol\u00edtica que a conjuntura requere.<\/p>\n<p>Essas batalhas foram fortemente influenciadas pelas massas pequeno-burguesas que possuem a tend\u00eancia de n\u00e3o lutar pela supera\u00e7\u00e3o do sistema capitalista, mas de lutar para retomar a sua posi\u00e7\u00e3o hist\u00f3rica no mesmo. Os novos setores da classe trabalhadora que se juntaram a essas batalhas n\u00e3o t\u00eam a experi\u00eancia pol\u00edtica necess\u00e1ria para entender a atual conjuntura e procuram por uma maneira diferente de administrar seus ganhos dentro do capitalismo, colocando um fim aos ataques contra si, dando-lhes uma solu\u00e7\u00e3o imediata.<\/p>\n<p>As pol\u00edticas governamentais contra o povo foram entendidas pela maioria como um resultado da incapacidade e da corrup\u00e7\u00e3o dos pol\u00edticos, como um resultado de uma posi\u00e7\u00e3o anti-patri\u00f3tica dos partidos gregos e n\u00e3o como uma necessidade estrat\u00e9gica da classe burguesa grega e de seus aliados europeus.<\/p>\n<p>Os diferentes setores da burguesia grega tentaram renovar o cen\u00e1rio pol\u00edtico do capitalismo (sem mudar obviamente sua ess\u00eancia), bem como previram que os dois partidos burgueses n\u00e3o poderiam controlar a f\u00faria e o descontentamento popular, pois o perigo de manter um sistema pol\u00edtico inst\u00e1vel era condi\u00e7\u00e3o necess\u00e1ria para o aprofundamento da crise capitalista.<\/p>\n<p>Ao mesmo tempo n\u00f3s testemunhamos a direta, provocativa e imprecedente interven\u00e7\u00e3o da Comiss\u00e3o da Uni\u00e3o Europ\u00e9ia na campanha eleitoral atrav\u00e9s de suas figuras de lideran\u00e7a da Alemanha, Fran\u00e7a, It\u00e1lia, FMI, EUA e da m\u00eddia internacional.<\/p>\n<p>Apesar da participa\u00e7\u00e3o da Gr\u00e9cia ser muito pequena dentro do arcabou\u00e7o da Uni\u00e3o Europ\u00e9ia, sua profunda assimila\u00e7\u00e3o \u00e0 Zona do Euro, sua profunda e prolongada crise combinada com a recess\u00e3o da Zona do Euro trouxe \u00e0 tona a interven\u00e7\u00e3o das alian\u00e7as internacionais por dentro e por fora das a\u00e7\u00f5es diretas da Uni\u00e3o Europ\u00e9ia, de maneira a impedir qualquer tend\u00eancia de radicaliza\u00e7\u00e3o do movimento dos trabalhadores na Gr\u00e9cia, bem como seu impacto internacional.<\/p>\n<p>Um elemento b\u00e1sico da reforma do cen\u00e1rio pol\u00edtico \u00e9 a cria\u00e7\u00e3o de dois p\u00f3los: a \u201ccentro-direita\u201d baseada no ND e a \u201ccentro-esquerda\u201d com o SYRIZA em participa\u00e7\u00e3o conjunta de largas se\u00e7\u00f5es de quadros do PASOK, os quais preocupam-se com suas responsabilidades criminais a respeito da implementa\u00e7\u00e3o de uma linha pol\u00edtica anti-popular adotada nos anos anteriores.<\/p>\n<p>A burguesia grega prestou bastante aten\u00e7\u00e3o \u00e0 reconstru\u00e7\u00e3o da social-democracia grega, pois sabiam muito bem que ela respresenta uma ferramenta b\u00e1sica para o controle dos trabalhadores e dos movimentos populares. Isso \u00e9 porque, ap\u00f3s a fal\u00eancia do tradicional partido da social-democracia, importantes setores dos capitalistas gregos apoiaram o partido SYRIZA, a auto-conclamada \u201cCoalis\u00e3o da Esquerda Radical\u201d, um partido oportunista que rapidamente se transformou no partido da nova social-democracia da Gr\u00e9cia. \u00c9 um partido que apoia veementemente a Uni\u00e3o Europ\u00e9ia e a possibilidade de estabelecer mudan\u00e7as nesta por dentro das pr\u00f3prias inst\u00e2ncias pol\u00edticas da mesma. Um partido que continua falando sobre sobre os \u201cnovos ares\u201d que chegaram a Europa com a elei\u00e7\u00e3o de Fran\u00e7ois Hollande na Fran\u00e7a. Um partido que apresenta as pol\u00edticas de Barack Obama nos EUA como um exemplo de uma administra\u00e7\u00e3o pol\u00edtica realista da crise em favor do povo!<\/p>\n<p>Esse partido ainda entre as duas elei\u00e7\u00f5es abandonou at\u00e9 mesmo seus slogans que pareciam ser mais radicais (como o cancelamento do acordo entre a Gr\u00e9cia, o BCE e o FMI) e ajustou seu programa para as necessidades da administra\u00e7\u00e3o burguesa. \u00c9 caracter\u00edstico o fato de que a apenas poucos dias antes do segundo pleito eleitoral, o presidente do SYRIZA se reuniu com embaixadores dos pa\u00edses do G-20 em Atenas, de maneira a tentar estabelecer um \u201cclima de confian\u00e7a\u201d como ele disse!<\/p>\n<p>Ontem estava lendo uma entrevista do presidente do SYRIZA, na qual ele disse estar bastante orgulhoso do fato de seu partido \u201cser um obst\u00e1culo para o conflito incontrol\u00e1vel que estava chegando a Gr\u00e9cia, porque havia se tornado a \u00faltima esperan\u00e7a do sistema pol\u00edtico retomar sua credibilidade\u201d!!!<\/p>\n<p>Com o apoio dos capitalistas para este partido, pela primeira vez na Gr\u00e9cia, antes da decis\u00e3o do povo grego foi colocada a possibilidade de um chamado \u201cgoverno de esquerda\u201d dentro do capitalismo, por dentro da Uni\u00e3o Europ\u00e9ia, na medida em que eles aumentaram a press\u00e3o para que o KKE participasse em tal governo.<\/p>\n<p>Apesar do fato de que sabemos que haveria um custo eleitoral, n\u00f3s resistimos a essa proposta, n\u00f3s revelamos a verdade para o povo. N\u00f3s revelamos que a estrat\u00e9gia que promete um futuro melhor para a classe trabalhadora e para os desempregados pelo chamado \u201cde esquerda\u201d ou \u201cgoverno progressista\u201d, atrav\u00e9s da manuten\u00e7\u00e3o intacta do poder do capital e da propriedade capitalista dos meios de produ\u00e7\u00e3o, \u00e9 extremamente perigosa. Essa estrat\u00e9gia vem sendo testada na Europa e em outras partes do mundo e vem se provando extramente falha. Ela levou partidos comunistas a dissolu\u00e7\u00e3o e ao peleguismo.<\/p>\n<p>Essa estrat\u00e9gia esconde a quest\u00e3o fundamental. Ela esconde que o problema do desemprego e todos os outros principais problemas da classe trabalhadora, n\u00e3o podem ser resolvidos enquanto o poder e a riqueza que a classe trabalhadora produz permanecer nas m\u00e3os dos capitalistas, enquanto a anarquia capitalista existir.<\/p>\n<p>As necessidades contempor\u00e2neas do povo n\u00e3o podem ser satisfeitas no capitalismo em seu est\u00e1gio superior, a fase imperialista, e seu total reacionarismo, marcado pelas dificuldades da reprodu\u00e7\u00e3o do capital, pela competi\u00e7\u00e3o dos monop\u00f3lios por sua domina\u00e7\u00e3o, pelo refor\u00e7o do ataque direcionado \u00e0 redu\u00e7\u00e3o do valor pago pela for\u00e7a de trabalho e pela crescente taxa de explora\u00e7\u00e3o. Mesmo os menores ganhos requerem conflitos muito espec\u00edficos contra as for\u00e7as do capital como a her\u00f3ica greve de sete meses dos mineiros de Aspropigos nos demonstra, a<\/p>\n<p>qual foi consistentemente apoiada pelo KKE e pelo PAME em conjunto com milhares de trabalhadores na Gr\u00e9cia e no exterior que expressaram sua solidariedade. A batalha di\u00e1ria pelo direito ao trabalho, pela prote\u00e7\u00e3o aos desempregados, pelos sal\u00e1rios e pens\u00f5es, pelo sistema p\u00fablico e gratuito de sa\u00fade, pela riqueza nacional e pela educa\u00e7\u00e3o; a luta di\u00e1ria contra as guerras imperialistas, pelo desmantelamento das organiza\u00e7\u00f5es imperialistas, pela soberania popular e pelos direitos democr\u00e1ticos est\u00e3o inexoravelmente ligados \u00e0 luta pela supera\u00e7\u00e3o do capitalismo.<\/p>\n<p>O KKE remou contra \u00e0 mar\u00e9, como havia feito outras vezes sobre quest\u00f5es pol\u00edticas cruciais, quando ele exp\u00f4s, entre outras coisas, o car\u00e1ter contra-revolucion\u00e1rio dos antigos partidos socialistas, o car\u00e1ter imperialista da Uni\u00e3o Europ\u00e9ia, quando ele se op\u00f4s ao Tratado de Maastricht, quando ele condenou as interven\u00e7\u00f5es imperialistas e os pretextos que as justificaram etc. Ele explanou para o povo o car\u00e1ter da crise e de suas pr\u00e9-condi\u00e7\u00f5es para uma sa\u00edda em favor dos trabalhadores, pr\u00e9-condi\u00e7\u00f5es estas que est\u00e3o conectadas com o desmantelamento da Uni\u00e3o Europ\u00e9ia e da OTAN, com o cancelamento unilateral da d\u00edvida p\u00fablica, com a socialisa\u00e7\u00e3o dos monop\u00f3lios. Ele colocou o governo dos trabalhadores e do poder popular contra o governo da administra\u00e7\u00e3o burguesa.<\/p>\n<p>O KKE est\u00e1 concentrando todos os seus esfor\u00e7os na cria\u00e7\u00e3o de uma poderosa alian\u00e7a s\u00f3cio-pol\u00edtica entre a classe trabalhadora urbana e as camadas populares rurais, as quais lutar\u00e3o contra todos os problemas do povo; uma alian\u00e7a que entrar\u00e1 em conflito com os monop\u00f3lios e o imperialismo e direcionar\u00e1 sua luta pela supera\u00e7\u00e3o da barb\u00e1rie capitalista, pela conquista do poder pela classe trabalhadora, com o estabelecimento do poder popular.<\/p>\n<p>A estrat\u00e9gia do KKE est\u00e1 se mostrando acertada pelo desenrolar de todos os dias que passam. Mas, n\u00f3s n\u00e3o estamos satisfeitos com apenas isto: n\u00e3o \u00e9 suficiente ter a estrat\u00e9gia correta e o esp\u00edrito militante apenas. N\u00f3s estudamos nossas fraquezas e exercemos a auto-cr\u00edtica, nos tornando mais efetivos nas quest\u00f5es de vanguarda pol\u00edtica, de forma\u00e7\u00e3o pol\u00edtico-ideol\u00f3gica, de acelera\u00e7\u00e3o da presen\u00e7a massiva do partido nas f\u00e1bricas, locais de trabalho, bairros populares, fortalecendo o movimento popular com orienta\u00e7\u00e3o de classe, promovendo a estrat\u00e9gia socialista sob quaisquer circunst\u00e2ncias.<\/p>\n<p>O KKE continua sua luta contra todos os problemas que assolam o povo, com um senso cada vez maior de responsabilidade e de decisibilidade. Est\u00e1 focado na luta contra pol\u00edticas tribut\u00e1rias de car\u00e1ter anti-popular, contra os acordos coletivos de barganha, a favor dos sal\u00e1rios e das pens\u00f5es, a favor da prote\u00e7\u00e3o aos desempregados, pelo sistema p\u00fablico e gratuito de sa\u00fade, pela distribui\u00e7\u00e3o da riqueza e pela educa\u00e7\u00e3o popular. Ao mesmo tempo ele prepara suas for\u00e7as face ao perigo que hoje representa uma guerra imperialista contra a S\u00edria e o Ir\u00e3.<\/p>\n<p>Especialmente a Juventude Comunista da Gr\u00e9cia (KNE) est\u00e1 concentrando seus esfor\u00e7os para o sucesso das atividades de nossa 38\u00aa edi\u00e7\u00e3o do Festival da Juventude. Com o slogan \u201cD\u00ea sua m\u00e3o para quem se levantar&#8230; Voc\u00eas devem deter o poder!\u201d, n\u00f3s vamos nos comunicar com centenas de milhares de jovens trabalhadores, desempregados e estudantes por todo o pa\u00eds, e com toda a certeza n\u00f3s ficariamos muito felizes com a participa\u00e7\u00e3o da Uni\u00e3o da Juventude Comunista (UJC) e de todas as organiza\u00e7\u00f5es que est\u00e3o aqui presentes no Brasil em nosso festival na cidade de Atenas, em meados de setembro pr\u00f3ximo.<\/p>\n<p>Muito obrigado pela aten\u00e7\u00e3o!<\/p>\n","protected":false},"excerpt":{"rendered":"\n\n\nCr\u00e9dito: PCB\n\n\n\n\n\n\n\n\nInterven\u00e7\u00e3o do KNE no Semin\u00e1rio Internacional de Solidariedade entre os Povos\n<a class=\"moretag\" href=\"https:\/\/pcb.org.br\/portal2\/3200\"> <\/a>","protected":false},"author":1,"featured_media":0,"comment_status":"open","ping_status":"open","sticky":false,"template":"","format":"standard","meta":{"jetpack_post_was_ever_published":false,"_jetpack_newsletter_access":"","_jetpack_dont_email_post_to_subs":false,"_jetpack_newsletter_tier_id":0,"_jetpack_memberships_contains_paywalled_content":false,"_jetpack_memberships_contains_paid_content":false,"footnotes":"","jetpack_publicize_message":"","jetpack_publicize_feature_enabled":true,"jetpack_social_post_already_shared":false,"jetpack_social_options":{"image_generator_settings":{"template":"highway","default_image_id":0,"font":"","enabled":false},"version":2}},"categories":[27],"tags":[],"class_list":["post-3200","post","type-post","status-publish","format-standard","hentry","category-c27-ujc"],"jetpack_publicize_connections":[],"jetpack_featured_media_url":"","jetpack_shortlink":"https:\/\/wp.me\/p659gw-PC","jetpack-related-posts":[],"jetpack_likes_enabled":true,"jetpack_sharing_enabled":true,"_links":{"self":[{"href":"https:\/\/pcb.org.br\/portal2\/wp-json\/wp\/v2\/posts\/3200","targetHints":{"allow":["GET"]}}],"collection":[{"href":"https:\/\/pcb.org.br\/portal2\/wp-json\/wp\/v2\/posts"}],"about":[{"href":"https:\/\/pcb.org.br\/portal2\/wp-json\/wp\/v2\/types\/post"}],"author":[{"embeddable":true,"href":"https:\/\/pcb.org.br\/portal2\/wp-json\/wp\/v2\/users\/1"}],"replies":[{"embeddable":true,"href":"https:\/\/pcb.org.br\/portal2\/wp-json\/wp\/v2\/comments?post=3200"}],"version-history":[{"count":0,"href":"https:\/\/pcb.org.br\/portal2\/wp-json\/wp\/v2\/posts\/3200\/revisions"}],"wp:attachment":[{"href":"https:\/\/pcb.org.br\/portal2\/wp-json\/wp\/v2\/media?parent=3200"}],"wp:term":[{"taxonomy":"category","embeddable":true,"href":"https:\/\/pcb.org.br\/portal2\/wp-json\/wp\/v2\/categories?post=3200"},{"taxonomy":"post_tag","embeddable":true,"href":"https:\/\/pcb.org.br\/portal2\/wp-json\/wp\/v2\/tags?post=3200"}],"curies":[{"name":"wp","href":"https:\/\/api.w.org\/{rel}","templated":true}]}}