{"id":32033,"date":"2024-09-03T22:18:55","date_gmt":"2024-09-04T01:18:55","guid":{"rendered":"https:\/\/pcb.org.br\/portal2\/?p=32033"},"modified":"2024-09-03T22:18:55","modified_gmt":"2024-09-04T01:18:55","slug":"a-ujc-frente-as-eleicoes-municipais","status":"publish","type":"post","link":"https:\/\/pcb.org.br\/portal2\/32033","title":{"rendered":"A UJC frente \u00e0s elei\u00e7\u00f5es municipais"},"content":{"rendered":"<p><img data-recalc-dims=\"1\" loading=\"lazy\" decoding=\"async\" data-attachment-id=\"32034\" data-permalink=\"https:\/\/pcb.org.br\/portal2\/32033\/site\" data-orig-file=\"https:\/\/i0.wp.com\/pcb.org.br\/portal2\/wp-content\/uploads\/2024\/09\/site.webp?fit=1600%2C901&amp;ssl=1\" data-orig-size=\"1600,901\" data-comments-opened=\"0\" data-image-meta=\"{&quot;aperture&quot;:&quot;0&quot;,&quot;credit&quot;:&quot;&quot;,&quot;camera&quot;:&quot;&quot;,&quot;caption&quot;:&quot;&quot;,&quot;created_timestamp&quot;:&quot;0&quot;,&quot;copyright&quot;:&quot;&quot;,&quot;focal_length&quot;:&quot;0&quot;,&quot;iso&quot;:&quot;0&quot;,&quot;shutter_speed&quot;:&quot;0&quot;,&quot;title&quot;:&quot;&quot;,&quot;orientation&quot;:&quot;0&quot;}\" data-image-title=\"site\" data-image-description=\"\" data-image-caption=\"\" data-large-file=\"https:\/\/i0.wp.com\/pcb.org.br\/portal2\/wp-content\/uploads\/2024\/09\/site.webp?fit=747%2C421&amp;ssl=1\" class=\"alignnone size-large wp-image-32034\" src=\"https:\/\/i0.wp.com\/pcb.org.br\/portal2\/wp-content\/uploads\/2024\/09\/site.webp?resize=747%2C421&#038;ssl=1\" alt=\"\" width=\"747\" height=\"421\" srcset=\"https:\/\/i0.wp.com\/pcb.org.br\/portal2\/wp-content\/uploads\/2024\/09\/site.webp?resize=900%2C507&amp;ssl=1 900w, https:\/\/i0.wp.com\/pcb.org.br\/portal2\/wp-content\/uploads\/2024\/09\/site.webp?resize=300%2C169&amp;ssl=1 300w, https:\/\/i0.wp.com\/pcb.org.br\/portal2\/wp-content\/uploads\/2024\/09\/site.webp?resize=768%2C432&amp;ssl=1 768w, https:\/\/i0.wp.com\/pcb.org.br\/portal2\/wp-content\/uploads\/2024\/09\/site.webp?resize=1536%2C865&amp;ssl=1 1536w, https:\/\/i0.wp.com\/pcb.org.br\/portal2\/wp-content\/uploads\/2024\/09\/site.webp?resize=388%2C220&amp;ssl=1 388w, https:\/\/i0.wp.com\/pcb.org.br\/portal2\/wp-content\/uploads\/2024\/09\/site.webp?w=1600&amp;ssl=1 1600w\" sizes=\"auto, (max-width: 747px) 100vw, 747px\" \/><!--more--><\/p>\n<p><strong>Os Comunistas e as Elei\u00e7\u00f5es: um Panorama Geral<\/strong><br \/>\nPor ser, antes de tudo, um terreno marcado por seu car\u00e1ter de classe, as elei\u00e7\u00f5es burguesas s\u00e3o caracterizadas por uma disputa desigual e pela persegui\u00e7\u00e3o aos comunistas. Ainda assim, o abstencionismo n\u00e3o avan\u00e7a a luta da juventude, nem o pragmatismo oportunista oferece perspectivas de mudan\u00e7as radicais. Nesse sentido, tamb\u00e9m temos elementos a apresentar que consideramos fundamentais. Por isso, dado o momento atual, em que debates a n\u00edvel municipal se realizam, cabe apresentar nossa perspectiva sobre o tema, em geral, e nossas propostas, em espec\u00edfico.<\/p>\n<p>N\u00e3o nutrimos ilus\u00e3o alguma com a democracia burguesa. Para n\u00f3s, comunistas, as elei\u00e7\u00f5es representam um momento oportuno para promover a eleva\u00e7\u00e3o da consci\u00eancia e a organiza\u00e7\u00e3o pol\u00edtica da classe trabalhadora, apontando as contradi\u00e7\u00f5es do sistema capitalista e preparando o terreno para a ofensiva revolucion\u00e1ria.<\/p>\n<p>Nossa participa\u00e7\u00e3o deve ser vista como parte de uma estrat\u00e9gia mais ampla, que combina diversas formas de luta \u2013 n\u00e3o apenas a \u201cinstitucional\u201d \u2013 e cujo objetivo final \u00e9 a tomada do poder pela classe trabalhadora e a constru\u00e7\u00e3o do socialismo. Nesse sentido, diante da conjuntura em que estamos hoje, o papel dos jovens comunistas \u00e9 combater o crescimento do fascismo entre a juventude e estabelecer bases para um maior enfrentamento contra a burguesia, atrav\u00e9s de um programa radical, que busca superar de maneira decisiva os problemas vivenciados por n\u00f3s hoje.<\/p>\n<p>Al\u00e9m disso, estas elei\u00e7\u00f5es municipais ser\u00e3o um term\u00f4metro do que ser\u00e3o as elei\u00e7\u00f5es nacionais e nosso programa de lutas do pr\u00f3ximo per\u00edodo. Embora saibamos dos limites da democracia burguesa, \u00e9 tamb\u00e9m nesses momentos que temos como disputar cora\u00e7\u00f5es e mentes, avan\u00e7ando no recrutamento de pessoas que se identificam com a esquerda revolucion\u00e1ria. Ao mesmo tempo, nossas apari\u00e7\u00f5es p\u00fablicas fazem com que reafirmemos nossos s\u00edmbolos e identidade, em um momento crucial para construir novos espa\u00e7os para o nosso trabalho junto \u00e0s bases, bem como ampliar nossa inser\u00e7\u00e3o nos diversos movimentos populares.<\/p>\n<p>Tomando como exemplo o caso das cidades m\u00e9dias e grandes, h\u00e1 uma fra\u00e7\u00e3o da burguesia de car\u00e1ter fascista, a exemplo dos setores ligados ao bolsonarismo, que busca conquistar prefeituras para avan\u00e7ar na desestabiliza\u00e7\u00e3o da democracia formal e aplicar seus projetos privatizantes e repressivos, visando n\u00e3o s\u00f3 preservar, mas tamb\u00e9m aumentar suas taxas de lucro e subjugar a juventude, cada vez mais prejudicada pelo projeto neoliberal, que destr\u00f3i direitos sociais e garantias m\u00ednimas de dignidade.<\/p>\n<p>Adicionalmente, h\u00e1 um setor supostamente progressista, composto por conciliadores de classe, que busca alian\u00e7as com oligarquias e fra\u00e7\u00f5es da burguesia que se encontram em diverg\u00eancia t\u00e1tica com a extrema-direita, como o social-liberalismo. Nessa linha, h\u00e1 uma busca pela realiza\u00e7\u00e3o de acordos de gabinete, discursos sobre \u201cgovernabilidade\u201d e apaziguamento das tens\u00f5es advindas da luta de classes, contribuindo, ent\u00e3o, para desorganizar as lutas sociais, especialmente da juventude, que se v\u00ea sem horizonte de mudan\u00e7a diante de uma realidade dura de desemprego e precariza\u00e7\u00e3o dos servi\u00e7os p\u00fablicos.<\/p>\n<p>Enquanto isso, nas cidades pequenas, o clientelismo pol\u00edtico \u00e9 mais forte, especialmente nas elei\u00e7\u00f5es municipais. Ao contr\u00e1rio de diferen\u00e7as mais claras entre projetos pol\u00edticos, as diferen\u00e7as tendem a se dissolver em torno de uma disputa fisiol\u00f3gica pelo poder, manifestada em agrupamentos burgueses e pequeno-burgueses id\u00eanticos, seja no \u201cgoverno\u201d ou na \u201coposi\u00e7\u00e3o\u201d, que estabelecem seus currais eleitorais e se utilizam da compra de votos ou at\u00e9 mesmo da viol\u00eancia para chegar ao poder e\/ou se perpetuar nele.<\/p>\n<p>Restam, ent\u00e3o, os setores socialistas comprometidos com a luta, que apontam para os problemas estruturais que o fascismo busca ocultar ou distorcer, barrando seu crescimento. Enfrentando o apassivamento dos setores reformistas, apostam em mudan\u00e7as radicais na governan\u00e7a dos munic\u00edpios e promovem candidaturas comprometidas com a ruptura do neoliberalismo e a constru\u00e7\u00e3o do Poder Popular. \u00c9 nesse setor que se encontra o PCB e onde a UJC deve atuar.<\/p>\n<p>De acordo com isso, a Plataforma Comunista do PCB \u00e9 a base fundamental para iniciar esse di\u00e1logo, colocando na ordem do dia o programa de lutas do Poder Popular e do socialismo, denunciando as arbitrariedades da justi\u00e7a burguesa e a viol\u00eancia do capitalismo, e contestando as sa\u00eddas conciliat\u00f3rias que domesticam a juventude e recorrem ao clientelismo para desorganizar as lutas.<\/p>\n<p>As Tarefas dos Jovens Comunistas Hoje: o que fazer?<br \/>\nComo dito anteriormente, agora \u00e9 o momento de organizar as bases em torno da Plataforma Comunista e dos demais candidatos socialistas apoiados pelo PCB. \u00c9 hora de expor as contradi\u00e7\u00f5es do sistema e mostrar que n\u00e3o h\u00e1 reforma capaz de acabar com a opress\u00e3o da juventude; somente a constru\u00e7\u00e3o do Poder Popular pode avan\u00e7ar nas pautas e construir um futuro livre e digno para milh\u00f5es de jovens estudantes, trabalhadores e desempregados.<\/p>\n<p>Nas universidades e escolas, devemos aproximar as diversas entidades ao campo socialista e inseri-las nas lutas, dialogando com as demandas estudantis. Atividades de campanha e a divulga\u00e7\u00e3o das candidaturas s\u00e3o essenciais para conquistar o apoio dos estudantes em torno dos projetos de Universidade e Escola Populares, que s\u00e3o indissoci\u00e1veis da constru\u00e7\u00e3o de uma nova l\u00f3gica para o territ\u00f3rio e para a sociedade, essencialmente distinta da que \u00e9 pr\u00f3pria do capitalismo.<\/p>\n<p>Nos locais de trabalho e moradia, devemos politizar o debate eleitoral e combater veementemente a coer\u00e7\u00e3o de patr\u00f5es e o clientelismo pol\u00edtico. N\u00e3o podemos ser coniventes com a press\u00e3o econ\u00f4mica e com os pequenos favores que tentam for\u00e7ar trabalhadores e jovens a apoiar seus opressores. \u00c9 necess\u00e1rio expor a conex\u00e3o entre explora\u00e7\u00e3o e opress\u00e3o com os gerentes do sistema e atuar para elevar as consci\u00eancias em torno de nosso programa pol\u00edtico.<\/p>\n<p>Nas cidades onde o PCB n\u00e3o apresenta ou apoia candidaturas, sejam elas grandes, m\u00e9dias ou pequenas, \u00e9 essencial buscar organizar as bases em torno de suas demandas concretas. Dessa maneira, em conversas n\u00e3o s\u00f3 com militantes, mas tamb\u00e9m com quem simpatiza com o Partido e com a Juventude, constru\u00edmos coletivamente o nosso programa, visando tensionar as candidaturas da ordem e apontar os horizontes para onde devemos caminhar.<\/p>\n<p>Paralelamente a isso, tamb\u00e9m devemos apresentar elementos j\u00e1 vinculados aos nossos ac\u00famulos gerais, articulando-os a cada realidade local, como a redu\u00e7\u00e3o da carga hor\u00e1ria para 30 horas semanais e o pleno emprego, a expans\u00e3o e melhoria das escolas municipais, o acesso universal \u00e0s creches, a (re)estatiza\u00e7\u00e3o do transporte, a universaliza\u00e7\u00e3o dos servi\u00e7os p\u00fablicos, uma seguran\u00e7a p\u00fablica civil e comprometida com a vida, o passe livre, entre outras bandeiras.<\/p>\n<p>De fato, temos muito a fazer para construir um novo mundo, mas, com tudo isso colocado acima em mente, n\u00e3o pouparemos esfor\u00e7os para tensionar as elei\u00e7\u00f5es a partir de candidaturas revolucion\u00e1rias, da difus\u00e3o de um programa radical e da organiza\u00e7\u00e3o da classe trabalhadora. E, como juventude do PCB, nosso papel \u00e9 conquistar a juventude trabalhadora para uma ruptura radical, sem concilia\u00e7\u00f5es com a burguesia e com um horizonte socialista claro e irrevog\u00e1vel. Aproveitemos as elei\u00e7\u00f5es burguesas para apontar para a constru\u00e7\u00e3o do Poder Popular, que ruma \u00e0 revolu\u00e7\u00e3o socialista. Ousar lutar, ousar vencer!<\/p>\n<p>&nbsp;<\/p>\n<p>Coordena\u00e7\u00e3o Nacional da Uni\u00e3o da Juventude Comunista<\/p>\n<p>30 de agosto de 2024<\/p>\n<p><a href=\"https:\/\/ujc.org.br\/a-ujc-e-as-eleicoes-2024\">https:\/\/ujc.org.br\/a-ujc-e-as-eleicoes-2024<\/a><\/p>\n<p>#Elei\u00e7\u00f5es #Elei\u00e7\u00f5es2024 #UJC #PCB<\/p>\n","protected":false},"excerpt":{"rendered":"<a class=\"moretag\" href=\"https:\/\/pcb.org.br\/portal2\/32033\"> <\/a>","protected":false},"author":8,"featured_media":0,"comment_status":"closed","ping_status":"closed","sticky":false,"template":"","format":"standard","meta":{"jetpack_post_was_ever_published":false,"_jetpack_newsletter_access":"","_jetpack_dont_email_post_to_subs":false,"_jetpack_newsletter_tier_id":0,"_jetpack_memberships_contains_paywalled_content":false,"_jetpack_memberships_contains_paid_content":false,"footnotes":"","jetpack_publicize_message":"","jetpack_publicize_feature_enabled":true,"jetpack_social_post_already_shared":true,"jetpack_social_options":{"image_generator_settings":{"template":"highway","default_image_id":0,"font":"","enabled":false},"version":2}},"categories":[6,66,10,27],"tags":[226],"class_list":["post-32033","post","type-post","status-publish","format-standard","hentry","category-s5-juventude","category-c79-nacional","category-s19-opiniao","category-c27-ujc","tag-4b"],"jetpack_publicize_connections":[],"jetpack_featured_media_url":"","jetpack_shortlink":"https:\/\/wp.me\/p659gw-8kF","jetpack-related-posts":[],"jetpack_likes_enabled":true,"jetpack_sharing_enabled":true,"_links":{"self":[{"href":"https:\/\/pcb.org.br\/portal2\/wp-json\/wp\/v2\/posts\/32033","targetHints":{"allow":["GET"]}}],"collection":[{"href":"https:\/\/pcb.org.br\/portal2\/wp-json\/wp\/v2\/posts"}],"about":[{"href":"https:\/\/pcb.org.br\/portal2\/wp-json\/wp\/v2\/types\/post"}],"author":[{"embeddable":true,"href":"https:\/\/pcb.org.br\/portal2\/wp-json\/wp\/v2\/users\/8"}],"replies":[{"embeddable":true,"href":"https:\/\/pcb.org.br\/portal2\/wp-json\/wp\/v2\/comments?post=32033"}],"version-history":[{"count":1,"href":"https:\/\/pcb.org.br\/portal2\/wp-json\/wp\/v2\/posts\/32033\/revisions"}],"predecessor-version":[{"id":32035,"href":"https:\/\/pcb.org.br\/portal2\/wp-json\/wp\/v2\/posts\/32033\/revisions\/32035"}],"wp:attachment":[{"href":"https:\/\/pcb.org.br\/portal2\/wp-json\/wp\/v2\/media?parent=32033"}],"wp:term":[{"taxonomy":"category","embeddable":true,"href":"https:\/\/pcb.org.br\/portal2\/wp-json\/wp\/v2\/categories?post=32033"},{"taxonomy":"post_tag","embeddable":true,"href":"https:\/\/pcb.org.br\/portal2\/wp-json\/wp\/v2\/tags?post=32033"}],"curies":[{"name":"wp","href":"https:\/\/api.w.org\/{rel}","templated":true}]}}