{"id":32083,"date":"2024-09-18T23:18:38","date_gmt":"2024-09-19T02:18:38","guid":{"rendered":"https:\/\/pcb.org.br\/portal2\/?p=32083"},"modified":"2024-09-18T23:18:38","modified_gmt":"2024-09-19T02:18:38","slug":"todo-apoio-a-greve-dos-trabalhadores-do-inss","status":"publish","type":"post","link":"https:\/\/pcb.org.br\/portal2\/32083","title":{"rendered":"Todo apoio \u00e0 Greve dos trabalhadores do INSS!"},"content":{"rendered":"<p><img data-recalc-dims=\"1\" loading=\"lazy\" decoding=\"async\" data-attachment-id=\"32084\" data-permalink=\"https:\/\/pcb.org.br\/portal2\/32083\/image-3-30\" data-orig-file=\"https:\/\/i0.wp.com\/pcb.org.br\/portal2\/wp-content\/uploads\/2024\/09\/image-3-2.png?fit=1253%2C533&amp;ssl=1\" data-orig-size=\"1253,533\" data-comments-opened=\"0\" data-image-meta=\"{&quot;aperture&quot;:&quot;0&quot;,&quot;credit&quot;:&quot;&quot;,&quot;camera&quot;:&quot;&quot;,&quot;caption&quot;:&quot;&quot;,&quot;created_timestamp&quot;:&quot;0&quot;,&quot;copyright&quot;:&quot;&quot;,&quot;focal_length&quot;:&quot;0&quot;,&quot;iso&quot;:&quot;0&quot;,&quot;shutter_speed&quot;:&quot;0&quot;,&quot;title&quot;:&quot;&quot;,&quot;orientation&quot;:&quot;0&quot;}\" data-image-title=\"image (3)\" data-image-description=\"\" data-image-caption=\"\" data-large-file=\"https:\/\/i0.wp.com\/pcb.org.br\/portal2\/wp-content\/uploads\/2024\/09\/image-3-2.png?fit=747%2C318&amp;ssl=1\" class=\"alignnone size-large wp-image-32084\" src=\"https:\/\/i0.wp.com\/pcb.org.br\/portal2\/wp-content\/uploads\/2024\/09\/image-3-2.png?resize=747%2C318&#038;ssl=1\" alt=\"\" width=\"747\" height=\"318\" srcset=\"https:\/\/i0.wp.com\/pcb.org.br\/portal2\/wp-content\/uploads\/2024\/09\/image-3-2.png?resize=900%2C383&amp;ssl=1 900w, https:\/\/i0.wp.com\/pcb.org.br\/portal2\/wp-content\/uploads\/2024\/09\/image-3-2.png?resize=300%2C128&amp;ssl=1 300w, https:\/\/i0.wp.com\/pcb.org.br\/portal2\/wp-content\/uploads\/2024\/09\/image-3-2.png?resize=768%2C327&amp;ssl=1 768w, https:\/\/i0.wp.com\/pcb.org.br\/portal2\/wp-content\/uploads\/2024\/09\/image-3-2.png?w=1253&amp;ssl=1 1253w\" sizes=\"auto, (max-width: 747px) 100vw, 747px\" \/><!--more--><\/p>\n<p>Coordena\u00e7\u00e3o Nacional da Unidade Classista<\/p>\n<p>Os trabalhadores e as trabalhadoras do INSS est\u00e3o em greve desde 16\/07, reivindicando melhorias nas condi\u00e7\u00f5es de trabalho, recomposi\u00e7\u00e3o salarial, readequa\u00e7\u00e3o dos programas de gest\u00e3o, incorpora\u00e7\u00e3o da gratifica\u00e7\u00e3o por produtividade, reestrutura\u00e7\u00e3o dos servi\u00e7os previdenci\u00e1rios e da carreira. Essas pautas j\u00e1 foram discutidas na greve de 2022, mas a intransig\u00eancia do governo, que se recusou a negociar, for\u00e7ou os trabalhadores a entrarem em greve novamente.<\/p>\n<p>Por diversas vezes, a Fenasps (Federa\u00e7\u00e3o Nacional dos Sindicatos de Trabalhadores em Sa\u00fade, Trabalho, Previd\u00eancia e Assist\u00eancia Social) solicitou audi\u00eancias e encaminhamento das pautas, mas enfrentou resist\u00eancia. Nunca tivemos expectativas em um Governo de \u201cfrente ampla\u201d calcado no discurso da concilia\u00e7\u00e3o de classes, no entanto, o Governo atacou com todas as armas para tentar derrotar a greve da categoria. O Governo, em vez de negociar, optou por utilizar o aparato judicial para punir o movimento grevista, impondo multas di\u00e1rias de R$ 500 mil \u00e0s entidades, caso 85% da for\u00e7a de trabalho n\u00e3o fosse mantida.<\/p>\n<p>Embora a greve n\u00e3o tenha sido declarada ilegal, a decis\u00e3o judicial dificulta sua continuidade, j\u00e1 que a a\u00e7\u00e3o esvazia o debate pol\u00edtico e leva a greve para ser discutida no judici\u00e1rio. Essa estrat\u00e9gia de judicializar a greve pode enfraquecer a organiza\u00e7\u00e3o sindical de todo o Servi\u00e7o P\u00fablico Federal, criando um precedente perigoso para futuras mobiliza\u00e7\u00f5es.<\/p>\n<p>Os trabalhadores do INSS enfrentam condi\u00e7\u00f5es de trabalho prec\u00e1rias, com jornadas extenuantes de at\u00e9 15 horas di\u00e1rias, sem compensa\u00e7\u00e3o por horas extras ou adicional noturno. Al\u00e9m disso, enfrentam ass\u00e9dio moral, falta de estrutura adequada e equipamentos obsoletos, o que tem levado ao adoecimento generalizado da categoria. Mesmo assim, o governo cortou a insalubridade dos que atendem nas ag\u00eancias, agravando ainda mais a situa\u00e7\u00e3o. A Fenasps realizou uma pesquisa que comprova o alto \u00edndice de adoecimento entre os servidores, destacando a gravidade do cen\u00e1rio atual.<\/p>\n<p>A greve do INSS reflete a precariza\u00e7\u00e3o das condi\u00e7\u00f5es de trabalho promovida pela l\u00f3gica neoliberal e a continuidade das pol\u00edticas econ\u00f4micas dos governos anteriores. A Fenasps, mantendo sua autonomia e independ\u00eancia de classe, reafirma a luta contra a reforma administrativa e a privatiza\u00e7\u00e3o da Previd\u00eancia. Mesmo que uma das entidades, sem remeter \u00e0 categoria, tenha assinado um acordo rebaixado com o governo, os trabalhadores e as trabalhadoras do Seguro Social se mant\u00eam em greve, firmes e mobilizados e cobram do Governo a apresenta\u00e7\u00e3o de uma proposta que atenda as pautas de reivindica\u00e7\u00f5es que foram negociadas nas audi\u00eancias com o Ministro da Previd\u00eancia Social e com o Presidente do INSS.<\/p>\n<p>Ap\u00f3s audi\u00eancia recente no Minist\u00e9rio da Previd\u00eancia Social, o Governo se comprometeu a enviar para a Fenasps o termo substitutivo referente \u00e0 proposta do acordo de greve. A Federa\u00e7\u00e3o recebeu o documento, que n\u00e3o atende boa parte das pautas acordadas, retirando do acordo a implementa\u00e7\u00e3o do Comit\u00ea Gestor da Carreira, bem como estabelecendo que o cumprimento dos termos do acordo seriam \u201cdiscricion\u00e1rios\u201d.<\/p>\n<p>O Comando de Greve, reunido no dia 11\/09\/2024, recha\u00e7ou o termo apresentado pelo Governo e indicou a manuten\u00e7\u00e3o da greve. A Fenasps tamb\u00e9m est\u00e1 envidando esfor\u00e7os junto ao Minist\u00e9rio da Previd\u00eancia Social, INSS e parlamentares para que seja agendada uma nova audi\u00eancia no Minist\u00e9rio.<\/p>\n<p>@unidadeclassista_oficial<br \/>\n@unidadeclassista_oficial@unidadeclassista_nacional<br \/>\nwww.unidadeclassista.org.br<\/p>\n<p>Leia o Jornal da Unidade Classista (setembro):<br \/>\n<a href=\"http:\/\/unidadeclassista.org.br\/documentos\/jornal-documentos\/jornal-da-unidade-classista-setembro-de-2024\/\">http:\/\/unidadeclassista.org.br\/documentos\/jornal-documentos\/jornal-da-unidade-classista-setembro-de-2024\/<\/a><\/p>\n","protected":false},"excerpt":{"rendered":"<a class=\"moretag\" href=\"https:\/\/pcb.org.br\/portal2\/32083\"> <\/a>","protected":false},"author":8,"featured_media":0,"comment_status":"closed","ping_status":"closed","sticky":false,"template":"","format":"standard","meta":{"jetpack_post_was_ever_published":false,"_jetpack_newsletter_access":"","_jetpack_dont_email_post_to_subs":false,"_jetpack_newsletter_tier_id":0,"_jetpack_memberships_contains_paywalled_content":false,"_jetpack_memberships_contains_paid_content":false,"footnotes":"","jetpack_publicize_message":"","jetpack_publicize_feature_enabled":true,"jetpack_social_post_already_shared":true,"jetpack_social_options":{"image_generator_settings":{"template":"highway","default_image_id":0,"font":"","enabled":false},"version":2}},"categories":[56,15,31],"tags":[223],"class_list":["post-32083","post","type-post","status-publish","format-standard","hentry","category-c67-greve","category-s18-sindical","category-c31-unidade-classista","tag-3a"],"jetpack_publicize_connections":[],"jetpack_featured_media_url":"","jetpack_shortlink":"https:\/\/wp.me\/p659gw-8lt","jetpack-related-posts":[],"jetpack_likes_enabled":true,"jetpack_sharing_enabled":true,"_links":{"self":[{"href":"https:\/\/pcb.org.br\/portal2\/wp-json\/wp\/v2\/posts\/32083","targetHints":{"allow":["GET"]}}],"collection":[{"href":"https:\/\/pcb.org.br\/portal2\/wp-json\/wp\/v2\/posts"}],"about":[{"href":"https:\/\/pcb.org.br\/portal2\/wp-json\/wp\/v2\/types\/post"}],"author":[{"embeddable":true,"href":"https:\/\/pcb.org.br\/portal2\/wp-json\/wp\/v2\/users\/8"}],"replies":[{"embeddable":true,"href":"https:\/\/pcb.org.br\/portal2\/wp-json\/wp\/v2\/comments?post=32083"}],"version-history":[{"count":1,"href":"https:\/\/pcb.org.br\/portal2\/wp-json\/wp\/v2\/posts\/32083\/revisions"}],"predecessor-version":[{"id":32085,"href":"https:\/\/pcb.org.br\/portal2\/wp-json\/wp\/v2\/posts\/32083\/revisions\/32085"}],"wp:attachment":[{"href":"https:\/\/pcb.org.br\/portal2\/wp-json\/wp\/v2\/media?parent=32083"}],"wp:term":[{"taxonomy":"category","embeddable":true,"href":"https:\/\/pcb.org.br\/portal2\/wp-json\/wp\/v2\/categories?post=32083"},{"taxonomy":"post_tag","embeddable":true,"href":"https:\/\/pcb.org.br\/portal2\/wp-json\/wp\/v2\/tags?post=32083"}],"curies":[{"name":"wp","href":"https:\/\/api.w.org\/{rel}","templated":true}]}}