{"id":32089,"date":"2024-09-18T23:21:26","date_gmt":"2024-09-19T02:21:26","guid":{"rendered":"https:\/\/pcb.org.br\/portal2\/?p=32089"},"modified":"2024-09-18T23:21:26","modified_gmt":"2024-09-19T02:21:26","slug":"basta-de-assassinatos-demarcacao-ja","status":"publish","type":"post","link":"https:\/\/pcb.org.br\/portal2\/32089","title":{"rendered":"Basta de assassinatos! Demarca\u00e7\u00e3o j\u00e1!"},"content":{"rendered":"<p><img data-recalc-dims=\"1\" loading=\"lazy\" decoding=\"async\" data-attachment-id=\"32090\" data-permalink=\"https:\/\/pcb.org.br\/portal2\/32089\/image-4-7\" data-orig-file=\"https:\/\/i0.wp.com\/pcb.org.br\/portal2\/wp-content\/uploads\/2024\/09\/image-4.png?fit=768%2C432&amp;ssl=1\" data-orig-size=\"768,432\" data-comments-opened=\"0\" data-image-meta=\"{&quot;aperture&quot;:&quot;0&quot;,&quot;credit&quot;:&quot;&quot;,&quot;camera&quot;:&quot;&quot;,&quot;caption&quot;:&quot;&quot;,&quot;created_timestamp&quot;:&quot;0&quot;,&quot;copyright&quot;:&quot;&quot;,&quot;focal_length&quot;:&quot;0&quot;,&quot;iso&quot;:&quot;0&quot;,&quot;shutter_speed&quot;:&quot;0&quot;,&quot;title&quot;:&quot;&quot;,&quot;orientation&quot;:&quot;0&quot;}\" data-image-title=\"image (4)\" data-image-description=\"\" data-image-caption=\"\" data-large-file=\"https:\/\/i0.wp.com\/pcb.org.br\/portal2\/wp-content\/uploads\/2024\/09\/image-4.png?fit=747%2C420&amp;ssl=1\" class=\"alignnone size-full wp-image-32090\" src=\"https:\/\/i0.wp.com\/pcb.org.br\/portal2\/wp-content\/uploads\/2024\/09\/image-4.png?resize=747%2C420&#038;ssl=1\" alt=\"\" width=\"747\" height=\"420\" srcset=\"https:\/\/i0.wp.com\/pcb.org.br\/portal2\/wp-content\/uploads\/2024\/09\/image-4.png?w=768&amp;ssl=1 768w, https:\/\/i0.wp.com\/pcb.org.br\/portal2\/wp-content\/uploads\/2024\/09\/image-4.png?resize=300%2C169&amp;ssl=1 300w\" sizes=\"auto, (max-width: 747px) 100vw, 747px\" \/><!--more-->Imagem: Assessoria de Imprensa do Conselho Indigenista Mission\u00e1rio (CIMI)<\/p>\n<p>Violenta a\u00e7\u00e3o policial deixa Guarani Kaiow\u00e1 morto na TI Nhanderu Marangatu nesta quarta (18), em Ant\u00f4nio Jo\u00e3o (MS)<\/p>\n<p>Como resultado da in\u00e9rcia do Estado, o que atravessa em maior ou menor escala todos os governos desde a promulga\u00e7\u00e3o da Constitui\u00e7\u00e3o de 1988, texto legal que reconheceu o direito dos povos ind\u00edgenas \u00e0 demarca\u00e7\u00e3o dos seus ancestrais territ\u00f3rios, mais um corpo ind\u00edgena foi ceifado \u00e0 bala no munic\u00edpio de Ant\u00f4nio Jo\u00e3o, Mato Grosso do Sul, na Terra Ind\u00edgena Nhanderu Marangatu, na manh\u00e3 desta quarta-feira, 18 de setembro.<\/p>\n<p>No confronto, decorrente de interven\u00e7\u00e3o da pol\u00edcia militar daquele estado, sob o pretexto de defender um latif\u00fandio que \u00e9 por direito ancestral territ\u00f3rio ind\u00edgena, tamb\u00e9m ficaram feridos outros ind\u00edgenas. A \u00e1rea sob conflito, parcialmente j\u00e1 reconhecida e homologada (uma das etapas da titula\u00e7\u00e3o) como territ\u00f3rio ind\u00edgena, \u00e9 objeto de leg\u00edtima retomada pelos Guarani, tendo em vista que se estende para al\u00e9m do reconhecimento havido.<\/p>\n<p>No Sul do Mato Grosso do Sul t\u00eam sido recorrentes as mortes, torturas, desaparecimentos e outras atrocidades praticadas contra os povos ind\u00edgenas que l\u00e1 se situam, a\u00e7\u00f5es essas que de um modo ou de outro contam com o benepl\u00e1cito c\u00famplice por a\u00e7\u00e3o ou omiss\u00e3o do Estado brasileiro.<\/p>\n<p>Mesmo diante de manifesta\u00e7\u00e3o do Alto Comissariado das Na\u00e7\u00f5es Unidas para os Direitos Humanos quanto \u00e0 viol\u00eancia contra os povos ind\u00edgenas no Brasil, exigindo do governo brasileiro efetivas medidas de prote\u00e7\u00e3o aos povos origin\u00e1rios, os ataques continuam recorrentes em raz\u00e3o da passividade governamental ante os crimes perpetrados por garimpeiros, madeireiros, latifundi\u00e1rios, mineradoras e outros.<\/p>\n<p>Basta de massacre dos povos ind\u00edgenas, basta de mortes, torturas e outras atrocidades.<\/p>\n<p>&nbsp;<\/p>\n<p>Abaixo o marco temporal ! Demarca\u00e7\u00e3o J\u00e1 !!!<\/p>\n<p>&nbsp;<\/p>\n<p>Fra\u00e7\u00e3o Nacional Ind\u00edgena do PCB<\/p>\n<p>&nbsp;<\/p>\n","protected":false},"excerpt":{"rendered":"<a class=\"moretag\" href=\"https:\/\/pcb.org.br\/portal2\/32089\"> <\/a>","protected":false},"author":8,"featured_media":0,"comment_status":"closed","ping_status":"closed","sticky":false,"template":"","format":"standard","meta":{"jetpack_post_was_ever_published":false,"_jetpack_newsletter_access":"","_jetpack_dont_email_post_to_subs":false,"_jetpack_newsletter_tier_id":0,"_jetpack_memberships_contains_paywalled_content":false,"_jetpack_memberships_contains_paid_content":false,"footnotes":"","jetpack_publicize_message":"","jetpack_publicize_feature_enabled":true,"jetpack_social_post_already_shared":true,"jetpack_social_options":{"image_generator_settings":{"template":"highway","default_image_id":0,"font":"","enabled":false},"version":2}},"categories":[243,163,26],"tags":[227],"class_list":["post-32089","post","type-post","status-publish","format-standard","hentry","category-fracao-indigena-do-pcb","category-movimento-indigena","category-c25-notas-politicas-do-pcb","tag-5a"],"jetpack_publicize_connections":[],"jetpack_featured_media_url":"","jetpack_shortlink":"https:\/\/wp.me\/p659gw-8lz","jetpack-related-posts":[],"jetpack_likes_enabled":true,"jetpack_sharing_enabled":true,"_links":{"self":[{"href":"https:\/\/pcb.org.br\/portal2\/wp-json\/wp\/v2\/posts\/32089","targetHints":{"allow":["GET"]}}],"collection":[{"href":"https:\/\/pcb.org.br\/portal2\/wp-json\/wp\/v2\/posts"}],"about":[{"href":"https:\/\/pcb.org.br\/portal2\/wp-json\/wp\/v2\/types\/post"}],"author":[{"embeddable":true,"href":"https:\/\/pcb.org.br\/portal2\/wp-json\/wp\/v2\/users\/8"}],"replies":[{"embeddable":true,"href":"https:\/\/pcb.org.br\/portal2\/wp-json\/wp\/v2\/comments?post=32089"}],"version-history":[{"count":1,"href":"https:\/\/pcb.org.br\/portal2\/wp-json\/wp\/v2\/posts\/32089\/revisions"}],"predecessor-version":[{"id":32091,"href":"https:\/\/pcb.org.br\/portal2\/wp-json\/wp\/v2\/posts\/32089\/revisions\/32091"}],"wp:attachment":[{"href":"https:\/\/pcb.org.br\/portal2\/wp-json\/wp\/v2\/media?parent=32089"}],"wp:term":[{"taxonomy":"category","embeddable":true,"href":"https:\/\/pcb.org.br\/portal2\/wp-json\/wp\/v2\/categories?post=32089"},{"taxonomy":"post_tag","embeddable":true,"href":"https:\/\/pcb.org.br\/portal2\/wp-json\/wp\/v2\/tags?post=32089"}],"curies":[{"name":"wp","href":"https:\/\/api.w.org\/{rel}","templated":true}]}}