{"id":3211,"date":"2012-07-23T15:51:56","date_gmt":"2012-07-23T15:51:56","guid":{"rendered":"http:\/\/pcb.org.br\/portal2\/?p=3211"},"modified":"2012-07-23T15:51:56","modified_gmt":"2012-07-23T15:51:56","slug":"fazenda-modelo-de-katia-abreu-e-desmascarada-com-prisoes-no-ms","status":"publish","type":"post","link":"https:\/\/pcb.org.br\/portal2\/3211","title":{"rendered":"&#8216;Fazenda Modelo&#8217; de K\u00e1tia Abreu \u00e9 desmascarada com pris\u00f5es no MS"},"content":{"rendered":"\n<p><em>Do jornal Porantim<\/em><\/p>\n<p>Chega a 20 o n\u00famero de detidos pela Pol\u00edcia Federal de Ponta Por\u00e3, Mato Grosso do Sul, acusados da morte e desaparecimento do corpo do cacique Nisio Gomes Guarani Kaiow\u00e1, do tekoha Guaivyry, situado no munic\u00edpio de Amambai. A Fazenda Modelo dos ruralistas cai por terra e o agroneg\u00f3cio mostra o que de fato \u00e9 \u2013 uma imagem com homens algemados e escondendo o rosto.<\/p>\n<p>Entre os presos est\u00e1 o presidente do Sindicato Rural de Aral Moreira, Osvin Mittanck, franco atirador de improp\u00e9rios e mentiras contra os Guarani Kaiow\u00e1 e organiza\u00e7\u00f5es de apoio aos ind\u00edgenas, caso do Cimi, e do \u00f3rg\u00e3o indigenista do Estado, a Funai. Mittanck teria se reunido, de acordo com a Pol\u00edcia Federal, com outros acusados de no dia 18 de novembro de 2011 terem arquitetado, financiado e executado a invas\u00e3o ao Guaivyry, o que culminou na morte docacique Nisio e no subsequente desaparecimento do corpo.<\/p>\n<p>A pris\u00e3o preventiva do ruralista, por\u00e9m, \u00e9 apenas parte de organiza\u00e7\u00e3o criminosa investigada pelos federais. Uma empresa de seguran\u00e7a privada contratada pelos fazendeiros teria arregimentado os pistoleiros, que fizeram \u2018o trabalho\u2019. Os acusados ser\u00e3o indiciados por forma\u00e7\u00e3o de quadrilha, homic\u00eddio qualificado, corrup\u00e7\u00e3o ativa de testemunhas e fraude processual. Por sua vez, a Pol\u00edcia Federal mudou de posi\u00e7\u00e3o e trabalha com a certeza de queNisio est\u00e1 morto, tendo pistas da localiza\u00e7\u00e3o do corpo.<\/p>\n<p>Tais pris\u00f5es muito t\u00eam a dizer. Este \u00e9 o Brasil real submerso nos n\u00fameros de um desenvolvimento para poucos e tingido de sangue ind\u00edgena, quilombola e campon\u00eas. Eis como tudo acontece na Fazenda Modelo da senadora K\u00e1tia Abreu (PSD\/TO), tamb\u00e9m presidente da Confedera\u00e7\u00e3o da Agricultura e Pecu\u00e1ria do Brasil (CNA).<\/p>\n<p>Na Fazenda Modelo dos ruralistas, empresa de seguran\u00e7a \u00e9, na verdade, balc\u00e3o para a contrata\u00e7\u00e3o de pistoleiros; se antes esses assassinos ficavam pelos bares e pra\u00e7as de cidades ermas e afastadas dos grandes centros, hoje at\u00e9 carteira assinada possuem.<\/p>\n<p>Tal realidade se verifica por todo o Brasil: ami\u00fade grupos de exterm\u00ednio e mil\u00edcias se relacionam com tais empresas, tal como \u00e9 poss\u00edvel constatar em S\u00e3o Paulo e no Rio de Janeiro. N\u00e3o basta apenas o que j\u00e1 matam as pol\u00edcias Militar e Civil no pa\u00eds; \u00e9 preciso mais para garantir os desmandos e a fachada de \u2018gente s\u00e9ria\u2019 dessa elite rural que leva dor e sofrimento a centenas de brasileiros.<\/p>\n<p>N\u00e3o obstante, essa Fazenda Modelo se expande e chega ao Pal\u00e1cio do Planalto com seus bois, soja, cana de a\u00e7\u00facar e pistoleiros; basta checar a aproxima\u00e7\u00e3o da presidenta Dilma com o setor. No Mato Grosso do Sul, entretanto, a fazenda est\u00e1 instalada h\u00e1 tempos: o cacique Nisio Gomes entrou para as estat\u00edsticas escandalosas dos mais de 200 assassinatos de Guarani Kaiow\u00e1 desde 2003. Afinal, quem matou os irm\u00e3os Vera, Mar\u00e7al Tup\u00e3, Dorvalino e tantos outros?<\/p>\n<p>No in\u00edcio das investiga\u00e7\u00f5es, a Pol\u00edcia Federal pouco deu ouvidos aos ind\u00edgenas do Guaivyry. Chegou ao c\u00famulo de, em nota, dizer que o ind\u00edgena Valmir Guarani Kaiow\u00e1, filho de Nisio, seria indiciado por falso testemunho aos delegados. Conforme Valmir relatou, ele e o primo, testemunhas oculares do crime contra Nisio, eram interrogados por horas seguidas, de forma repetida, sem alimenta\u00e7\u00e3o.<\/p>\n<p>Nessa mesma linha, boatos passaram a correr dizendo que Nisio estava vivo e escondido pelos apoiadores n\u00e3o-\u00edndios dos Guarani Kaiow\u00e1. Um interdito proibit\u00f3rio impetrado pelos fazendeiros passou a impedir o Cimi de entrar no tekoha Guaivyry. Na Fazenda Modelo, at\u00e9 mesmo a circula\u00e7\u00e3o de representantes da Presid\u00eancia da Rep\u00fablica foi impedida por ruralistas em \u00e1reas reivindicadas pelos ind\u00edgenas e tomadas por fazendas.<\/p>\n<p>Isso ocorreu porque o governo federal sempre se portou como mero caseiro da Fazenda Modelo. Por mais que o projeto popular do governo federal tenha fracassado, e hoje a prioridade seja estreitar alian\u00e7as com o latif\u00fandio, se faz urgente a identifica\u00e7\u00e3o e demarca\u00e7\u00e3o das terras Guarani Kaiow\u00e1. S\u00f3 com as terras garantidas e livres da praga atrasada do latif\u00fandio e suas ervas daninhas os ind\u00edgenas poder\u00e3o ser plenos.<\/p>\n<p>Os fatos mostram que os ind\u00edgenas precisam ser ouvidos. Valmir e os demais Guarani Kaiow\u00e1 do Guaivyry n\u00e3o mentiram e a Pol\u00edcia Federal e ve\u00edculos de imprensa devem desculpas a eles. Para o Guarani, a palavra est\u00e1 acima de tudo. A tend\u00eancia de menosprez\u00e1-los \u00e9 secular; como senhores do pr\u00f3prio destino, os ind\u00edgenas possuem n\u00e3o s\u00f3 uma sabedoria especial desprezada pela sociedade dita \u2018civilizada\u2019, mas tamb\u00e9m pleno conhecimento de suas pr\u00f3prias m\u00e1culas e necessidades. Acima de tudo, compromisso com os valores humanos determinados por suas culturas.<\/p>\n<p>A Pol\u00edcia Federal, todavia, agiu e isso \u00e9 essencial para coibir novas a\u00e7\u00f5es covardes perpetradas pelos fazendeiros. O que \u00e9 dif\u00edcil sem os fazendeiros invasores fora das terras ind\u00edgenas. Desse modo, agora se espera que a Funai fa\u00e7a a sua parte \u2013 mesmo que sob uma greve de servidores que exp\u00f5e n\u00e3o s\u00f3 ang\u00fastias de t\u00e9cnicos comprometidos com a causa ind\u00edgena, mas o que de fato o governo federal reserva para a quest\u00e3o: inqu\u00e9ritos policiais para a investiga\u00e7\u00e3o de mortes.<\/p>\n<p>6 de julho de 2012<\/p>\n<p><a href=\"http:\/\/www.mst.org.br\/content\/fazenda-modelo-de-katia-abreu-e-desmascarada-com-pris%C3%A3o-de-latifundiarios-no-ms\" target=\"_blank\">http:\/\/www.mst.org.br<\/a><\/p>\n","protected":false},"excerpt":{"rendered":"\n\n\nCr\u00e9dito: 1.bp.blogspot\n\n\n\n\n\n\n\n\nPor Renato Santana\n<a class=\"moretag\" href=\"https:\/\/pcb.org.br\/portal2\/3211\"> <\/a>","protected":false},"author":1,"featured_media":0,"comment_status":"open","ping_status":"open","sticky":false,"template":"","format":"standard","meta":{"jetpack_post_was_ever_published":false,"_jetpack_newsletter_access":"","_jetpack_dont_email_post_to_subs":false,"_jetpack_newsletter_tier_id":0,"_jetpack_memberships_contains_paywalled_content":false,"_jetpack_memberships_contains_paid_content":false,"footnotes":"","jetpack_publicize_message":"","jetpack_publicize_feature_enabled":true,"jetpack_social_post_already_shared":false,"jetpack_social_options":{"image_generator_settings":{"template":"highway","default_image_id":0,"font":"","enabled":false},"version":2}},"categories":[81],"tags":[],"class_list":["post-3211","post","type-post","status-publish","format-standard","hentry","category-c94-ruralistas"],"jetpack_publicize_connections":[],"jetpack_featured_media_url":"","jetpack_shortlink":"https:\/\/wp.me\/p659gw-PN","jetpack-related-posts":[],"jetpack_likes_enabled":true,"jetpack_sharing_enabled":true,"_links":{"self":[{"href":"https:\/\/pcb.org.br\/portal2\/wp-json\/wp\/v2\/posts\/3211","targetHints":{"allow":["GET"]}}],"collection":[{"href":"https:\/\/pcb.org.br\/portal2\/wp-json\/wp\/v2\/posts"}],"about":[{"href":"https:\/\/pcb.org.br\/portal2\/wp-json\/wp\/v2\/types\/post"}],"author":[{"embeddable":true,"href":"https:\/\/pcb.org.br\/portal2\/wp-json\/wp\/v2\/users\/1"}],"replies":[{"embeddable":true,"href":"https:\/\/pcb.org.br\/portal2\/wp-json\/wp\/v2\/comments?post=3211"}],"version-history":[{"count":0,"href":"https:\/\/pcb.org.br\/portal2\/wp-json\/wp\/v2\/posts\/3211\/revisions"}],"wp:attachment":[{"href":"https:\/\/pcb.org.br\/portal2\/wp-json\/wp\/v2\/media?parent=3211"}],"wp:term":[{"taxonomy":"category","embeddable":true,"href":"https:\/\/pcb.org.br\/portal2\/wp-json\/wp\/v2\/categories?post=3211"},{"taxonomy":"post_tag","embeddable":true,"href":"https:\/\/pcb.org.br\/portal2\/wp-json\/wp\/v2\/tags?post=3211"}],"curies":[{"name":"wp","href":"https:\/\/api.w.org\/{rel}","templated":true}]}}