{"id":32136,"date":"2024-10-08T16:52:09","date_gmt":"2024-10-08T19:52:09","guid":{"rendered":"https:\/\/pcb.org.br\/portal2\/?p=32136"},"modified":"2024-10-08T16:52:09","modified_gmt":"2024-10-08T19:52:09","slug":"e-urgente-combater-os-incendios-e-suas-causas-profundas","status":"publish","type":"post","link":"https:\/\/pcb.org.br\/portal2\/32136","title":{"rendered":"\u00c9 urgente combater os inc\u00eandios e suas causas profundas"},"content":{"rendered":"<p><img data-recalc-dims=\"1\" loading=\"lazy\" decoding=\"async\" data-attachment-id=\"32137\" data-permalink=\"https:\/\/pcb.org.br\/portal2\/32136\/incendio-criminoso\" data-orig-file=\"https:\/\/i0.wp.com\/pcb.org.br\/portal2\/wp-content\/uploads\/2024\/10\/incendio-criminoso.jpg?fit=1170%2C700&amp;ssl=1\" data-orig-size=\"1170,700\" data-comments-opened=\"0\" data-image-meta=\"{&quot;aperture&quot;:&quot;0&quot;,&quot;credit&quot;:&quot;&quot;,&quot;camera&quot;:&quot;&quot;,&quot;caption&quot;:&quot;&quot;,&quot;created_timestamp&quot;:&quot;0&quot;,&quot;copyright&quot;:&quot;&quot;,&quot;focal_length&quot;:&quot;0&quot;,&quot;iso&quot;:&quot;0&quot;,&quot;shutter_speed&quot;:&quot;0&quot;,&quot;title&quot;:&quot;&quot;,&quot;orientation&quot;:&quot;0&quot;}\" data-image-title=\"incendio criminoso\" data-image-description=\"\" data-image-caption=\"\" data-large-file=\"https:\/\/i0.wp.com\/pcb.org.br\/portal2\/wp-content\/uploads\/2024\/10\/incendio-criminoso.jpg?fit=747%2C447&amp;ssl=1\" class=\"alignnone size-large wp-image-32137\" src=\"https:\/\/i0.wp.com\/pcb.org.br\/portal2\/wp-content\/uploads\/2024\/10\/incendio-criminoso.jpg?resize=747%2C447&#038;ssl=1\" alt=\"\" width=\"747\" height=\"447\" srcset=\"https:\/\/i0.wp.com\/pcb.org.br\/portal2\/wp-content\/uploads\/2024\/10\/incendio-criminoso.jpg?resize=900%2C538&amp;ssl=1 900w, https:\/\/i0.wp.com\/pcb.org.br\/portal2\/wp-content\/uploads\/2024\/10\/incendio-criminoso.jpg?resize=300%2C179&amp;ssl=1 300w, https:\/\/i0.wp.com\/pcb.org.br\/portal2\/wp-content\/uploads\/2024\/10\/incendio-criminoso.jpg?resize=768%2C459&amp;ssl=1 768w, https:\/\/i0.wp.com\/pcb.org.br\/portal2\/wp-content\/uploads\/2024\/10\/incendio-criminoso.jpg?w=1170&amp;ssl=1 1170w\" sizes=\"auto, (max-width: 747px) 100vw, 747px\" \/><!--more--><\/p>\n<p>Imagem: Jader Souza &#8211; Ag\u00eancia Brasil<\/p>\n<p>Nota Pol\u00edtica do Partido Comunista Brasileiro (PCB)<\/p>\n<p>Os milhares de hectares de florestas e planta\u00e7\u00f5es queimadas nas \u00faltimas semanas, no Brasil, d\u00e3o mais uma clara mostra da gravidade da degrada\u00e7\u00e3o ambiental em curso. Os inc\u00eandios, em muitos casos, t\u00eam origem nas altas temperaturas registradas nesse per\u00edodo de inverno, nos \u00faltimos anos, em que \u00e9 mais baixa a incid\u00eancia de chuvas. Essa \u00e9 uma consequ\u00eancia direta do processo de aquecimento global e se soma \u00e0 seca na regi\u00e3o amaz\u00f4nica e \u00e0s inunda\u00e7\u00f5es em grande escala ocorridas h\u00e1 poucos meses no Rio Grande do Sul, que deixaram centenas de mortos e desabrigados, destru\u00edram planta\u00e7\u00f5es e infraestrutura em geral como evid\u00eancia incontest\u00e1vel da aproxima\u00e7\u00e3o de uma cat\u00e1strofe ambiental capaz de atingir milh\u00f5es de pessoas e p\u00f4r em risco a pr\u00f3pria vida, como a conhecemos hoje, no planeta.<\/p>\n<p>No entanto, est\u00e1 mais do que comprovado haver outras causas diretas para os inc\u00eandios, principalmente as a\u00e7\u00f5es intencionais criminosas de grandes propriet\u00e1rios de terra para ampliar suas \u00e1reas de plantio e de pastagens para o gado. H\u00e1 tamb\u00e9m as atividades de ca\u00e7adores, que ateiam fogo a matas para fazer com que seus alvos \u2013 os animais \u2013 saiam da floresta para serem abatidos; as queimadas, pr\u00e1tica muito primitiva ainda em uso em v\u00e1rios segmentos da agricultura e pecu\u00e1ria, bem como a\u00e7\u00f5es de pessoas avulsas, motivadas por vingan\u00e7a ou simplesmente por um comportamento destrutivo e antissocial.<\/p>\n<p>N\u00e3o h\u00e1 d\u00favida alguma de que a maior responsabilidade pela destrui\u00e7\u00e3o ambiental recai sobre o agroneg\u00f3cio &#8211; setor que exporta alimentos em grande volume num pa\u00eds onde milh\u00f5es passam fome, gerando desemprego e mis\u00e9ria no campo. O agro \u00e9 fome, mis\u00e9ria e morte! \u00c9 uma grande m\u00e1quina de gerar lucros \u00e0s custas do esgotamento dos solos e da gera\u00e7\u00e3o de doen\u00e7as causadas pela contamina\u00e7\u00e3o por agrot\u00f3xicos e fertilizantes de uso intensivo.<\/p>\n<p>O enfrentamento \u00e0 degrada\u00e7\u00e3o ambiental exige a\u00e7\u00f5es imediatas, como as de conten\u00e7\u00e3o e extin\u00e7\u00e3o do fogo, e medidas diversas para a revers\u00e3o da tend\u00eancia, hoje em curso, de degrada\u00e7\u00e3o profunda do meio ambiente. Entre as de curto prazo est\u00e3o a da constitui\u00e7\u00e3o de uma frota de avi\u00f5es especializados no combate a inc\u00eandios, o refor\u00e7o do ICMBIO e do IBAMA, com mais verbas e contrata\u00e7\u00e3o de servidores, o melhor aparelhamento da Pol\u00edcia Federal, o endurecimento das leis de prote\u00e7\u00e3o ambiental, a efetiva\u00e7\u00e3o da prote\u00e7\u00e3o aos territ\u00f3rios ind\u00edgenas e quilombolas e a cria\u00e7\u00e3o de uma Autoridade Ambiental Nacional, supraministerial, com participa\u00e7\u00e3o direta dos trabalhadores e das trabalhadoras.<\/p>\n<p>As medidas de realiza\u00e7\u00e3o de m\u00e9dio prazo, a serem implementadas desde j\u00e1, incluem a reforma agr\u00e1ria de grande porte, para a mudan\u00e7a do modelo agr\u00e1rio brasileiro, que passe a ser voltado \u00e0 produ\u00e7\u00e3o de alimentos com vistas ao abastecimento interno em propriedades pequenas e m\u00e9dias cooperativizadas e p\u00fablicas, integradas a florestas; a expans\u00e3o do transporte p\u00fablico nas cidades, entre os munic\u00edpios e os estados, com a preval\u00eancia dos modos ferrovi\u00e1rio eletrificado e aquavi\u00e1rio com combust\u00edveis alternativos, a substitui\u00e7\u00e3o dos \u00f4nibus urbanos e interurbanos a diesel por ve\u00edculos el\u00e9tricos ou movidos a hidrog\u00eanio; a\u00e7\u00f5es intensas de reflorestamento e de uso econ\u00f4mico racional da floresta em p\u00e9, como o extrativismo, a promo\u00e7\u00e3o de adapta\u00e7\u00e3o e mitiga\u00e7\u00e3o das causas da degrada\u00e7\u00e3o ambiental nas cidades, entre muitas outras a\u00e7\u00f5es.<\/p>\n<p>Todas essas medidas podem acumular for\u00e7a visando a solu\u00e7\u00e3o definitiva para a revers\u00e3o do processo de degrada\u00e7\u00e3o ambiental e a constru\u00e7\u00e3o da sustentabilidade, mas, certamente, n\u00e3o ser\u00e3o suficientes, pois a l\u00f3gica do capitalismo exige a produ\u00e7\u00e3o em massa de mercadorias \u2013 acess\u00edveis para a minoria da humanidade \u2013 e trata a natureza t\u00e3o somente como um conjunto de insumos de produ\u00e7\u00e3o, como mercadorias. As escalas atuais de produ\u00e7\u00e3o s\u00e3o, claramente, insustent\u00e1veis, e est\u00e3o levando ao esgotamento \u2013 iminente \u2013 dos recursos naturais, ao mesmo tempo em que a polui\u00e7\u00e3o gerada pela produ\u00e7\u00e3o como um todo causa a degrada\u00e7\u00e3o do ar, da \u00e1gua, dos solos e florestas e ao aquecimento da Terra.<\/p>\n<p>Defendemos o confisco imediato de todas as terras que foram objeto de inc\u00eandios criminosos para a reforma agr\u00e1ria, com a regenera\u00e7\u00e3o das florestas e biomas nativos. \u00c9 urgente a ado\u00e7\u00e3o de um programa em larga escala de reflorestamento com esp\u00e9cies nativas integradas com a produ\u00e7\u00e3o agroflorestal, visando a soberania alimentar! Lutamos pela imediata constitui\u00e7\u00e3o de uma frota de avi\u00f5es de combate a inc\u00eandios, junto com a forma\u00e7\u00e3o de brigadas de combate a inc\u00eandios e a efetiva estrutura\u00e7\u00e3o e aparelhamento da Defesa Civil Nacional, bem como a dos estados e munic\u00edpios. Tais iniciativas precisam ser implementadas ao lado da realiza\u00e7\u00e3o imediata de concursos p\u00fablicos para o ICMBIO e o IBAMA, visando ampliar a capacidade destes \u00f3rg\u00e3os no combate aos inc\u00eandios.<\/p>\n<p>Pela imediata constitui\u00e7\u00e3o de novas unidades de conserva\u00e7\u00e3o da natureza!<br \/>\nPela imediata demarca\u00e7\u00e3o de todas as terras ind\u00edgenas!<br \/>\nPela imediata titula\u00e7\u00e3o de todas as terras quilombolas e de popula\u00e7\u00f5es tradicionais!<br \/>\nPor uma reforma agr\u00e1ria e reforma urbana, com intensa participa\u00e7\u00e3o dos\/das trabalhadores(as)!<br \/>\nLutar pela sustentabilidade \u00e9 lutar pelo Socialismo!<\/p>\n<p>Pelo Poder Popular!<\/p>\n<p>Comit\u00ea Central do PCB<br \/>\nComiss\u00e3o Nacional Ambiental<\/p>\n","protected":false},"excerpt":{"rendered":"<a class=\"moretag\" href=\"https:\/\/pcb.org.br\/portal2\/32136\"> <\/a>","protected":false},"author":8,"featured_media":0,"comment_status":"closed","ping_status":"closed","sticky":false,"template":"","format":"standard","meta":{"jetpack_post_was_ever_published":false,"_jetpack_newsletter_access":"","_jetpack_dont_email_post_to_subs":false,"_jetpack_newsletter_tier_id":0,"_jetpack_memberships_contains_paywalled_content":false,"_jetpack_memberships_contains_paid_content":false,"footnotes":"","jetpack_publicize_message":"","jetpack_publicize_feature_enabled":true,"jetpack_social_post_already_shared":true,"jetpack_social_options":{"image_generator_settings":{"template":"highway","default_image_id":0,"font":"","enabled":false},"version":2}},"categories":[239,26],"tags":[224,246],"class_list":["post-32136","post","type-post","status-publish","format-standard","hentry","category-ambiental","category-c25-notas-politicas-do-pcb","tag-3b","tag-np"],"jetpack_publicize_connections":[],"jetpack_featured_media_url":"","jetpack_shortlink":"https:\/\/wp.me\/p659gw-8mk","jetpack-related-posts":[],"jetpack_likes_enabled":true,"jetpack_sharing_enabled":true,"_links":{"self":[{"href":"https:\/\/pcb.org.br\/portal2\/wp-json\/wp\/v2\/posts\/32136","targetHints":{"allow":["GET"]}}],"collection":[{"href":"https:\/\/pcb.org.br\/portal2\/wp-json\/wp\/v2\/posts"}],"about":[{"href":"https:\/\/pcb.org.br\/portal2\/wp-json\/wp\/v2\/types\/post"}],"author":[{"embeddable":true,"href":"https:\/\/pcb.org.br\/portal2\/wp-json\/wp\/v2\/users\/8"}],"replies":[{"embeddable":true,"href":"https:\/\/pcb.org.br\/portal2\/wp-json\/wp\/v2\/comments?post=32136"}],"version-history":[{"count":1,"href":"https:\/\/pcb.org.br\/portal2\/wp-json\/wp\/v2\/posts\/32136\/revisions"}],"predecessor-version":[{"id":32138,"href":"https:\/\/pcb.org.br\/portal2\/wp-json\/wp\/v2\/posts\/32136\/revisions\/32138"}],"wp:attachment":[{"href":"https:\/\/pcb.org.br\/portal2\/wp-json\/wp\/v2\/media?parent=32136"}],"wp:term":[{"taxonomy":"category","embeddable":true,"href":"https:\/\/pcb.org.br\/portal2\/wp-json\/wp\/v2\/categories?post=32136"},{"taxonomy":"post_tag","embeddable":true,"href":"https:\/\/pcb.org.br\/portal2\/wp-json\/wp\/v2\/tags?post=32136"}],"curies":[{"name":"wp","href":"https:\/\/api.w.org\/{rel}","templated":true}]}}