{"id":32139,"date":"2024-10-09T22:57:52","date_gmt":"2024-10-10T01:57:52","guid":{"rendered":"https:\/\/pcb.org.br\/portal2\/?p=32139"},"modified":"2024-10-09T22:57:52","modified_gmt":"2024-10-10T01:57:52","slug":"tempestade-de-al-aqsa-um-ano-depois","status":"publish","type":"post","link":"https:\/\/pcb.org.br\/portal2\/32139","title":{"rendered":"Tempestade de Al-Aqsa: um ano depois"},"content":{"rendered":"<p><img data-recalc-dims=\"1\" loading=\"lazy\" decoding=\"async\" data-attachment-id=\"32140\" data-permalink=\"https:\/\/pcb.org.br\/portal2\/32139\/tempestade-de-alaqsa-um-ano\" data-orig-file=\"https:\/\/i0.wp.com\/pcb.org.br\/portal2\/wp-content\/uploads\/2024\/10\/tempestade-de-alaqsa-um-ano.webp?fit=800%2C451&amp;ssl=1\" data-orig-size=\"800,451\" data-comments-opened=\"0\" data-image-meta=\"{&quot;aperture&quot;:&quot;0&quot;,&quot;credit&quot;:&quot;&quot;,&quot;camera&quot;:&quot;&quot;,&quot;caption&quot;:&quot;&quot;,&quot;created_timestamp&quot;:&quot;0&quot;,&quot;copyright&quot;:&quot;&quot;,&quot;focal_length&quot;:&quot;0&quot;,&quot;iso&quot;:&quot;0&quot;,&quot;shutter_speed&quot;:&quot;0&quot;,&quot;title&quot;:&quot;&quot;,&quot;orientation&quot;:&quot;0&quot;}\" data-image-title=\"tempestade-de-alaqsa-um-ano\" data-image-description=\"\" data-image-caption=\"\" data-large-file=\"https:\/\/i0.wp.com\/pcb.org.br\/portal2\/wp-content\/uploads\/2024\/10\/tempestade-de-alaqsa-um-ano.webp?fit=747%2C421&amp;ssl=1\" class=\"alignnone size-full wp-image-32140\" src=\"https:\/\/i0.wp.com\/pcb.org.br\/portal2\/wp-content\/uploads\/2024\/10\/tempestade-de-alaqsa-um-ano.webp?resize=747%2C421&#038;ssl=1\" alt=\"\" width=\"747\" height=\"421\" srcset=\"https:\/\/i0.wp.com\/pcb.org.br\/portal2\/wp-content\/uploads\/2024\/10\/tempestade-de-alaqsa-um-ano.webp?w=800&amp;ssl=1 800w, https:\/\/i0.wp.com\/pcb.org.br\/portal2\/wp-content\/uploads\/2024\/10\/tempestade-de-alaqsa-um-ano.webp?resize=300%2C169&amp;ssl=1 300w, https:\/\/i0.wp.com\/pcb.org.br\/portal2\/wp-content\/uploads\/2024\/10\/tempestade-de-alaqsa-um-ano.webp?resize=768%2C433&amp;ssl=1 768w, https:\/\/i0.wp.com\/pcb.org.br\/portal2\/wp-content\/uploads\/2024\/10\/tempestade-de-alaqsa-um-ano.webp?resize=388%2C220&amp;ssl=1 388w\" sizes=\"auto, (max-width: 747px) 100vw, 747px\" \/><!--more--><\/p>\n<p>Ali Kamal Abdallah, um jovem brasileiro de apenas 15 anos que estava indo trabalhar com seu pai no L\u00edbano, no dia 23 de setembro, quando ambos foram v\u00edtimas de um bombardeio em que perderam suas vidas. Ali e seu pai somam-se \u00e0s quase duas mil pessoas que perderam sua vida no L\u00edbano em menos de duas semanas de ataques israelenses. A Uni\u00e3o da Juventude Comunista, hoje, dia 7 de outubro de 2024, vem demarcar essa data, que marca um ano desde a opera\u00e7\u00e3o \u201cTempestade de Al-Aqsa\u201d e o in\u00edcio de uma das maiores e mais covardes ofensivas militares que Israel j\u00e1 promoveu em Gaza, desde a Nakba em 1948.<\/p>\n<p>At\u00e9 o momento, s\u00e3o mais de 100 mil palestinos feridos e mais de 40 mil mortos, sendo pelo menos 16 mil dessas v\u00edtimas crian\u00e7as e rec\u00e9m-nascidos. Como temos visto recentemente, Israel n\u00e3o se limita \u00e0 Palestina, avan\u00e7ando tamb\u00e9m para outros pa\u00edses do Oriente M\u00e9dio.<\/p>\n<p>A \u201cTempestade de Al-Aqsa\u201d foi uma opera\u00e7\u00e3o militar lan\u00e7ada pelas Brigadas Al-Qassam, em outubro de 2023, como resposta \u00e0 crescente ocupa\u00e7\u00e3o ilegal e \u00e0s agress\u00f5es nos meses anteriores ao ataque. Essas ocupa\u00e7\u00f5es concentraram-se especialmente em locais sagrados do Isl\u00e3, como a Mesquita de Al-Aqsa, em Jerusal\u00e9m. O ataque representou a quebra do bloqueio imposto \u00e0 Faixa de Gaza e teve como alvo posi\u00e7\u00f5es militares israelenses, al\u00e9m de afirmar o direito de autodefesa diante de d\u00e9cadas de ocupa\u00e7\u00e3o, viol\u00eancia colonial e opress\u00e3o.<\/p>\n<p>A opera\u00e7\u00e3o \u00e9 uma forma de resist\u00eancia \u00e0 ocupa\u00e7\u00e3o sionista, \u00e0 repress\u00e3o e ao apartheid, al\u00e9m do processo de limpeza \u00e9tnica na regi\u00e3o. O governo sionista, no entanto, usou a opera\u00e7\u00e3o como pretexto para justificar uma ofensiva brutal e covarde, acusando diversos grupos de terrorismo, enquanto praticava, sob os olhos do mundo, crimes de guerra e crimes contra a humanidade.<\/p>\n<p>Por meio de bloqueios e bombardeios indiscriminados, bairros inteiros, hospitais, escolas, casas e universidades foram destru\u00eddos, com o apoio incondicional de pot\u00eancias imperialistas, como os Estados Unidos e outros pa\u00edses do Norte Global. Israel continua a promover um massacre sistem\u00e1tico em Gaza, na Cisjord\u00e2nia e, recentemente, no L\u00edbano.<\/p>\n<p>Essa pr\u00e1tica de apartheid e genoc\u00eddio contra o povo palestino visa destruir sua identidade, autodetermina\u00e7\u00e3o e resist\u00eancia, alimentando uma ideologia orientalista e racista contra as popula\u00e7\u00f5es \u00e1rabes da regi\u00e3o. Isso pode ser observado no sistema educacional, na m\u00eddia e na propaganda de Israel. Mesmo diante dessa realidade, o povo palestino segue lutando incansavelmente por sua liberta\u00e7\u00e3o e autodetermina\u00e7\u00e3o. Sua luta \u00e9 leg\u00edtima e urgente.<\/p>\n<p>N\u00f3s, da Uni\u00e3o da Juventude Comunista, a Juventude do Partido Comunista Brasileiro, expressamos toda a nossa solidariedade ao povo palestino, ao povo liban\u00eas e ao povo iemenita. Estamos mobilizados em todo o Brasil para exigir o fim do genoc\u00eddio e do Estado de Israel. \u00c9 nosso dever denunciar e pressionar pelo rompimento das rela\u00e7\u00f5es que o governo brasileiro mant\u00e9m com o imperialismo sionista, incluindo a venda de quase 10% do petr\u00f3leo usado por Israel em suas m\u00e1quinas de guerra. Al\u00e9m disso, as for\u00e7as armadas brasileiras continuam comprando armas e equipamentos que s\u00e3o utilizados para oprimir a classe trabalhadora aqui no Brasil, seja nas periferias urbanas, no campo, nas comunidades ind\u00edgenas, quilombolas ou tradicionais.<\/p>\n<p>Entendemos que o fim das rela\u00e7\u00f5es comerciais e diplom\u00e1ticas com Israel aumenta a press\u00e3o internacional por um cessar-fogo imediato na regi\u00e3o. Hoje lembramos o mart\u00edrio de Ali Kamal Abdallah e de todas as crian\u00e7as, jovens, adultos, pais e m\u00e3es que tiveram suas vidas interrompidas pela viol\u00eancia. Nosso compromisso \u00e9 com a causa e resist\u00eancia palestina, ao mesmo tempo em que denunciamos a hipocrisia do Ocidente, conivente com esse genoc\u00eddio.<\/p>\n<p>Continuaremos a mobilizar as fileiras de nossa juventude em defesa de um mundo livre do colonialismo, do capitalismo, do imperialismo e de toda forma de opress\u00e3o. Que a mem\u00f3ria dos m\u00e1rtires viva como combust\u00edvel para fortalecer nossa luta anti-imperialista e anticapitalista.<\/p>\n<p>Nosso recado final \u00e9 claro: pela liberdade dos prisioneiros palestinos nas cadeias israelenses e por uma Palestina livre, soberana, multi\u00e9tnica, laica e socialista, do Rio Jord\u00e3o ao Mar Mediterr\u00e2neo.<\/p>\n<p>Comiss\u00e3o de Assuntos de Rela\u00e7\u00f5es Internacionais da Uni\u00e3o da Juventude Comunista<\/p>\n<p>7 de outubro de 2024<\/p>\n<p><a href=\"https:\/\/ujc.org.br\/tempestade-de-al-aqsa-um-ano-depois\/\">https:\/\/ujc.org.br\/tempestade-de-al-aqsa-um-ano-depois\/<\/a><\/p>\n","protected":false},"excerpt":{"rendered":"<a class=\"moretag\" href=\"https:\/\/pcb.org.br\/portal2\/32139\"> <\/a>","protected":false},"author":8,"featured_media":0,"comment_status":"closed","ping_status":"closed","sticky":false,"template":"","format":"standard","meta":{"jetpack_post_was_ever_published":false,"_jetpack_newsletter_access":"","_jetpack_dont_email_post_to_subs":false,"_jetpack_newsletter_tier_id":0,"_jetpack_memberships_contains_paywalled_content":false,"_jetpack_memberships_contains_paid_content":false,"footnotes":"","jetpack_publicize_message":"","jetpack_publicize_feature_enabled":true,"jetpack_social_post_already_shared":true,"jetpack_social_options":{"image_generator_settings":{"template":"highway","default_image_id":0,"font":"","enabled":false},"version":2}},"categories":[6,78,27],"tags":[221],"class_list":["post-32139","post","type-post","status-publish","format-standard","hentry","category-s5-juventude","category-c91-solidariedade-a-palestina","category-c27-ujc","tag-2a"],"jetpack_publicize_connections":[],"jetpack_featured_media_url":"","jetpack_shortlink":"https:\/\/wp.me\/p659gw-8mn","jetpack-related-posts":[],"jetpack_likes_enabled":true,"jetpack_sharing_enabled":true,"_links":{"self":[{"href":"https:\/\/pcb.org.br\/portal2\/wp-json\/wp\/v2\/posts\/32139","targetHints":{"allow":["GET"]}}],"collection":[{"href":"https:\/\/pcb.org.br\/portal2\/wp-json\/wp\/v2\/posts"}],"about":[{"href":"https:\/\/pcb.org.br\/portal2\/wp-json\/wp\/v2\/types\/post"}],"author":[{"embeddable":true,"href":"https:\/\/pcb.org.br\/portal2\/wp-json\/wp\/v2\/users\/8"}],"replies":[{"embeddable":true,"href":"https:\/\/pcb.org.br\/portal2\/wp-json\/wp\/v2\/comments?post=32139"}],"version-history":[{"count":1,"href":"https:\/\/pcb.org.br\/portal2\/wp-json\/wp\/v2\/posts\/32139\/revisions"}],"predecessor-version":[{"id":32141,"href":"https:\/\/pcb.org.br\/portal2\/wp-json\/wp\/v2\/posts\/32139\/revisions\/32141"}],"wp:attachment":[{"href":"https:\/\/pcb.org.br\/portal2\/wp-json\/wp\/v2\/media?parent=32139"}],"wp:term":[{"taxonomy":"category","embeddable":true,"href":"https:\/\/pcb.org.br\/portal2\/wp-json\/wp\/v2\/categories?post=32139"},{"taxonomy":"post_tag","embeddable":true,"href":"https:\/\/pcb.org.br\/portal2\/wp-json\/wp\/v2\/tags?post=32139"}],"curies":[{"name":"wp","href":"https:\/\/api.w.org\/{rel}","templated":true}]}}