{"id":32173,"date":"2024-10-22T17:24:38","date_gmt":"2024-10-22T20:24:38","guid":{"rendered":"https:\/\/pcb.org.br\/portal2\/?p=32173"},"modified":"2024-10-22T17:24:38","modified_gmt":"2024-10-22T20:24:38","slug":"entrevista-com-boris-differ-do-cc-do-prcf","status":"publish","type":"post","link":"https:\/\/pcb.org.br\/portal2\/32173","title":{"rendered":"Entrevista com Boris Differ, do CC do PRCF"},"content":{"rendered":"<p><img data-recalc-dims=\"1\" loading=\"lazy\" decoding=\"async\" data-attachment-id=\"32174\" data-permalink=\"https:\/\/pcb.org.br\/portal2\/32173\/image-16\" data-orig-file=\"https:\/\/i0.wp.com\/pcb.org.br\/portal2\/wp-content\/uploads\/2024\/10\/image-1.png?fit=403%2C450&amp;ssl=1\" data-orig-size=\"403,450\" data-comments-opened=\"0\" data-image-meta=\"{&quot;aperture&quot;:&quot;0&quot;,&quot;credit&quot;:&quot;&quot;,&quot;camera&quot;:&quot;&quot;,&quot;caption&quot;:&quot;&quot;,&quot;created_timestamp&quot;:&quot;0&quot;,&quot;copyright&quot;:&quot;&quot;,&quot;focal_length&quot;:&quot;0&quot;,&quot;iso&quot;:&quot;0&quot;,&quot;shutter_speed&quot;:&quot;0&quot;,&quot;title&quot;:&quot;&quot;,&quot;orientation&quot;:&quot;0&quot;}\" data-image-title=\"image\" data-image-description=\"\" data-image-caption=\"\" data-large-file=\"https:\/\/i0.wp.com\/pcb.org.br\/portal2\/wp-content\/uploads\/2024\/10\/image-1.png?fit=403%2C450&amp;ssl=1\" class=\"alignnone size-full wp-image-32174\" src=\"https:\/\/i0.wp.com\/pcb.org.br\/portal2\/wp-content\/uploads\/2024\/10\/image-1.png?resize=403%2C450&#038;ssl=1\" alt=\"\" width=\"403\" height=\"450\" srcset=\"https:\/\/i0.wp.com\/pcb.org.br\/portal2\/wp-content\/uploads\/2024\/10\/image-1.png?w=403&amp;ssl=1 403w, https:\/\/i0.wp.com\/pcb.org.br\/portal2\/wp-content\/uploads\/2024\/10\/image-1.png?resize=269%2C300&amp;ssl=1 269w\" sizes=\"auto, (max-width: 403px) 100vw, 403px\" \/><!--more--><\/p>\n<p>Boris Differ &#8211; Historiador e Secret\u00e1rio de Rela\u00e7\u00f5es Internacionais do CC\/PRCF (P\u00f3lo de Renascimento Comunista em Fran\u00e7a)<\/p>\n<p>Entrevista realizada por Milton Pinheiro<\/p>\n<p>Tradu\u00e7\u00e3o: Sofia Manzano<\/p>\n<p>I) Como ocorreu o \u00faltimo processo eleitoral na Fran\u00e7a?<\/p>\n<p>Os resultados das elei\u00e7\u00f5es legislativas acabaram de colocar a Fran\u00e7a numa fase de grande incerteza e, ainda mais, de potencial supervis\u00e3o sob o controle do Eixo UE-OTAN atrav\u00e9s de uma poss\u00edvel \u201cgrande coliga\u00e7\u00e3o\u201d incluindo Macron, como um componente inevit\u00e1vel, salvo pela en\u00e9sima vez pelos condicionantes de barreira da pol\u00edtica francesa. Como consequ\u00eancia, podemos ter o risco de uma acelera\u00e7\u00e3o da marcha desastrosa para a guerra e a dissolu\u00e7\u00e3o da Fran\u00e7a no Eixo UE-OTAN. E, al\u00e9m disso, a UE acaba de colocar a Fran\u00e7a num \u201cprocedimento de recupera\u00e7\u00e3o de d\u00e9ficit excessivo\u201d! Mais do que nunca, \u00e9 \u00f3bvio que pretender mudar a Fran\u00e7a, permanecendo na mortal camisa de for\u00e7as europeia e apostando na inalcan\u00e7\u00e1vel &#8220;Europa social&#8221; \u00e9 uma pura mentira que desarma os trabalhadores: dentro da UE, que os seus tratados definem como uma &#8220;economia de mercado aberto ao mundo onde a concorr\u00eancia \u00e9 livre e n\u00e3o distorcida&#8221;, s\u00f3 pode haver deteriora\u00e7\u00f5es intermin\u00e1veis, como privatiza\u00e7\u00f5es, destrui\u00e7\u00e3o de pens\u00f5es, inseguran\u00e7a social, redu\u00e7\u00e3o dos servi\u00e7os p\u00fablicos, queda da produ\u00e7\u00e3o na Fran\u00e7a, redu\u00e7\u00e3o da educa\u00e7\u00e3o nacional e da agricultura camponesa.<\/p>\n<p>Ativistas comunistas de todos os matizes, e mais especificamente, membros e simpatizantes do PCF e do MJCF, \u00e9 URGENTE p\u00f4r fim a uma depend\u00eancia mortal da social-democracia, fruto do abandono de todos os fundamentos comunistas desde 1976: ditadura do proletariado, marxismo-leninismo, centralismo democr\u00e1tico, refer\u00eancia na classe trabalhadora, objetivo da revolu\u00e7\u00e3o socialista, papel de lideran\u00e7a da classe trabalhadora na transi\u00e7\u00e3o para o comunismo, unidade do patriotismo republicano e do internacionalismo prolet\u00e1rio defendido por Jacques Duclos etc. \u00c9 tamb\u00e9m tempo de finalmente ter em conta todas as emerg\u00eancias acima mencionadas para reconquistar os trabalhadores que agora se voltam tragicamente para o RN&#8230; ou para a absten\u00e7\u00e3o.<\/p>\n<p>II) Como a PRCF participou?<\/p>\n<p>O PRCF apresentou 6 candidatos em v\u00e1rios c\u00edrculos eleitorais do pa\u00eds com o nosso programa de 30 medidas de emerg\u00eancia (programa m\u00ednimo):<\/p>\n<p>1) Proclamar a superioridade das leis francesas sobre as diretivas europeias, iniciar o processo de sa\u00edda urgente da UE e do Euro;<\/p>\n<p>2) Restaurar a Rep\u00fablica una e indivis\u00edvel, fim das eurometr\u00f3poles e euro-regi\u00f5es;<\/p>\n<p>3) Democratizar a vida p\u00fablica, proporcionalidade em todas as elei\u00e7\u00f5es, processo democr\u00e1tico condizente a uma Assembleia Constituinte, nacionaliza\u00e7\u00e3o da grande m\u00eddia;<\/p>\n<p>4) Erradicar a corrup\u00e7\u00e3o, cria\u00e7\u00e3o de comit\u00eas de cidad\u00e3os contra a corrup\u00e7\u00e3o, mandato imperativo e revogat\u00f3rio para qualquer autoridade eleita;<\/p>\n<p>5) Restaurar uma Fran\u00e7a segura;<\/p>\n<p>6) Acabar com todas as contrarreformas Maastrichtianas;<\/p>\n<p>7) Nacionalizar os bancos e os principais setores estrat\u00e9gicos;<\/p>\n<p>8) Reconstruir e democratizar os servi\u00e7os p\u00fablicos;<\/p>\n<p>9) Reconstru\u00e7\u00e3o das estruturas artesanais e agr\u00edcolas: fim da PAC;<\/p>\n<p>10) Envolver-se na transi\u00e7\u00e3o ambiental, tributar o frete rodovi\u00e1rio transcontinental em favor do frete ferrovi\u00e1rio e das linhas ferrovi\u00e1rias;<\/p>\n<p>11) Restaurar uma moeda nacional e sair do Euro;<\/p>\n<p>12) Acabar com a \u201cd\u00edvida soberana\u201d supostamente devida aos mercados financeiros;<\/p>\n<p>13) Controlar capitais nas fronteiras;<\/p>\n<p>14) Lan\u00e7ar uma reforma tribut\u00e1ria que tribute severamente o grande capital e os bilion\u00e1rios, retorno gradual para 2\/3 do valor criado para sal\u00e1rios e n\u00e3o para capital, 14 faixas de imposto de renda;<\/p>\n<p>15) Reequilibrar os impostos locais em todo pa\u00eds;<\/p>\n<p>16) Aumentar significativamente o rendimento com sal\u00e1rio m\u00ednimo em 2.000 euros;<\/p>\n<p>17) Restaurar a aposentadoria completa aos 60 anos com 37,5 anos de contribui\u00e7\u00f5es;<\/p>\n<p>18) Reabilitar o trabalho na Fran\u00e7a;<\/p>\n<p>19) Expandir os direitos dos trabalhadores;<\/p>\n<p>20) Garantir moradia para todos;<\/p>\n<p>21) Reconstruir uma educa\u00e7\u00e3o p\u00fablica nacional e democr\u00e1tica;<\/p>\n<p>22) Conduzir uma pol\u00edtica lingu\u00edstica progressista contra a expans\u00e3o do ingl\u00eas;<\/p>\n<p>23) Aplicar estritamente o secularismo;<\/p>\n<p>24) Defender a igualdade republicana estrita;<\/p>\n<p>25) Colocar a Cultura no centro da emancipa\u00e7\u00e3o humana;<\/p>\n<p>E outros&#8230;<\/p>\n<p>OBS: Nos restantes c\u00edrculos eleitorais, foi emitida uma instru\u00e7\u00e3o de voto permitindo o apoio a candidatos do NFP (apenas LFI ou PCF), a absten\u00e7\u00e3o ou o voto em branco nos restantes casos.<\/p>\n<p>III) Como se comportaram as for\u00e7as de esquerda nestas elei\u00e7\u00f5es?<\/p>\n<p>O resultado \u00e9 que o impulso do NFP ocorre em bases extremamente prec\u00e1rias e amb\u00edguas, uma vez que o PCF continua a enfraquecer e o PS, adicionado aos Verdes e cortejado por parte do Macronismo, jogou grande parte da esquerda a favor de uma postura pr\u00f3 UE, ou seja, uma pol\u00edtica submissa, euro-atl\u00e2ntica e fortemente compat\u00edvel com o MEDEF, como vimos sob F. Hollande.<\/p>\n<p>A sequ\u00eancia eleitoral que acaba de ocorrer na Fran\u00e7a revelou tr\u00eas elementos indiscut\u00edveis sobre a situa\u00e7\u00e3o pol\u00edtica do pa\u00eds:<\/p>\n<p>1. A ascens\u00e3o da extrema direita de Le Pen, Bardella, Ciotti e Zemmour. Se o chamado \u201cCom\u00edcio Nacional\u201d ainda est\u00e1, felizmente, longe da maioria absoluta no final das elei\u00e7\u00f5es legislativas, a verdade \u00e9 que ficou em primeiro lugar durante as elei\u00e7\u00f5es europeias e \u00e9 agora o primeiro partido na Fran\u00e7a na Assembleia Nacional , embora s\u00f3 tivesse 8 deputados em maio de 2022!<\/p>\n<p>2. O ressurgimento da \u201csocial-democracia\u201d por tr\u00e1s do chamado Partido \u201csocialista\u201d e por tr\u00e1s dos \u201ceuroecologistas\u201d verdes, os grandes vencedores da sequ\u00eancia aberta pelo desastroso NUPES e continuada pela \u201cNova Frente Popular\u201d. Embora tenham ficado muito enfraquecidos pelos resultados obtidos nas elei\u00e7\u00f5es presidenciais de 2022, aqui ressuscitaram \u2013 como Fran\u00e7ois Hollande, que voltou a ser deputado! \u2013 e prontos, mais uma vez, para virar as costas aos trabalhadores.<\/p>\n<p>3. O evidente fracasso da estrat\u00e9gia de Fabien Roussel, que sofreu uma amarga derrota num reduto controlado pelo PCF desde 1962! \u2013 e que deu continuidade \u00e0 chamada linha \u201ceurocomunista\u201d iniciada em meados da d\u00e9cada de 1970 e amplificada sob os nomes de \u201cmuta\u00e7\u00e3o\u201d e depois \u201cmetamorfose\u201d desde Robert Hue. Reduzido a 9 deputados, o grupo parlamentar do PCF n\u00e3o ter\u00e1 absolutamente nenhum peso na nova Assembleia Nacional, enquanto o RN obteve vit\u00f3rias em c\u00edrculos eleitorais historicamente detidos pelo PCF.<\/p>\n<p>IV) Qual \u00e9 a vis\u00e3o do PRCF da Frente Popular que a esquerda construiu durante estas elei\u00e7\u00f5es?<\/p>\n<p>Longe de n\u00f3s, ativistas antifascistas, anti-negacionistas e anti-racistas de todos os tempos, a ideia de minimizar o perigo que representa para a democracia, para os trabalhadores imigrantes, para o movimento oper\u00e1rio, at\u00e9 para a honra da Fran\u00e7a, o poss\u00edvel chegada a Matignon de Jordan Bardella flanqueado pelos desenfreados ultra-reacion\u00e1rios Eric Ciotti e Marion Mar\u00e9chal. Dever\u00edamos construir contra eles uma nova \u201cFrente Popular\u201d inspirada no grande levante oper\u00e1rio e republicano que viu, em 14 de julho de 1935, o PCF-SFIC, o PS-SFIO, os Radicais, a CGT e a CGTU declararem-se juntos, sob as dobras mistas de bandeiras vermelhas e tricolores, o Juramento de uma Frente Popular antifascista a que o VII Congresso da Internacional Comunista tamb\u00e9m convocou pela voz de George Dimitrov? Em princ\u00edpio, a resposta a esta quest\u00e3o s\u00f3 pode ser mil vezes Sim&#8230; desde, obviamente, que seja de fato uma alian\u00e7a digna do seu grande precedente hist\u00f3rico de 1936, e n\u00e3o mais uma reciclagem da uni\u00e3o de atlantistas e liberais- euro-esquerdas compat\u00edveis, cujas repetidas trai\u00e7\u00f5es, somadas \u00e0s pol\u00edticas de euro-austeridade de Sarkozy, Hollande, Valls e Macron, est\u00e3o precisamente na origem da mar\u00e9 \u201cazul marinho\u201d nos c\u00edrculos populares.<\/p>\n<p>No entanto, e dizemo-lo com um grande esp\u00edrito de responsabilidade para com o nosso povo, este n\u00e3o \u00e9 o caminho que o cartel pol\u00edtico que sucede ao NUPES sob os ausp\u00edcios de M\u00e9lenchon, Olivier Faure, Marie Tondelier, Fabien Roussel e o muito perigoso e belicista agitador euro-atl\u00e2ntico Rapha\u00ebl Glucksmann parece querer seguir.<\/p>\n<p>A constru\u00e7\u00e3o da atual \u201cfrente popular\u201d ignora esta dial\u00e9tica vitoriosa que \u00e9 veementemente rejeitada, \u00e0 direita desta alian\u00e7a, pelos belicistas Glucksmann, pelos Verdes pr\u00f3-OTAN e pelo PS euro-atl\u00e2ntico, e \u00e0 sua esquerda, o NPA que ainda \u00e9, na empoeirada tradi\u00e7\u00e3o trotskista que permanece sua, confundindo na mesma rejei\u00e7\u00e3o estreita, a oligarquia francesa com a na\u00e7\u00e3o trabalhadora que o Macronat maltrata diariamente e que Bardella e companhia exp\u00f5em na mais grosseira xenofobia.<\/p>\n<p>Poder\u00edamos certamente dizer que, dado o perigo lepenista, n\u00e3o devemos \u201cser dif\u00edceis\u201d e que devemos aceitar qualquer coisa e qualquer pessoa para bloquear Bardella. Certamente, ouvimos e podemos entend\u00ea-lo. Mas o problema \u00e9 que n\u00e3o existe apenas UMA amea\u00e7a mortal que pesa sobre o nosso povo: enquanto escrevemos isto, Macron prepara-se para enviar tropas francesas disfar\u00e7adas de \u201cinstrutores\u201d para o teatro explosivo da Ucr\u00e2nia, entregue a um poder muito oficialmente nost\u00e1lgico do genocida anti-semita Stepan Bandera, capanga de Hitler na Ucr\u00e2nia. \u00c9 preciso ser extremamente cego para n\u00e3o ver que, se os ex\u00e9rcitos franceses, depois deles, os ex\u00e9rcitos ingl\u00eas, polaco, alem\u00e3o e, finalmente, os ex\u00e9rcitos americanos, confrontam militarmente a R\u00fassia (e amanh\u00e3 a China popular, j\u00e1 que \u00e9 o principal ponto do programa de Trump!), ser\u00e1 uma guerra mundial com um risco m\u00e1ximo de aniquila\u00e7\u00e3o da popula\u00e7\u00e3o francesa, at\u00e9 da pr\u00f3pria humanidade, se n\u00e3o dos vivos como um todo, dado o n\u00famero de ogivas nucleares que acabar\u00e3o por entrar na bateria por todos os lados assim que um dos beligerantes perder o equil\u00edbrio na guerra INICIALMENTE \u201cconvencional\u201d. Como podem for\u00e7as que se dizem comprometidas com a vida e com o humanismo ignorar este enorme risco que seria uma loucura correr e, sob o pretexto de n\u00e3o banalizar o risco Bardella (que \u00e9 certamente muito necess\u00e1rio!), colocar completamente a cabe\u00e7a no saco sobre o confronto militar &#8220;sem linhas vermelhas&#8221; exigido abertamente por Macron&#8230; e aplaudido pelos seus guardas do flanco &#8220;esquerdo&#8221;, os Rapha\u00ebl Glucksmann e outros &#8220;Verdes&#8221; alem\u00e3es e franceses? Em suma, como \u00e9 que a leg\u00edtima recusa em banalizar Bardella autoriza os l\u00edderes da esquerda parlamentar apelidados por Philippe Poutou, cada um mais \u201cjauresiano\u201d que o outro em palavras, a banalizar os piores atlantistas em guerra, desde que declarem eles mesmos \u201cex esquerda\u201d?<\/p>\n<p>V) O programa desta frente de esquerda contou com o apoio da PRCF?<\/p>\n<p>O PRCF n\u00e3o afirma de forma alguma que o programa, nem mesmo o \u00e2mbito do NFP, esta m\u00e1quina de reciclagem do PS Maastrichtiano, seja satisfat\u00f3rio, muito pelo contr\u00e1rio. J\u00e1 o demonstramos v\u00e1rias vezes: este programa que nem sequer mina a propriedade capitalista (nada ou quase nada sobre as nacionaliza\u00e7\u00f5es nem sobre a nocividade das institui\u00e7\u00f5es supranacionais FMI, OMC e Banco Mundial), que se insere inteiramente no quadro da UE e o Euro, que n\u00e3o diz nada sobre a OTAN, que promete entregar \u00e0 Ucr\u00e2nia &#8220;todas as armas necess\u00e1rias&#8221; e que at\u00e9 pro\u00edbe qualquer negocia\u00e7\u00e3o com a R\u00fassia (o NFP faz um pr\u00e9-requisito absoluto para levar Putin \u00e0 justi\u00e7a!), \u00e9 totalmente insuficiente e at\u00e9 seriamente tendenciosa em termos de uma ruptura, mesmo que m\u00ednima, com o dom\u00ednio do grande capital e das suas institui\u00e7\u00f5es internacionais. \u00c9 verdadeiramente inconceb\u00edvel que o Partido \u201cComunista\u201d Franc\u00eas, em ruptura total com as tradi\u00e7\u00f5es deste partido at\u00e9 1981, tivesse aderido a tal programa sem pestanejar. O PRCF n\u00e3o apoiar\u00e1, de onde quer que venha, qualquer governo que marche para a guerra mundial, que conte nas suas fileiras ou entre os seus alegados apoiantes um perigo p\u00fablico para a paz mundial, como Rapha\u00ebl Glucksmann!<\/p>\n<p>No entanto, uma vez que o NFP \u2013 nomeadamente o LFI e o PCF \u2013 afirma ser capaz de mudar radicalmente a vida dos franceses sem minar a propriedade capitalista, sem romper com a UE-OTAN e permanecer no quadro da moeda \u00fanica gerida pelo BCE (na realidade, por Berlim), seria ben\u00e9fico se os seus l\u00edderes tivessem a oportunidade de mostrar concretamente aos trabalhadores aquilo de que s\u00e3o capazes. \u00c9 claro que os militantes francamente comunistas do PRCF ir\u00e3o apoi\u00e1-los calorosamente nestes pontos se, para revogar a contrarreforma das pens\u00f5es, os esquemas Attal sobre a faculdade, aumentarem o sal\u00e1rio m\u00ednimo para 1.600 euros por decreto, apoiarem os trabalhadores camponeses , etc., o NFP que chega a Matignon apela aos trabalhadores para que saiam \u00e0s ruas, ou mesmo para ocuparem empresas, como fizeram os prolet\u00e1rios em 1936, a pedido dos sindicalistas da CGT de Frachon, Monmousseau, Tillon, Croizat, Paul, etc., \u2013 ou o completo oposto do que prop\u00f5e Sophie Binet, uma est\u00e9ril seguidora do \u201cdi\u00e1logo social\u201d. Foi esta mobiliza\u00e7\u00e3o das massas que permitiu arrancar aos grandes empregadores as grandes conquistas de 1936, apesar da procrastina\u00e7\u00e3o de L\u00e9on Blum, desejando sobretudo anestesiar o movimento popular, antes de &#8220;decretar a pausa&#8221; e abandonar vergonhosamente a Espanha republicana.<\/p>\n<p>VI) Existe uma amea\u00e7a concreta do avan\u00e7o da extrema direita e dos neofascistas com fortes chances de vencer as elei\u00e7\u00f5es presidenciais?<\/p>\n<p>&nbsp;<\/p>\n<p>A maior parte da classe trabalhadora, que votou no PCF e no PS nas d\u00e9cadas de 70 e 80, foi sistematicamente enganada e tra\u00edda por estes \u00faltimos. A maioria dos trabalhadores se absteve ou votou na extrema direita. Outro aspecto \u00e9 a rejei\u00e7\u00e3o total da UE e a perda da soberania popular e nacional na Fran\u00e7a em benef\u00edcio da uni\u00e3o imperialista supranacional. A maioria dos trabalhadores compreende corretamente o papel da UE desde a sua cria\u00e7\u00e3o com o Tratado de Roma em 1957, como uma ferramenta fundamental na destrui\u00e7\u00e3o de ind\u00fastrias, no desmantelamento sistem\u00e1tico dos direitos sociais, da seguran\u00e7a social, dos servi\u00e7os p\u00fablicos e assim por diante. Assim, a classe trabalhadora j\u00e1 n\u00e3o quer apoiar o PCF, o PS e todos os partidos pr\u00f3-europeus. O movimento de Le Pen aproveitou esta situa\u00e7\u00e3o para fazer alguns discursos anti-UE para ganhar o voto da classe trabalhadora e funcionou. Agora, Le Pen e Bardella declararam-se pr\u00f3-UE e pr\u00f3-OTAN muito abertamente, mas o sistema pol\u00edtico-midi\u00e1tico continua a manter a ilus\u00e3o do seu eurocepticismo de fachada. \u00c9 por isso que \u00e9 da maior import\u00e2ncia que os militantes francamente comunistas que aspiram \u00e0 reconstru\u00e7\u00e3o de um novo partido comunista falem com a nossa classe trabalhadora e apresentem uma alternativa a isto. \u00c9 por isso que temos no nosso programa principal e, desde o in\u00edcio, 30 medidas de emerg\u00eancia: FREXIT contra a UE, o euro e a OTAN como uma proposta direta \u00e0 nossa classe trabalhadora. Tal possibilidade pode, em qualquer caso, apenas abrir o caminho para uma ruptura com o capitalismo e em dire\u00e7\u00e3o ao socialismo.<\/p>\n<p>Quanto ao resultado da vota\u00e7\u00e3o, na verdade, o sistema pol\u00edtico-midi\u00e1tico acabou por dar completamente ao partido de Le Pen a apar\u00eancia de uma \u201cv\u00edtima\u201d do sistema eleitoral majorit\u00e1rio onde o n\u00famero total de votos dos cidad\u00e3os n\u00e3o t\u00eam impacto. Acordos pol\u00edticos para dar mais votos a um candidato em cada c\u00edrculo eleitoral (sistema majorit\u00e1rio e n\u00e3o proporcional). A coliga\u00e7\u00e3o lepenista tem, portanto, quase 9 milh\u00f5es de votos, o NFP apenas 7 milh\u00f5es, mas tem mais assentos parlamentares do que a extrema direita. \u00c9 claro que celebramos o fato de a extrema-direita n\u00e3o ter obtido uma maioria absoluta, mas faz\u00ea-lo recorrendo \u00e0s caracter\u00edsticas antidemocr\u00e1ticas do sistema eleitoral e aliando-nos a Macron e a figuras como Darmanin ou Borne \u00e9 uma vit\u00f3ria de Pirro, arriscando-se assim a refor\u00e7ar a mar\u00e9 da extrema direita nas elei\u00e7\u00f5es presidenciais de 2027, especialmente, e ainda mais, se o NFP dividir e trair as esperan\u00e7as do eleitorado de esquerda.<\/p>\n<p>VII) Quais s\u00e3o as possibilidades da Frente Popular nomear o Primeiro Ministro da Fran\u00e7a neste momento?<\/p>\n<p>Macron admite sem entusiasmo que o seu lado \u201cperdeu\u201d as elei\u00e7\u00f5es. Mas em vez de concluir que deve nomear imediatamente um Primeiro-Ministro da principal for\u00e7a eleitoral e parlamentar do pa\u00eds &#8211; isto \u00e9, a Nova Frente Popular (NFP) e, dentro dela, a Fran\u00e7a Insubmissa (LFI) &#8211; Macron apela a uma pseudo-tr\u00e9gua ol\u00edmpica que n\u00e3o tem base institucional. Assim, anuncia que n\u00e3o nomear\u00e1 um primeiro-ministro antes do final dos Jogos Ol\u00edmpicos, criminaliza mais do que nunca a LFI e at\u00e9 defende o RN, lamentando que os deputados se recusem a cumprimentar os seus eleitos xen\u00f3fobos \u2013 enquanto no passado, Fillon ou Cop\u00e9 recusou-se a apertar a m\u00e3o de Marion Mar\u00e9chal! \u2013 ou que estes eleitos xen\u00f3fobos, que desprezam abertamente o lema republicano (que apela \u00e0 igualdade e \u00e0 fraternidade\u2026), sejam legitimamente exclu\u00eddos das responsabilidades. E dizer que certos l\u00edderes da \u201cesquerda\u201d, mesmo alguns leninistas de postura, recentemente ousaram novamente apresentar o voto macronista no segundo turno, inclusive para Borne e Darmanin, ou o voto indecente para Hollande, como tantos \u201cobst\u00e1culos\u201d \u00e0 fascistiza\u00e7\u00e3o!<\/p>\n","protected":false},"excerpt":{"rendered":"<a class=\"moretag\" href=\"https:\/\/pcb.org.br\/portal2\/32173\"> <\/a>","protected":false},"author":8,"featured_media":0,"comment_status":"closed","ping_status":"closed","sticky":false,"template":"","format":"standard","meta":{"jetpack_post_was_ever_published":false,"_jetpack_newsletter_access":"","_jetpack_dont_email_post_to_subs":false,"_jetpack_newsletter_tier_id":0,"_jetpack_memberships_contains_paywalled_content":false,"_jetpack_memberships_contains_paid_content":false,"footnotes":"","jetpack_publicize_message":"","jetpack_publicize_feature_enabled":true,"jetpack_social_post_already_shared":true,"jetpack_social_options":{"image_generator_settings":{"template":"highway","default_image_id":0,"font":"","enabled":false},"version":2}},"categories":[37,18,109,9,65,75,146,10],"tags":[225],"class_list":["post-32173","post","type-post","status-publish","format-standard","hentry","category-c42-comunistas","category-s22-europa","category-c122-franca","category-s10-internacional","category-c78-internacional","category-c88-internacionalismo","category-internacionalismo","category-s19-opiniao","tag-4a"],"jetpack_publicize_connections":[],"jetpack_featured_media_url":"","jetpack_shortlink":"https:\/\/wp.me\/p659gw-8mV","jetpack-related-posts":[],"jetpack_likes_enabled":true,"jetpack_sharing_enabled":true,"_links":{"self":[{"href":"https:\/\/pcb.org.br\/portal2\/wp-json\/wp\/v2\/posts\/32173","targetHints":{"allow":["GET"]}}],"collection":[{"href":"https:\/\/pcb.org.br\/portal2\/wp-json\/wp\/v2\/posts"}],"about":[{"href":"https:\/\/pcb.org.br\/portal2\/wp-json\/wp\/v2\/types\/post"}],"author":[{"embeddable":true,"href":"https:\/\/pcb.org.br\/portal2\/wp-json\/wp\/v2\/users\/8"}],"replies":[{"embeddable":true,"href":"https:\/\/pcb.org.br\/portal2\/wp-json\/wp\/v2\/comments?post=32173"}],"version-history":[{"count":1,"href":"https:\/\/pcb.org.br\/portal2\/wp-json\/wp\/v2\/posts\/32173\/revisions"}],"predecessor-version":[{"id":32175,"href":"https:\/\/pcb.org.br\/portal2\/wp-json\/wp\/v2\/posts\/32173\/revisions\/32175"}],"wp:attachment":[{"href":"https:\/\/pcb.org.br\/portal2\/wp-json\/wp\/v2\/media?parent=32173"}],"wp:term":[{"taxonomy":"category","embeddable":true,"href":"https:\/\/pcb.org.br\/portal2\/wp-json\/wp\/v2\/categories?post=32173"},{"taxonomy":"post_tag","embeddable":true,"href":"https:\/\/pcb.org.br\/portal2\/wp-json\/wp\/v2\/tags?post=32173"}],"curies":[{"name":"wp","href":"https:\/\/api.w.org\/{rel}","templated":true}]}}