{"id":32205,"date":"2024-11-04T10:05:20","date_gmt":"2024-11-04T13:05:20","guid":{"rendered":"https:\/\/pcb.org.br\/portal2\/?p=32205"},"modified":"2024-11-04T10:05:20","modified_gmt":"2024-11-04T13:05:20","slug":"contra-a-perseguicao-na-usp","status":"publish","type":"post","link":"https:\/\/pcb.org.br\/portal2\/32205","title":{"rendered":"Contra a persegui\u00e7\u00e3o na USP!"},"content":{"rendered":"<p><img decoding=\"async\" class=\"imagem\" title=\"imagem\" src=\"https:\/\/i0.wp.com\/lh3.googleusercontent.com\/pw\/AP1GczMox1u3Y1NX5CnVJ8y0OGRyvQuUlbtZpcRT-Y-_2hNo7o-BsmWYSvKTICFzIquT7bnt0IGY1LXtn3t2g0PfvT8OvFdXElxYWIELV1dfgyYczRa_51mrIPxfOGcacz7FmMgeF8I_DsN1QoQT84x0aO2G=w524-h652-s-no\" alt=\"imagem\" \/><!--more-->Solidariedade aos que lutam pela Palestina!<\/p>\n<p>Uni\u00e3o da Juventude Comunista &#8211; UJC<\/p>\n<p>N\u00f3s, da Uni\u00e3o da Juventude Comunista, a Juventude do Partido Comunista Brasileiro, expressamos nossa solidariedade e apoio aos cinco estudantes da USP que, por se manifestarem em defesa do povo palestino, est\u00e3o sendo amea\u00e7ados de expuls\u00e3o. Defendemos o direito inalien\u00e1vel de se posicionar em favor da justi\u00e7a, especialmente em apoio a um povo que h\u00e1 d\u00e9cadas enfrenta a opress\u00e3o e a ocupa\u00e7\u00e3o. Reivindicar a liberdade para a Palestina \u00e9 um ato de humanidade e resist\u00eancia \u00e0 viol\u00eancia colonial.<\/p>\n<p>Reafirmamos que a cr\u00edtica ao Estado ileg\u00edtimo de Israel, \u00e0 luz de suas pr\u00e1ticas contra o povo palestino, n\u00e3o pode ser confundida com antissemitismo. Nossa luta \u00e9 contra as pol\u00edticas de opress\u00e3o e segrega\u00e7\u00e3o, n\u00e3o contra qualquer povo ou religi\u00e3o. Lutar pela Palestina \u00e9 lutar pela dignidade, pelo direito \u00e0 vida e \u00e0 autodetermina\u00e7\u00e3o \u2013 princ\u00edpios que toda universidade deveria defender. Tratar essa defesa como um ataque religioso \u00e9 um erro grave e uma afronta \u00e0 liberdade de express\u00e3o.<\/p>\n<p>Ao processar estudantes por expressarem solidariedade \u00e0 Palestina, a USP n\u00e3o apenas amea\u00e7a esses jovens, mas tamb\u00e9m d\u00e1 um passo perigoso contra a liberdade acad\u00eamica. Como universidade p\u00fablica, \u00e9 seu dever fomentar o debate, o pensamento cr\u00edtico e o di\u00e1logo aberto sobre quest\u00f5es internacionais e de direitos humanos. Silenciar vozes cr\u00edticas representa um desvio dessa miss\u00e3o e fere a ess\u00eancia de um espa\u00e7o acad\u00eamico livre e democr\u00e1tico.<\/p>\n<p>Exigimos, portanto, que a USP cancele os processos disciplinares e respeite o direito de livre express\u00e3o de seus estudantes. Apoiamos os companheiros que, de cabe\u00e7a erguida, defendem a Palestina e acreditamos que seu exemplo inspira e fortalece a luta por uma universidade comprometida com as causas populares e a justi\u00e7a social. Deixamos aqui nossa mensagem: seguiremos lado a lado com aqueles que n\u00e3o se calam frente \u00e0s injusti\u00e7as.<\/p>\n<p>Comiss\u00e3o de Assuntos de Rela\u00e7\u00f5es Internacionais da Uni\u00e3o da Juventude Comunista<\/p>\n<p>2 de novembro de 2024<\/p>\n<p>&nbsp;<\/p>\n<p>https:\/\/ujc.org.br\/solidariedade-palestina-usp\/<\/p>\n","protected":false},"excerpt":{"rendered":"<a class=\"moretag\" href=\"https:\/\/pcb.org.br\/portal2\/32205\"> <\/a>","protected":false},"author":1,"featured_media":0,"comment_status":"closed","ping_status":"closed","sticky":false,"template":"","format":"standard","meta":{"jetpack_post_was_ever_published":false,"_jetpack_newsletter_access":"","_jetpack_dont_email_post_to_subs":false,"_jetpack_newsletter_tier_id":0,"_jetpack_memberships_contains_paywalled_content":false,"_jetpack_memberships_contains_paid_content":false,"footnotes":"","jetpack_publicize_message":"","jetpack_publicize_feature_enabled":true,"jetpack_social_post_already_shared":true,"jetpack_social_options":{"image_generator_settings":{"template":"highway","default_image_id":0,"font":"","enabled":false},"version":2}},"categories":[78],"tags":[227],"class_list":["post-32205","post","type-post","status-publish","format-standard","hentry","category-c91-solidariedade-a-palestina","tag-5a"],"jetpack_publicize_connections":[],"jetpack_featured_media_url":"","jetpack_shortlink":"https:\/\/wp.me\/p659gw-8nr","jetpack-related-posts":[],"jetpack_likes_enabled":true,"jetpack_sharing_enabled":true,"_links":{"self":[{"href":"https:\/\/pcb.org.br\/portal2\/wp-json\/wp\/v2\/posts\/32205","targetHints":{"allow":["GET"]}}],"collection":[{"href":"https:\/\/pcb.org.br\/portal2\/wp-json\/wp\/v2\/posts"}],"about":[{"href":"https:\/\/pcb.org.br\/portal2\/wp-json\/wp\/v2\/types\/post"}],"author":[{"embeddable":true,"href":"https:\/\/pcb.org.br\/portal2\/wp-json\/wp\/v2\/users\/1"}],"replies":[{"embeddable":true,"href":"https:\/\/pcb.org.br\/portal2\/wp-json\/wp\/v2\/comments?post=32205"}],"version-history":[{"count":1,"href":"https:\/\/pcb.org.br\/portal2\/wp-json\/wp\/v2\/posts\/32205\/revisions"}],"predecessor-version":[{"id":32206,"href":"https:\/\/pcb.org.br\/portal2\/wp-json\/wp\/v2\/posts\/32205\/revisions\/32206"}],"wp:attachment":[{"href":"https:\/\/pcb.org.br\/portal2\/wp-json\/wp\/v2\/media?parent=32205"}],"wp:term":[{"taxonomy":"category","embeddable":true,"href":"https:\/\/pcb.org.br\/portal2\/wp-json\/wp\/v2\/categories?post=32205"},{"taxonomy":"post_tag","embeddable":true,"href":"https:\/\/pcb.org.br\/portal2\/wp-json\/wp\/v2\/tags?post=32205"}],"curies":[{"name":"wp","href":"https:\/\/api.w.org\/{rel}","templated":true}]}}