{"id":32215,"date":"2024-11-07T00:12:57","date_gmt":"2024-11-07T03:12:57","guid":{"rendered":"https:\/\/pcb.org.br\/portal2\/?p=32215"},"modified":"2024-11-07T00:12:57","modified_gmt":"2024-11-07T03:12:57","slug":"o-leilao-das-escolas-estaduais-em-sao-paulo","status":"publish","type":"post","link":"https:\/\/pcb.org.br\/portal2\/32215","title":{"rendered":"O leil\u00e3o das escolas estaduais em S\u00e3o Paulo"},"content":{"rendered":"<p><img data-recalc-dims=\"1\" loading=\"lazy\" decoding=\"async\" data-attachment-id=\"32216\" data-permalink=\"https:\/\/pcb.org.br\/portal2\/32215\/governo-sp-privatiza-escolas\" data-orig-file=\"https:\/\/i0.wp.com\/pcb.org.br\/portal2\/wp-content\/uploads\/2024\/11\/governo-sp-privatiza-escolas.webp?fit=1080%2C1080&amp;ssl=1\" data-orig-size=\"1080,1080\" data-comments-opened=\"0\" data-image-meta=\"{&quot;aperture&quot;:&quot;0&quot;,&quot;credit&quot;:&quot;&quot;,&quot;camera&quot;:&quot;&quot;,&quot;caption&quot;:&quot;&quot;,&quot;created_timestamp&quot;:&quot;0&quot;,&quot;copyright&quot;:&quot;&quot;,&quot;focal_length&quot;:&quot;0&quot;,&quot;iso&quot;:&quot;0&quot;,&quot;shutter_speed&quot;:&quot;0&quot;,&quot;title&quot;:&quot;&quot;,&quot;orientation&quot;:&quot;0&quot;}\" data-image-title=\"governo-sp-privatiza-escolas\" data-image-description=\"\" data-image-caption=\"\" data-large-file=\"https:\/\/i0.wp.com\/pcb.org.br\/portal2\/wp-content\/uploads\/2024\/11\/governo-sp-privatiza-escolas.webp?fit=747%2C747&amp;ssl=1\" class=\"alignnone size-large wp-image-32216\" src=\"https:\/\/i0.wp.com\/pcb.org.br\/portal2\/wp-content\/uploads\/2024\/11\/governo-sp-privatiza-escolas-900x900.webp?resize=747%2C747&#038;ssl=1\" alt=\"\" width=\"747\" height=\"747\" srcset=\"https:\/\/i0.wp.com\/pcb.org.br\/portal2\/wp-content\/uploads\/2024\/11\/governo-sp-privatiza-escolas.webp?resize=900%2C900&amp;ssl=1 900w, https:\/\/i0.wp.com\/pcb.org.br\/portal2\/wp-content\/uploads\/2024\/11\/governo-sp-privatiza-escolas.webp?resize=300%2C300&amp;ssl=1 300w, https:\/\/i0.wp.com\/pcb.org.br\/portal2\/wp-content\/uploads\/2024\/11\/governo-sp-privatiza-escolas.webp?resize=150%2C150&amp;ssl=1 150w, https:\/\/i0.wp.com\/pcb.org.br\/portal2\/wp-content\/uploads\/2024\/11\/governo-sp-privatiza-escolas.webp?resize=768%2C768&amp;ssl=1 768w, https:\/\/i0.wp.com\/pcb.org.br\/portal2\/wp-content\/uploads\/2024\/11\/governo-sp-privatiza-escolas.webp?w=1080&amp;ssl=1 1080w\" sizes=\"auto, (max-width: 747px) 100vw, 747px\" \/><!--more--><\/p>\n<p>Um ataque ao direito \u00e0 educa\u00e7\u00e3o<\/p>\n<p>Nos dias 29 de outubro e 04 de novembro, o Governo de S\u00e3o Paulo, nas figuras de Tarc\u00edsio de Freitas e Renato Feder, venderam mais um servi\u00e7o p\u00fablico na Bolsa de Valores, dessa vez concedendo \u00e0 uma empresa privada a constru\u00e7\u00e3o, administra\u00e7\u00e3o e manuten\u00e7\u00e3o de dezenas de escolas p\u00fablicas do estado. De acordo com a concess\u00e3o, a empresa vencedora do 1\u00b0 leil\u00e3o, Consolare (a mesma que administra os cemit\u00e9rios privatizados da capital), receber\u00e1 por m\u00eas R$11 milh\u00f5es dos cofres p\u00fablicos para prestar estes servi\u00e7os por 25 anos.<\/p>\n<p>Logo ap\u00f3s a concess\u00e3o das primeiras escolas, no dia 29 de outubro, a APEOESP (Sindicato dos Professores do Ensino Oficial do Estado de S\u00e3o Paulo) entrou com uma liminar interrompendo parcialmente a implementa\u00e7\u00e3o do programa. De acordo com o sindicato, o edital desconsidera o princ\u00edpio constitucional da gest\u00e3o democr\u00e1tica, desrespeitando a integra\u00e7\u00e3o necess\u00e1ria entre a administra\u00e7\u00e3o do espa\u00e7o f\u00edsico escolar e as fun\u00e7\u00f5es pedag\u00f3gicas, resultando em uma terceiriza\u00e7\u00e3o indevida de atividades essenciais ao servi\u00e7o p\u00fablico de educa\u00e7\u00e3o. A liminar foi derrubada pelo Tribunal de Justi\u00e7a de S\u00e3o Paulo no dia 31 de outubro e no dia 4 de novembro o segundo leil\u00e3o aconteceu.<\/p>\n<p>Os dois dias de leil\u00e3o contaram com grande participa\u00e7\u00e3o de professores e alunos, que protestaram contra a concess\u00e3o das escolas p\u00fablicas. No dia 04 de novembro, Tarc\u00edsio mandou a For\u00e7a T\u00e1tica reprimir estudantes e professores que se manifestavam. A\u00e7\u00f5es violentas contra a comunidade escolar s\u00e3o recorrentes no governo de Tarc\u00edsio Freitas, que vem adotando um tratamento hostil contra seus opositores, perseguindo sindicatos e movimentos estudantis. A pol\u00edtica de desmonte da educa\u00e7\u00e3o e de ataque a classe trabalhadora tamb\u00e9m \u00e9 um cont\u00ednuo no governo estadual: a plataformiza\u00e7\u00e3o do ensino, que corr\u00f3i a qualidade e desumaniza o processo de aprendizagem, j\u00e1 \u00e9 uma realidade.<\/p>\n<p>Ao mesmo tempo em que privatiza a constru\u00e7\u00e3o de escolas por meio de Parcerias P\u00fablico-Privadas (PPP), o governador tenta retirar R$ 10 bilh\u00f5es da educa\u00e7\u00e3o (em valores atuais). Ao inv\u00e9s utilizar estas verbas para construir novas escolas ou para reformar aquelas que est\u00e3o em p\u00e9ssimas condi\u00e7\u00f5es, o governo escolhe entregar o valor \u00e0 iniciativa privada, promovendo lucro para as empresas e diminui\u00e7\u00e3o da qualidade do ensino e do trabalho para a classe trabalhadora.<\/p>\n<p>Para n\u00f3s, o leil\u00e3o das escolas estaduais de S\u00e3o Paulo \u00e9 um ataque \u00e0 soberania popular, porque entrega a estrutura da educa\u00e7\u00e3o nas m\u00e3os de empresas privadas; \u00e9 uma viola\u00e7\u00e3o do direito \u00e0 educa\u00e7\u00e3o p\u00fablica e gratuita e, sobretudo, mais um passo para transformar a educa\u00e7\u00e3o em mercadoria, priorizando o lucro em detrimento das pessoas.<\/p>\n<p>A Unidade Classista (UC), a Uni\u00e3o da Juventude Comunista (UJC), o Partido Comunista Brasileiro (PCB) e todos os seus coletivos defendem uma educa\u00e7\u00e3o p\u00fablica, gratuita e de qualidade para todos. \u00c9 urgente a mobiliza\u00e7\u00e3o contra os retrocessos impostos por Tarc\u00edsio e Feder.<\/p>\n<p>Organize-se!<br \/>\nDefenda a Educa\u00e7\u00e3o P\u00fablica, os profissionais da educa\u00e7\u00e3o e o conjunto de direitos conquistados pela classe trabalhadora!<\/p>\n<p>Coordena\u00e7\u00e3o Estadual da Uni\u00e3o da Juventude Comunista em S\u00e3o Paulo<\/p>\n<p>Movimento por uma Escola Popular em S\u00e3o Paulo<\/p>\n<p>Fra\u00e7\u00e3o APEOESP da Unidade Classista<\/p>\n<p><a href=\"https:\/\/ujc.org.br\/privatizacao-das-escolas-sp\/\">https:\/\/ujc.org.br\/privatizacao-das-escolas-sp\/<\/a><\/p>\n","protected":false},"excerpt":{"rendered":"<a class=\"moretag\" href=\"https:\/\/pcb.org.br\/portal2\/32215\"> <\/a>","protected":false},"author":8,"featured_media":0,"comment_status":"closed","ping_status":"closed","sticky":false,"template":"","format":"standard","meta":{"jetpack_post_was_ever_published":false,"_jetpack_newsletter_access":"","_jetpack_dont_email_post_to_subs":false,"_jetpack_newsletter_tier_id":0,"_jetpack_memberships_contains_paywalled_content":false,"_jetpack_memberships_contains_paid_content":false,"footnotes":"","jetpack_publicize_message":"","jetpack_publicize_feature_enabled":true,"jetpack_social_post_already_shared":true,"jetpack_social_options":{"image_generator_settings":{"template":"highway","default_image_id":0,"font":"","enabled":false},"version":2}},"categories":[60,6,15,27,31],"tags":[225,247],"class_list":["post-32215","post","type-post","status-publish","format-standard","hentry","category-c71-educacao","category-s5-juventude","category-s18-sindical","category-c27-ujc","category-c31-unidade-classista","tag-4a","tag-jd"],"jetpack_publicize_connections":[],"jetpack_featured_media_url":"","jetpack_shortlink":"https:\/\/wp.me\/p659gw-8nB","jetpack-related-posts":[],"jetpack_likes_enabled":true,"jetpack_sharing_enabled":true,"_links":{"self":[{"href":"https:\/\/pcb.org.br\/portal2\/wp-json\/wp\/v2\/posts\/32215","targetHints":{"allow":["GET"]}}],"collection":[{"href":"https:\/\/pcb.org.br\/portal2\/wp-json\/wp\/v2\/posts"}],"about":[{"href":"https:\/\/pcb.org.br\/portal2\/wp-json\/wp\/v2\/types\/post"}],"author":[{"embeddable":true,"href":"https:\/\/pcb.org.br\/portal2\/wp-json\/wp\/v2\/users\/8"}],"replies":[{"embeddable":true,"href":"https:\/\/pcb.org.br\/portal2\/wp-json\/wp\/v2\/comments?post=32215"}],"version-history":[{"count":1,"href":"https:\/\/pcb.org.br\/portal2\/wp-json\/wp\/v2\/posts\/32215\/revisions"}],"predecessor-version":[{"id":32217,"href":"https:\/\/pcb.org.br\/portal2\/wp-json\/wp\/v2\/posts\/32215\/revisions\/32217"}],"wp:attachment":[{"href":"https:\/\/pcb.org.br\/portal2\/wp-json\/wp\/v2\/media?parent=32215"}],"wp:term":[{"taxonomy":"category","embeddable":true,"href":"https:\/\/pcb.org.br\/portal2\/wp-json\/wp\/v2\/categories?post=32215"},{"taxonomy":"post_tag","embeddable":true,"href":"https:\/\/pcb.org.br\/portal2\/wp-json\/wp\/v2\/tags?post=32215"}],"curies":[{"name":"wp","href":"https:\/\/api.w.org\/{rel}","templated":true}]}}