{"id":32230,"date":"2024-11-09T21:53:14","date_gmt":"2024-11-10T00:53:14","guid":{"rendered":"https:\/\/pcb.org.br\/portal2\/?p=32230"},"modified":"2024-11-09T21:53:14","modified_gmt":"2024-11-10T00:53:14","slug":"resistir-ao-pacote-antipopular-do-governo-lula","status":"publish","type":"post","link":"https:\/\/pcb.org.br\/portal2\/32230","title":{"rendered":"Resistir ao pacote antipopular do governo Lula"},"content":{"rendered":"<p><img data-recalc-dims=\"1\" loading=\"lazy\" decoding=\"async\" data-attachment-id=\"32231\" data-permalink=\"https:\/\/pcb.org.br\/portal2\/32230\/attachment\/1000176518\" data-orig-file=\"https:\/\/i0.wp.com\/pcb.org.br\/portal2\/wp-content\/uploads\/2024\/11\/1000176518.jpg?fit=1024%2C1280&amp;ssl=1\" data-orig-size=\"1024,1280\" data-comments-opened=\"0\" data-image-meta=\"{&quot;aperture&quot;:&quot;0&quot;,&quot;credit&quot;:&quot;&quot;,&quot;camera&quot;:&quot;&quot;,&quot;caption&quot;:&quot;&quot;,&quot;created_timestamp&quot;:&quot;0&quot;,&quot;copyright&quot;:&quot;&quot;,&quot;focal_length&quot;:&quot;0&quot;,&quot;iso&quot;:&quot;0&quot;,&quot;shutter_speed&quot;:&quot;0&quot;,&quot;title&quot;:&quot;&quot;,&quot;orientation&quot;:&quot;0&quot;}\" data-image-title=\"1000176518\" data-image-description=\"\" data-image-caption=\"\" data-large-file=\"https:\/\/i0.wp.com\/pcb.org.br\/portal2\/wp-content\/uploads\/2024\/11\/1000176518.jpg?fit=720%2C900&amp;ssl=1\" class=\"alignnone size-large wp-image-32231\" src=\"https:\/\/i0.wp.com\/pcb.org.br\/portal2\/wp-content\/uploads\/2024\/11\/1000176518.jpg?resize=720%2C900&#038;ssl=1\" alt=\"\" width=\"720\" height=\"900\" srcset=\"https:\/\/i0.wp.com\/pcb.org.br\/portal2\/wp-content\/uploads\/2024\/11\/1000176518.jpg?resize=720%2C900&amp;ssl=1 720w, https:\/\/i0.wp.com\/pcb.org.br\/portal2\/wp-content\/uploads\/2024\/11\/1000176518.jpg?resize=240%2C300&amp;ssl=1 240w, https:\/\/i0.wp.com\/pcb.org.br\/portal2\/wp-content\/uploads\/2024\/11\/1000176518.jpg?resize=768%2C960&amp;ssl=1 768w, https:\/\/i0.wp.com\/pcb.org.br\/portal2\/wp-content\/uploads\/2024\/11\/1000176518.jpg?w=1024&amp;ssl=1 1024w\" sizes=\"auto, (max-width: 720px) 100vw, 720px\" \/><!--more--><\/p>\n<p>Nota Pol\u00edtica do Partido Comunista Brasileiro (PCB)<\/p>\n<p>Poucos dias ap\u00f3s o t\u00e9rmino das elei\u00e7\u00f5es municipais, a equipe econ\u00f4mica do governo Lula anunciou um novo pacote de corte de gastos para cumprir as metas fiscais. Na mira dos cortes para atender as exig\u00eancias do mercado estariam o pagamento do abono salarial, o benef\u00edcio da presta\u00e7\u00e3o continuada, o seguro-desemprego, dentre outros benef\u00edcios e direitos dos\/as trabalhadores\/as, al\u00e9m da possibilidade de implementar cortes nas despesas constitucionais obrigat\u00f3rias como sa\u00fade e educa\u00e7\u00e3o.<\/p>\n<p>As metas do mercado, segundo estimativas das pr\u00f3prias ag\u00eancias de investimento especulativo, s\u00e3o cortes na ordem de R$ 50 a R$ 60 bilh\u00f5es de reais, mesmo havendo uma previs\u00e3o de crescimento do PIB para 2024 e aumento da arrecada\u00e7\u00e3o do governo! A press\u00e3o do mercado financeiro por mais cortes de recursos do fundo p\u00fablico nas despesas do governo, mesmo ainda antes do famigerado \u201carcabou\u00e7o fiscal\u201d ter completado um ano de implementa\u00e7\u00e3o, revela o avan\u00e7o do saque nas contas p\u00fablicas promovido pelo sistema financeiro e implementado pelo governo Lula, que est\u00e1 subordinado a essa l\u00f3gica parasit\u00e1ria e destrutiva, mantendo os velhos preceitos do neoliberalismo.<\/p>\n<p>Com menos recursos para as despesas obrigat\u00f3rias, que s\u00e3o as despesas determinadas pela Constitui\u00e7\u00e3o ou por leis aprovadas pelo Congresso, programas sociais e benef\u00edcios pagos aos trabalhadores e \u00e0s trabalhadoras ser\u00e3o afetados diretamente, al\u00e9m dos servi\u00e7os p\u00fablicos essenciais como educa\u00e7\u00e3o, sa\u00fade e previd\u00eancia social. Esse \u201cnovo\u201d pacote de austeridade na pr\u00e1tica reduz ainda mais a possibilidade de investimentos do Estado em \u00e1reas fundamentais que garantem direitos e acesso a servi\u00e7os p\u00fablicos pela classe trabalhadora, comprometendo a qualidade de vida em um pa\u00eds marcado por profundas desigualdades sociais e contrastes gigantescos na distribui\u00e7\u00e3o da riqueza.<\/p>\n<p>Estamos diante de mais um pacote antipopular a servi\u00e7o das classes dominantes, que s\u00f3 ir\u00e1 alimentar o discurso em favor da privatiza\u00e7\u00e3o dos servi\u00e7os essenciais, o ataque aos servidores p\u00fablicos com reformas administrativas que retiram direitos, agravando ainda mais as condi\u00e7\u00f5es de vida dos setores mais marginalizados e vulner\u00e1veis da classe trabalhadora. Essa subservi\u00eancia do governo Lula \u00e0s exig\u00eancias dos sanguessugas do mercado financeiro amplia o descr\u00e9dito do governo junto \u00e0s massas e favorece o crescimento da extrema direita no cen\u00e1rio pol\u00edtico, algo que j\u00e1 foi demonstrando recentemente nas elei\u00e7\u00f5es municipais, com o aumento da vota\u00e7\u00e3o dos partidos de direita, da extrema-direita e do discurso neofascista.<\/p>\n<p>Com o an\u00fancio de que o \u201cnovo\u201d pacote de cortes de investimentos ser\u00e1 encaminhado ao Congresso, cai por terra qualquer ilus\u00e3o de que os rumos do governo estejam em disputa ou de que haja alguma possibilidade de revers\u00e3o do modelo pol\u00edtico e econ\u00f4mico implementado nos moldes da cartilha neoliberal. Cada vez mais, Lula atende aos interesses do mercado em seu mandato, distanciando-se das promessas de campanha e sucumbindo \u00e0s press\u00f5es do sistema financeiro, sem esbo\u00e7ar qualquer perspectiva de rea\u00e7\u00e3o ou di\u00e1logo com os setores do movimento social que o apoiaram na esperan\u00e7a de romper com essa l\u00f3gica.<\/p>\n<p>Cabe ressaltar que essa subservi\u00eancia \u00e9 complementada com a concilia\u00e7\u00e3o promovida por grande parte das Centrais Sindicais e muitas organiza\u00e7\u00f5es dos movimentos sociais que, ao n\u00e3o se oporem de forma incisiva, al\u00e9m de colaborarem com o desarmamento pol\u00edtico e o arrefecimento da luta de classes, tornam-se c\u00famplices desse ataque ao povo trabalhador, contribuindo para o aprofundamento das desigualdades sociais e da maior influ\u00eancia do capital sobre a gest\u00e3o do Estado.<\/p>\n<p>O PCB denuncia mais este golpe contra a classe trabalhadora e conclama lutadores e lutadoras sociais a combater a l\u00f3gica sist\u00eamica de destrui\u00e7\u00e3o dos servi\u00e7os p\u00fablicos e dos direitos sociais para favorecer o capital. \u00c9 hora de sair \u00e0s ruas, protestar contra mais um ataque da burguesia, suas institui\u00e7\u00f5es financeiras e seus aliados no Executivo.<\/p>\n<p>A constru\u00e7\u00e3o de uma ampla frente pol\u00edtica, com autonomia em rela\u00e7\u00e3o a governos e patr\u00f5es, formada pelos setores mais combativos e compromissados com a emancipa\u00e7\u00e3o da classe trabalhadora (no campo e na cidade) e a luta da juventude, \u00e9 o caminho para a necess\u00e1ria resist\u00eancia anticapitalista e anti-imperialista em nosso pa\u00eds.<\/p>\n<p>Comiss\u00e3o Pol\u00edtica Nacional do PCB.<\/p>\n<p>Novembro de 2024<\/p>\n","protected":false},"excerpt":{"rendered":"<a class=\"moretag\" href=\"https:\/\/pcb.org.br\/portal2\/32230\"> <\/a>","protected":false},"author":8,"featured_media":0,"comment_status":"closed","ping_status":"closed","sticky":false,"template":"","format":"standard","meta":{"jetpack_post_was_ever_published":false,"_jetpack_newsletter_access":"","_jetpack_dont_email_post_to_subs":false,"_jetpack_newsletter_tier_id":0,"_jetpack_memberships_contains_paywalled_content":false,"_jetpack_memberships_contains_paid_content":false,"footnotes":"","jetpack_publicize_message":"","jetpack_publicize_feature_enabled":true,"jetpack_social_post_already_shared":true,"jetpack_social_options":{"image_generator_settings":{"template":"highway","default_image_id":0,"font":"","enabled":false},"version":2}},"categories":[26],"tags":[219,246],"class_list":["post-32230","post","type-post","status-publish","format-standard","hentry","category-c25-notas-politicas-do-pcb","tag-manchete","tag-np"],"jetpack_publicize_connections":[],"jetpack_featured_media_url":"","jetpack_shortlink":"https:\/\/wp.me\/p659gw-8nQ","jetpack-related-posts":[],"jetpack_likes_enabled":true,"jetpack_sharing_enabled":true,"_links":{"self":[{"href":"https:\/\/pcb.org.br\/portal2\/wp-json\/wp\/v2\/posts\/32230","targetHints":{"allow":["GET"]}}],"collection":[{"href":"https:\/\/pcb.org.br\/portal2\/wp-json\/wp\/v2\/posts"}],"about":[{"href":"https:\/\/pcb.org.br\/portal2\/wp-json\/wp\/v2\/types\/post"}],"author":[{"embeddable":true,"href":"https:\/\/pcb.org.br\/portal2\/wp-json\/wp\/v2\/users\/8"}],"replies":[{"embeddable":true,"href":"https:\/\/pcb.org.br\/portal2\/wp-json\/wp\/v2\/comments?post=32230"}],"version-history":[{"count":1,"href":"https:\/\/pcb.org.br\/portal2\/wp-json\/wp\/v2\/posts\/32230\/revisions"}],"predecessor-version":[{"id":32232,"href":"https:\/\/pcb.org.br\/portal2\/wp-json\/wp\/v2\/posts\/32230\/revisions\/32232"}],"wp:attachment":[{"href":"https:\/\/pcb.org.br\/portal2\/wp-json\/wp\/v2\/media?parent=32230"}],"wp:term":[{"taxonomy":"category","embeddable":true,"href":"https:\/\/pcb.org.br\/portal2\/wp-json\/wp\/v2\/categories?post=32230"},{"taxonomy":"post_tag","embeddable":true,"href":"https:\/\/pcb.org.br\/portal2\/wp-json\/wp\/v2\/tags?post=32230"}],"curies":[{"name":"wp","href":"https:\/\/api.w.org\/{rel}","templated":true}]}}