{"id":32251,"date":"2024-11-20T14:57:24","date_gmt":"2024-11-20T17:57:24","guid":{"rendered":"https:\/\/pcb.org.br\/portal2\/?p=32251"},"modified":"2024-11-20T22:55:41","modified_gmt":"2024-11-21T01:55:41","slug":"sem-anistia-para-os-golpistas","status":"publish","type":"post","link":"https:\/\/pcb.org.br\/portal2\/32251","title":{"rendered":"Sem anistia para os golpistas!"},"content":{"rendered":"<p><img decoding=\"async\" class=\"imagem\" title=\"imagem\" src=\"https:\/\/i0.wp.com\/lh3.googleusercontent.com\/pw\/AP1GczNjkrb0Mv46JRjPstYIcMFNf5WW4rKqagfatff3FLSAY-2eWmJI5aE4ggefWxXJSADQJ8jVOkwRYnFxxSC2CObb5vQC3BuZdYNAgqR3WxLz1e8nvs8gtc54dPyLJp3CnC35xUgk3SR-Y_daDOVlhAIS=w625-h625-s-no\" alt=\"imagem\" \/><!--more-->Pris\u00e3o para Bolsonaro e todos os articuladores do golpe!<\/p>\n<p>Nota Pol\u00edtica do Partido Comunista Brasileiro (PCB)<\/p>\n<p>Nos \u00faltimos dias, a partir de investiga\u00e7\u00f5es da Pol\u00edcia Federal, foi revelado um plano para assassinar Lula, seu vice, Geraldo Alckmin e o Ministro do STF Alexandre de Moraes, logo ap\u00f3s o resultado das elei\u00e7\u00f5es de 2022. Essas investiga\u00e7\u00f5es, que se iniciaram a partir da tentativa do golpe de 08 de janeiro de 2023, levaram os agentes a identificar uma organiza\u00e7\u00e3o criminosa que tem sob seu comando militares de alta patente das For\u00e7as Armadas, em especial do grupo das For\u00e7as Especiais (FE) do Ex\u00e9rcito, conhecidos como \u201cKids pretos\u201d. At\u00e9 agora foram cumpridos cinco mandados de pris\u00e3o preventiva, sendo que quatro s\u00e3o de militares do Ex\u00e9rcito e um ligado \u00e0 Pol\u00edcia Federal.<\/p>\n<p>Chama a aten\u00e7\u00e3o que, logo ap\u00f3s a proclama\u00e7\u00e3o do resultado eleitoral, foi posto em pr\u00e1tica o plano que se auto intitulava \u201cPunhal Verde e Amarelo\u201d, envolvendo diretamente oficiais da ativa do Ex\u00e9rcito, agentes da PF e grupos bolsonaristas que procuraram obstruir estradas e promoveram os \u201cacampamentos\u201d em frente a dezenas de quart\u00e9is em todo o pa\u00eds, em especial, o QG do Ex\u00e9rcito em Bras\u00edlia e o Pal\u00e1cio do Planalto.<\/p>\n<p>As evid\u00eancias do envolvimento de Jair Bolsonaro, at\u00e9 ent\u00e3o presidente da Rep\u00fablica, est\u00e3o comprovadas nas trocas de mensagens e nas diversas reuni\u00f5es que ocorreram envolvendo esses golpistas com os assessores diretos do ex-presidente, como \u00e9 o caso do Tenente Coronel Mauro Cid, j\u00e1 denunciado em outros crimes, al\u00e9m dos Generais Braga Netto e Augusto Heleno, que aparecem como os principais organizadores da proposta de a\u00e7\u00e3o golpista e homicida.<\/p>\n<p>As investiga\u00e7\u00f5es revelam aquilo que j\u00e1 denunci\u00e1vamos, ou seja, todo o enredo de uma trama golpista, articulada a partir do Pal\u00e1cio do Planalto por Jair Bolsonaro e sua quadrilha, reunindo parlamentares da extrema-direita, oficiais das FFAA, agentes da PF e de outros \u00f3rg\u00e3os de seguran\u00e7a p\u00fablica, al\u00e9m das hordas neofacistas que tiveram o apoio de latifundi\u00e1rios e empres\u00e1rios financiadores do atentado ao aeroporto de Bras\u00edlia \u00e0s v\u00e9speras do Natal de 2022, chegando, por fim, \u00e0 tentativa de golpe de 08 de janeiro.<\/p>\n<p>A confirma\u00e7\u00e3o de que esse processo ainda se mant\u00e9m vivo e articulado pode ser expresso no atentado a bomba ocorrido recentemente em frente ao Supremo Tribunal Federal, em Bras\u00edlia. Os grandes articuladores do golpismo seguem impunes e livres at\u00e9 agora, entre eles Jair Bolsonaro, mentor e chefe dessa fac\u00e7\u00e3o de criminosos que, dentre tantos delitos cometidos, foram os respons\u00e1veis diretos pelo genoc\u00eddio de mais de 750 mil brasileiros e brasileiras durante a pandemia da Covid-19.<\/p>\n<p>N\u00e3o podemos permitir que ainda circulem livres esses lacaios do atraso, disc\u00edpulos do AI-5, retr\u00f3grados que pousam de patriotas, mas s\u00e3o a express\u00e3o do fascismo e do retrocesso, se valendo de qualquer meio para manter-se no poder e com certeza conspirando e financiando at\u00e9 nossos dias outras a\u00e7\u00f5es em favor do golpismo. \u00c9 fundamental lutar pela revoga\u00e7\u00e3o do artigo 142 da Constitui\u00e7\u00e3o Federal, que garante a tutela militar sobre as institui\u00e7\u00f5es do Estado, concedendo excessivo poder \u00e0s For\u00e7as Armadas e mantendo a l\u00f3gica do combate ao &#8220;inimigo interno&#8221;, com vistas a reprimir os movimentos populares e as lutas da classe trabalhadora.<\/p>\n<p>O Partido Comunista Brasileiro (PCB) exige a pris\u00e3o imediata de Jair Messias Bolsonaro e todos os seus c\u00famplices nesta s\u00f3rdida trama golpista. N\u00e3o podemos ignorar a gravidade das revela\u00e7\u00f5es obtidas pela investiga\u00e7\u00e3o da Pol\u00edcia Federal, que s\u00e3o apenas a ponta do iceberg de uma organiza\u00e7\u00e3o paramilitar formada por membros das For\u00e7as Armadas e de outras organiza\u00e7\u00f5es, com lastros em diversos segmentos da burguesia brasileira, a qual ainda se mant\u00e9m articulada, ativa, conspirando contra as liberdades democr\u00e1ticas em favor do golpismo.<\/p>\n<p>Conclamamos o conjunto das for\u00e7as democr\u00e1ticas e revolucion\u00e1rias a retomar as mobiliza\u00e7\u00f5es populares para barrar em definitivo as a\u00e7\u00f5es golpistas em nosso pa\u00eds e avan\u00e7ar nas lutas em defesa dos direitos da classe trabalhadora.<\/p>\n<p>SEM ANISTIA PARA OS GOLPISTAS! PRIS\u00c3O PARA BOLSONARO E SEUS C\u00daMPLICES!<\/p>\n<p>PELO PODER PODER POPULAR NO RUMO DO SOCIALISMO!<\/p>\n<p>Comiss\u00e3o Pol\u00edtica Nacional do PCB, novembro de 2024<\/p>\n","protected":false},"excerpt":{"rendered":"<a class=\"moretag\" href=\"https:\/\/pcb.org.br\/portal2\/32251\"> <\/a>","protected":false},"author":1,"featured_media":0,"comment_status":"closed","ping_status":"closed","sticky":false,"template":"","format":"standard","meta":{"jetpack_post_was_ever_published":false,"_jetpack_newsletter_access":"","_jetpack_dont_email_post_to_subs":false,"_jetpack_newsletter_tier_id":0,"_jetpack_memberships_contains_paywalled_content":false,"_jetpack_memberships_contains_paid_content":false,"footnotes":"","jetpack_publicize_message":"","jetpack_publicize_feature_enabled":true,"jetpack_social_post_already_shared":true,"jetpack_social_options":{"image_generator_settings":{"template":"highway","default_image_id":0,"font":"","enabled":false},"version":2}},"categories":[7,26],"tags":[219],"class_list":["post-32251","post","type-post","status-publish","format-standard","hentry","category-s8-brasil","category-c25-notas-politicas-do-pcb","tag-manchete"],"jetpack_publicize_connections":[],"jetpack_featured_media_url":"","jetpack_shortlink":"https:\/\/wp.me\/p659gw-8ob","jetpack-related-posts":[],"jetpack_likes_enabled":true,"jetpack_sharing_enabled":true,"_links":{"self":[{"href":"https:\/\/pcb.org.br\/portal2\/wp-json\/wp\/v2\/posts\/32251","targetHints":{"allow":["GET"]}}],"collection":[{"href":"https:\/\/pcb.org.br\/portal2\/wp-json\/wp\/v2\/posts"}],"about":[{"href":"https:\/\/pcb.org.br\/portal2\/wp-json\/wp\/v2\/types\/post"}],"author":[{"embeddable":true,"href":"https:\/\/pcb.org.br\/portal2\/wp-json\/wp\/v2\/users\/1"}],"replies":[{"embeddable":true,"href":"https:\/\/pcb.org.br\/portal2\/wp-json\/wp\/v2\/comments?post=32251"}],"version-history":[{"count":3,"href":"https:\/\/pcb.org.br\/portal2\/wp-json\/wp\/v2\/posts\/32251\/revisions"}],"predecessor-version":[{"id":32264,"href":"https:\/\/pcb.org.br\/portal2\/wp-json\/wp\/v2\/posts\/32251\/revisions\/32264"}],"wp:attachment":[{"href":"https:\/\/pcb.org.br\/portal2\/wp-json\/wp\/v2\/media?parent=32251"}],"wp:term":[{"taxonomy":"category","embeddable":true,"href":"https:\/\/pcb.org.br\/portal2\/wp-json\/wp\/v2\/categories?post=32251"},{"taxonomy":"post_tag","embeddable":true,"href":"https:\/\/pcb.org.br\/portal2\/wp-json\/wp\/v2\/tags?post=32251"}],"curies":[{"name":"wp","href":"https:\/\/api.w.org\/{rel}","templated":true}]}}