{"id":32269,"date":"2024-11-24T09:47:46","date_gmt":"2024-11-24T12:47:46","guid":{"rendered":"https:\/\/pcb.org.br\/portal2\/?p=32269"},"modified":"2024-11-24T21:59:33","modified_gmt":"2024-11-25T00:59:33","slug":"toda-solidariedade-aos-que-lutam-pela-causa-palestina","status":"publish","type":"post","link":"https:\/\/pcb.org.br\/portal2\/32269","title":{"rendered":"Toda solidariedade aos que lutam pela causa palestina!"},"content":{"rendered":"<p><img decoding=\"async\" class=\"imagem\" title=\"imagem\" src=\"https:\/\/i0.wp.com\/editoraelefante.com.br\/wp-content\/uploads\/2024\/09\/Palestina-1-1068x561-1-1014x487.jpg\" alt=\"imagem\" \/><!--more-->A luta pela solidariedade internacional n\u00e3o \u00e9 crime!<\/p>\n<p>ABAIXO O SIONISMO, MASCARADO OU N\u00c3O!<\/p>\n<p>No final da manh\u00e3 deste s\u00e1bado, 23\/11, mais um epis\u00f3dio, dentre outros havidos recentemente, refor\u00e7a o alerta contra a persegui\u00e7\u00e3o que se desencadeia contra aqueles que se somam \u00e0 causa palestina, denunciam a barb\u00e1rie e o genoc\u00eddio da popula\u00e7\u00e3o civil da Palestina, especialmente na Faixa de Gaza, promovidos pelo governo sionista de Israel.<\/p>\n<p>A deten\u00e7\u00e3o do ativista Thiago \u00c1vila ao desembarcar no aeroporto de Guarulhos pela Pol\u00edcia Federal, ap\u00f3s regresso de uma viagem de solidariedade ao povo liban\u00eas, v\u00edtima igualmente de um massacre perpetrado pelo sionismo do governo israelense, com submiss\u00e3o a interrogat\u00f3rio para \u201cesclarecimentos&#8221; sobre sua conduta no exterior, deve ser repudiada veementemente. O ato da Pol\u00edcia Federal muito se assemelha ao que praticavam os agentes da repress\u00e3o durante a ditadura empresarial-militar de 1964 quando regressavam do exterior parentes e amigos de exilados pol\u00edticos, para, naquele contexto, prestarem \u201cesclarecimentos&#8221; sobre suas viagens. Muitas e muitos foram, por conta disso, presos, torturados e ficaram incomunic\u00e1veis por largos per\u00edodos.<\/p>\n<p>O ocorrido com o ativista acima citado n\u00e3o \u00e9 fato isolado, dada a recente condena\u00e7\u00e3o do jornalista Breno Altman, falsamente acusado de ter injuriado membros da comunidade judaica. Breno vem sofrendo um conjunto de processos judiciais por parte da Confedera\u00e7\u00e3o Israelita do Brasil, objetivando calar a voz desse judeu antissionista, estrat\u00e9gia esta conhecida como SLAPP \u2013 Strategic Lawsuits Against Public Participation (A\u00e7\u00f5es Judiciais Estrat\u00e9gicas contra a Participa\u00e7\u00e3o P\u00fablica), um derivativo do lawfare, cujas tr\u00e1gicas consequ\u00eancias pol\u00edticas, sociais e econ\u00f4micas s\u00e3o de conhecimento geral.<\/p>\n<p>Soma-se a essa quadra de persegui\u00e7\u00f5es que v\u00eam sofrendo os que levantam suas vozes em solidariedade ao povo palestino e contr\u00e1rias \u00e0s pr\u00e1ticas nazistas do governo de Israel, a recente instaura\u00e7\u00e3o de processo de expuls\u00e3o de estudantes da USP pela Reitoria da Universidade por causa da participa\u00e7\u00e3o destes em atos de apoio \u00e0 causa palestina e contra os crimes de lesa-humanidade, assim configurados segundo o Tribunal Penal Internacional, pela pr\u00e1tica genocida do governo sionista de Israel contra o povo palestino e, mais recentemente, tamb\u00e9m contra o povo do L\u00edbano.<\/p>\n<p>Todos esses epis\u00f3dios revelam a a\u00e7\u00e3o do lobby sionista no Brasil, o qual tenta constranger ativistas e organiza\u00e7\u00f5es que denunciam o genoc\u00eddio em curso e as responsabilidades deste crime contra a humanidade praticadas pelo primeiro-ministro de Israel Benjamin Netanyahu e seu gabinete de assassinos e lacaios do imperialismo estadunidense, com especial destaque para o ex-ministro da Defesa Yoav Gallant.<\/p>\n<p>\u00c9 preciso ter a m\u00e1xima aten\u00e7\u00e3o quanto a esses fatos, pois \u00e9 inequ\u00edvoco que a serpente do fascismo grassa entre n\u00f3s, como por esses dias mais uma vez se demonstrou ante a explos\u00e3o de bombas por um dos seus filhotes em Bras\u00edlia, assim como o paulatino desvelamento das a\u00e7\u00f5es golpistas de Bolsonaro e sua trupe no final de 2022. Aten\u00e7\u00e3o, rep\u00fadio, solidariedade, soma de for\u00e7as e mobiliza\u00e7\u00e3o para o exterm\u00ednio dessa v\u00edbora em nosso pa\u00eds.<\/p>\n<p>O Partido Comunista Brasileiro (PCB) denuncia esta atitude arbitr\u00e1ria das autoridades brasileiras contra ativistas e movimentos sociais que denunciam as barbaridades do genoc\u00eddio em curso e exige, al\u00e9m do fim dos ataques, a responsabiliza\u00e7\u00e3o criminal desses monstros sionistas que j\u00e1 mataram mais de 50 mil pessoas desde 07 de outubro de 2023. Defendemos o rompimento de rela\u00e7\u00f5es diplom\u00e1ticas, econ\u00f4micas e de todo tipo com o Estado terrorista de Israel.<\/p>\n<p>Palestina Livre do Rio ao Mar!<br \/>\nPelo fim da agress\u00e3o ao povo do L\u00edbano!<\/p>\n<p>Partido Comunista Brasileiro- PCB<\/p>\n","protected":false},"excerpt":{"rendered":"<a class=\"moretag\" href=\"https:\/\/pcb.org.br\/portal2\/32269\"> <\/a>","protected":false},"author":1,"featured_media":0,"comment_status":"closed","ping_status":"closed","sticky":false,"template":"","format":"standard","meta":{"jetpack_post_was_ever_published":false,"_jetpack_newsletter_access":"","_jetpack_dont_email_post_to_subs":false,"_jetpack_newsletter_tier_id":0,"_jetpack_memberships_contains_paywalled_content":false,"_jetpack_memberships_contains_paid_content":false,"footnotes":"","jetpack_publicize_message":"","jetpack_publicize_feature_enabled":true,"jetpack_social_post_already_shared":true,"jetpack_social_options":{"image_generator_settings":{"template":"highway","default_image_id":0,"font":"","enabled":false},"version":2}},"categories":[78],"tags":[222],"class_list":["post-32269","post","type-post","status-publish","format-standard","hentry","category-c91-solidariedade-a-palestina","tag-2b"],"jetpack_publicize_connections":[],"jetpack_featured_media_url":"","jetpack_shortlink":"https:\/\/wp.me\/p659gw-8ot","jetpack-related-posts":[],"jetpack_likes_enabled":true,"jetpack_sharing_enabled":true,"_links":{"self":[{"href":"https:\/\/pcb.org.br\/portal2\/wp-json\/wp\/v2\/posts\/32269","targetHints":{"allow":["GET"]}}],"collection":[{"href":"https:\/\/pcb.org.br\/portal2\/wp-json\/wp\/v2\/posts"}],"about":[{"href":"https:\/\/pcb.org.br\/portal2\/wp-json\/wp\/v2\/types\/post"}],"author":[{"embeddable":true,"href":"https:\/\/pcb.org.br\/portal2\/wp-json\/wp\/v2\/users\/1"}],"replies":[{"embeddable":true,"href":"https:\/\/pcb.org.br\/portal2\/wp-json\/wp\/v2\/comments?post=32269"}],"version-history":[{"count":2,"href":"https:\/\/pcb.org.br\/portal2\/wp-json\/wp\/v2\/posts\/32269\/revisions"}],"predecessor-version":[{"id":32278,"href":"https:\/\/pcb.org.br\/portal2\/wp-json\/wp\/v2\/posts\/32269\/revisions\/32278"}],"wp:attachment":[{"href":"https:\/\/pcb.org.br\/portal2\/wp-json\/wp\/v2\/media?parent=32269"}],"wp:term":[{"taxonomy":"category","embeddable":true,"href":"https:\/\/pcb.org.br\/portal2\/wp-json\/wp\/v2\/categories?post=32269"},{"taxonomy":"post_tag","embeddable":true,"href":"https:\/\/pcb.org.br\/portal2\/wp-json\/wp\/v2\/tags?post=32269"}],"curies":[{"name":"wp","href":"https:\/\/api.w.org\/{rel}","templated":true}]}}