{"id":32279,"date":"2024-11-28T17:20:38","date_gmt":"2024-11-28T20:20:38","guid":{"rendered":"https:\/\/pcb.org.br\/portal2\/?p=32279"},"modified":"2024-11-28T17:20:38","modified_gmt":"2024-11-28T20:20:38","slug":"defender-glauber-e-avancar-na-luta-antifascista","status":"publish","type":"post","link":"https:\/\/pcb.org.br\/portal2\/32279","title":{"rendered":"Defender Glauber \u00e9 avan\u00e7ar na luta antifascista"},"content":{"rendered":"<p><img data-recalc-dims=\"1\" loading=\"lazy\" decoding=\"async\" data-attachment-id=\"32280\" data-permalink=\"https:\/\/pcb.org.br\/portal2\/32279\/sem-titulo-14\" data-orig-file=\"https:\/\/i0.wp.com\/pcb.org.br\/portal2\/wp-content\/uploads\/2024\/11\/Sem-titulo.jpeg?fit=1080%2C1080&amp;ssl=1\" data-orig-size=\"1080,1080\" data-comments-opened=\"0\" data-image-meta=\"{&quot;aperture&quot;:&quot;0&quot;,&quot;credit&quot;:&quot;&quot;,&quot;camera&quot;:&quot;&quot;,&quot;caption&quot;:&quot;&quot;,&quot;created_timestamp&quot;:&quot;0&quot;,&quot;copyright&quot;:&quot;&quot;,&quot;focal_length&quot;:&quot;0&quot;,&quot;iso&quot;:&quot;0&quot;,&quot;shutter_speed&quot;:&quot;0&quot;,&quot;title&quot;:&quot;&quot;,&quot;orientation&quot;:&quot;0&quot;}\" data-image-title=\"Sem t\u00edtulo\" data-image-description=\"\" data-image-caption=\"\" data-large-file=\"https:\/\/i0.wp.com\/pcb.org.br\/portal2\/wp-content\/uploads\/2024\/11\/Sem-titulo.jpeg?fit=747%2C747&amp;ssl=1\" class=\"alignnone size-large wp-image-32280\" src=\"https:\/\/i0.wp.com\/pcb.org.br\/portal2\/wp-content\/uploads\/2024\/11\/Sem-titulo.jpeg?resize=747%2C747&#038;ssl=1\" alt=\"\" width=\"747\" height=\"747\" srcset=\"https:\/\/i0.wp.com\/pcb.org.br\/portal2\/wp-content\/uploads\/2024\/11\/Sem-titulo.jpeg?resize=900%2C900&amp;ssl=1 900w, https:\/\/i0.wp.com\/pcb.org.br\/portal2\/wp-content\/uploads\/2024\/11\/Sem-titulo.jpeg?resize=300%2C300&amp;ssl=1 300w, https:\/\/i0.wp.com\/pcb.org.br\/portal2\/wp-content\/uploads\/2024\/11\/Sem-titulo.jpeg?resize=150%2C150&amp;ssl=1 150w, https:\/\/i0.wp.com\/pcb.org.br\/portal2\/wp-content\/uploads\/2024\/11\/Sem-titulo.jpeg?resize=768%2C768&amp;ssl=1 768w, https:\/\/i0.wp.com\/pcb.org.br\/portal2\/wp-content\/uploads\/2024\/11\/Sem-titulo.jpeg?w=1080&amp;ssl=1 1080w\" sizes=\"auto, (max-width: 747px) 100vw, 747px\" \/><!--more--><\/p>\n<p><strong>DEFENDER O MANDATO DE GLAUBER BRAGA \u00c9 DEFENDER A LUTA ANTIFASCISTA<\/strong><\/p>\n<p>O mandato do companheiro Glauber Braga \u00e9 hoje uma das mais importantes trincheiras da luta antifascista no Brasil. \u00c9 neste mandato que v\u00e1rias lutas, organiza\u00e7\u00f5es e movimentos se encontram. Mais do que uma representa\u00e7\u00e3o parlamentar de esquerda, Glauber se consolidou, ano ap\u00f3s ano, num porta-voz da classe trabalhadora dentro de um Parlamento dominado por milion\u00e1rios, latifundi\u00e1rios e representantes do capital financeiro.<\/p>\n<p>Neste mandato se encontram os movimentos sociais, sindicatos em luta, militantes internacionalistas, defensores do meio ambiente e dos direitos humanos. Foi com um trabalho s\u00e9rio de Glauber e seu mandato que foi poss\u00edvel tornar este espa\u00e7o no espa\u00e7o da esquerda brasileira.<\/p>\n<p>N\u00e3o \u00e9 \u00e0 toa que nosso deputado \u00e9 v\u00edtima de uma intensa campanha de desgaste da parte de grupos fascistas e de extrema-direita. Na tarde desta \u00faltima quarta-feira (27), mais uma vez, ele foi atacado dentro das depend\u00eancias da C\u00e2mara dos Deputados por dois arruaceiros, ap\u00f3s uma vitoriosa sess\u00e3o do Conselho de \u00c9tica.<\/p>\n<p>Eles seguem os mesmos modos operantes: celular nas m\u00e3os, incans\u00e1veis agress\u00f5es verbais e tentativas de desestabilizar o Glauber emocionalmente usando o nome de sua m\u00e3e, que faleceu em maio.<\/p>\n<p>Dentro do Parlamento a situa\u00e7\u00e3o \u00e9 parecida. Organizada pela bancada de deputados fascistas e de extrema direita, com o patroc\u00ednio e o apoio do Centr\u00e3o de Arthur Lira, Glauber \u00e9 v\u00edtima de um processo mentiroso no Conselho de \u00c9tica, que busca tentar a sua cassa\u00e7\u00e3o. Antes desse ataque, o relator do processo j\u00e1 havia negado a presen\u00e7a das testemunhas que comprovariam que o processo de cassa\u00e7\u00e3o \u00e9 uma articula\u00e7\u00e3o de Lira.<\/p>\n<p>Mas como nos \u00faltimos anos, essas \u00faltimas semanas mostram que no mandato todas as lutas se encontram. Os pol\u00edticos reacion\u00e1rios do Centr\u00e3o, representante da burguesia, incluindo Arthur Lira, n\u00e3o esperavam a grande mobiliza\u00e7\u00e3o em apoio a Glauber. Pessoas de todas as tradi\u00e7\u00f5es da esquerda brasileira, sindicatos de diversas categorias, o movimento estudantil em peso, os movimentos sociais da cidade e do campo, todos se uniram numa \u00fanica palavra de ordem: \u201cGlauber Fica! Fora Lira!\u201d, essa tamb\u00e9m se tornou uma das consignas mais importantes da luta antifascista no Brasil. \u00c9 por isso que mais uma vez atacaram Glauber nesta quarta-feira.<\/p>\n<p>Foi a mobiliza\u00e7\u00e3o popular que lotou o primeiro ato no Rio de Janeiro em defesa do mandato de Glauber, na ABI em setembro. \u00c9 a mobiliza\u00e7\u00e3o popular tamb\u00e9m que tem feito atos em v\u00e1rias cidades do pa\u00eds e at\u00e9 ato internacional em defesa desse importante mandato. Foi a mobiliza\u00e7\u00e3o popular que lotou o Circo Voador na \u00faltima segunda-feira (25), em mais um ato em defesa do Glauber. Al\u00e9m disso, na pr\u00f3pria Comiss\u00e3o de Legisla\u00e7\u00e3o Participativa desta quarta (27), um importante ato em defesa do voto popular com a participa\u00e7\u00e3o de v\u00e1rias entidades nacionais demarcou a mobiliza\u00e7\u00e3o em defesa do mandato. Para o dia 9 de dezembro, j\u00e1 tem mais um ato marcado, dessa vez em S\u00e3o Paulo.<\/p>\n<p>Faixas, cartazes e at\u00e9 outdoor est\u00e3o sendo colocados em diversos pontos do pa\u00eds escrito em letras garrafais: Glauber Fica! Lira n\u00e3o vai nos calar!<\/p>\n<p>Ap\u00f3s os ataques ocorridos nesta quarta (27), Glauber fez um pronunciamento na C\u00e2mara renunciando \u00e0 presid\u00eancia da Comiss\u00e3o de Legisla\u00e7\u00e3o Participativa e \u00e0s testemunhas que ainda tinha direito. Isso n\u00e3o significa uma desist\u00eancia do enfrentamento em defesa do mandato, que deve continuar e avan\u00e7ar. No Conselho de \u00c9tica j\u00e1 conseguimos desmontar a farsa da acusa\u00e7\u00e3o e mostrar as liga\u00e7\u00f5es das gangues que atacam Glauber com o neonazismo.<\/p>\n<p>O que falta ent\u00e3o para que se arquive o processo? \u00c9 essa contradi\u00e7\u00e3o que nosso parlamentar est\u00e1 impondo para o Centr\u00e3o e os fascistas do Congresso Nacional.<\/p>\n<p>Aos deputados fica a seguinte quest\u00e3o: atender\u00e3o \u00e0 sede de vingan\u00e7a do chefe do Centr\u00e3o Arthur Lira ou acabar\u00e3o com essa farsa? A cassa\u00e7\u00e3o de Glauber hoje, pode ser a de qualquer deputado de esquerda e progressista amanh\u00e3 que contrarie os interesses de Lira e do Centr\u00e3o.<\/p>\n<p>Por isso, as organiza\u00e7\u00f5es abaixo assinadas que fazem parte do mandato de Glauber Braga, querem refor\u00e7ar a convoca\u00e7\u00e3o de toda milit\u00e2ncia de esquerda, socialista, aos movimentos sociais que n\u00e3o abaixemos as nossas bandeiras. Na luta antifascista, estar unidos nas trincheiras da luta \u00e9 a nossa garantia da vit\u00f3ria.<\/p>\n<p>\u00c9 preciso manter a disposi\u00e7\u00e3o para a luta. Os fascistas, a extrema-direita e Arthur Lira n\u00e3o vencer\u00e3o, continuaremos mobilizados para conquistarmos nossa vit\u00f3ria definitiva nesta luta.<\/p>\n<p>A\u00e7\u00e3o Popular Socialista-APS\/PSOL<br \/>\nCentralidade do Trabalho &#8211; CT\/PSOL<br \/>\nFortalecer o PSOL<br \/>\nLRP- Liberdade e Revolu\u00e7\u00e3o Popular\/PSOL<br \/>\nN\u00facleo Jos\u00e9 do Patroc\u00ednio &#8211; NJP\/PSOL<br \/>\nOrganiza\u00e7\u00e3o Comunista Internacionalista &#8211; OCI<br \/>\nPartido Comunista Brasileiro &#8211; PCB<br \/>\nUnidade Popular &#8211; UP<\/p>\n","protected":false},"excerpt":{"rendered":"<a class=\"moretag\" href=\"https:\/\/pcb.org.br\/portal2\/32279\"> <\/a>","protected":false},"author":8,"featured_media":0,"comment_status":"closed","ping_status":"closed","sticky":false,"template":"","format":"standard","meta":{"jetpack_post_was_ever_published":false,"_jetpack_newsletter_access":"","_jetpack_dont_email_post_to_subs":false,"_jetpack_newsletter_tier_id":0,"_jetpack_memberships_contains_paywalled_content":false,"_jetpack_memberships_contains_paid_content":false,"footnotes":"","jetpack_publicize_message":"","jetpack_publicize_feature_enabled":true,"jetpack_social_post_already_shared":true,"jetpack_social_options":{"image_generator_settings":{"template":"highway","default_image_id":0,"font":"","enabled":false},"version":2}},"categories":[26],"tags":[224,246],"class_list":["post-32279","post","type-post","status-publish","format-standard","hentry","category-c25-notas-politicas-do-pcb","tag-3b","tag-np"],"jetpack_publicize_connections":[],"jetpack_featured_media_url":"","jetpack_shortlink":"https:\/\/wp.me\/p659gw-8oD","jetpack-related-posts":[],"jetpack_likes_enabled":true,"jetpack_sharing_enabled":true,"_links":{"self":[{"href":"https:\/\/pcb.org.br\/portal2\/wp-json\/wp\/v2\/posts\/32279","targetHints":{"allow":["GET"]}}],"collection":[{"href":"https:\/\/pcb.org.br\/portal2\/wp-json\/wp\/v2\/posts"}],"about":[{"href":"https:\/\/pcb.org.br\/portal2\/wp-json\/wp\/v2\/types\/post"}],"author":[{"embeddable":true,"href":"https:\/\/pcb.org.br\/portal2\/wp-json\/wp\/v2\/users\/8"}],"replies":[{"embeddable":true,"href":"https:\/\/pcb.org.br\/portal2\/wp-json\/wp\/v2\/comments?post=32279"}],"version-history":[{"count":2,"href":"https:\/\/pcb.org.br\/portal2\/wp-json\/wp\/v2\/posts\/32279\/revisions"}],"predecessor-version":[{"id":32283,"href":"https:\/\/pcb.org.br\/portal2\/wp-json\/wp\/v2\/posts\/32279\/revisions\/32283"}],"wp:attachment":[{"href":"https:\/\/pcb.org.br\/portal2\/wp-json\/wp\/v2\/media?parent=32279"}],"wp:term":[{"taxonomy":"category","embeddable":true,"href":"https:\/\/pcb.org.br\/portal2\/wp-json\/wp\/v2\/categories?post=32279"},{"taxonomy":"post_tag","embeddable":true,"href":"https:\/\/pcb.org.br\/portal2\/wp-json\/wp\/v2\/tags?post=32279"}],"curies":[{"name":"wp","href":"https:\/\/api.w.org\/{rel}","templated":true}]}}