{"id":32284,"date":"2024-11-28T17:24:56","date_gmt":"2024-11-28T20:24:56","guid":{"rendered":"https:\/\/pcb.org.br\/portal2\/?p=32284"},"modified":"2024-11-28T17:24:56","modified_gmt":"2024-11-28T20:24:56","slug":"curso-de-introducao-a-friedrich-engels","status":"publish","type":"post","link":"https:\/\/pcb.org.br\/portal2\/32284","title":{"rendered":"Curso de Introdu\u00e7\u00e3o a Friedrich Engels"},"content":{"rendered":"<p><img data-recalc-dims=\"1\" loading=\"lazy\" decoding=\"async\" data-attachment-id=\"32282\" data-permalink=\"https:\/\/pcb.org.br\/portal2\/32279\/467804106_18044897786485258_7641062476617203126_n-1\" data-orig-file=\"https:\/\/i0.wp.com\/pcb.org.br\/portal2\/wp-content\/uploads\/2024\/11\/467804106_18044897786485258_7641062476617203126_n-1.jpg?fit=1080%2C1256&amp;ssl=1\" data-orig-size=\"1080,1256\" data-comments-opened=\"0\" data-image-meta=\"{&quot;aperture&quot;:&quot;0&quot;,&quot;credit&quot;:&quot;&quot;,&quot;camera&quot;:&quot;&quot;,&quot;caption&quot;:&quot;&quot;,&quot;created_timestamp&quot;:&quot;0&quot;,&quot;copyright&quot;:&quot;&quot;,&quot;focal_length&quot;:&quot;0&quot;,&quot;iso&quot;:&quot;0&quot;,&quot;shutter_speed&quot;:&quot;0&quot;,&quot;title&quot;:&quot;&quot;,&quot;orientation&quot;:&quot;0&quot;}\" data-image-title=\"467804106_18044897786485258_7641062476617203126_n-1\" data-image-description=\"\" data-image-caption=\"\" data-large-file=\"https:\/\/i0.wp.com\/pcb.org.br\/portal2\/wp-content\/uploads\/2024\/11\/467804106_18044897786485258_7641062476617203126_n-1.jpg?fit=747%2C869&amp;ssl=1\" class=\"alignnone size-large wp-image-32282\" src=\"https:\/\/i0.wp.com\/pcb.org.br\/portal2\/wp-content\/uploads\/2024\/11\/467804106_18044897786485258_7641062476617203126_n-1.jpg?resize=747%2C869&#038;ssl=1\" alt=\"\" width=\"747\" height=\"869\" srcset=\"https:\/\/i0.wp.com\/pcb.org.br\/portal2\/wp-content\/uploads\/2024\/11\/467804106_18044897786485258_7641062476617203126_n-1.jpg?resize=774%2C900&amp;ssl=1 774w, https:\/\/i0.wp.com\/pcb.org.br\/portal2\/wp-content\/uploads\/2024\/11\/467804106_18044897786485258_7641062476617203126_n-1.jpg?resize=258%2C300&amp;ssl=1 258w, https:\/\/i0.wp.com\/pcb.org.br\/portal2\/wp-content\/uploads\/2024\/11\/467804106_18044897786485258_7641062476617203126_n-1.jpg?resize=768%2C893&amp;ssl=1 768w, https:\/\/i0.wp.com\/pcb.org.br\/portal2\/wp-content\/uploads\/2024\/11\/467804106_18044897786485258_7641062476617203126_n-1.jpg?w=1080&amp;ssl=1 1080w\" sizes=\"auto, (max-width: 747px) 100vw, 747px\" \/><!--more--><\/p>\n<p>A Funda\u00e7\u00e3o Dinarco Reis oferece o Curso de Introdu\u00e7\u00e3o a F. Engels, a ser ministrado durante o m\u00eas de janeiro\/2025 por Jos\u00e9 Paulo Netto, em quatro sess\u00f5es de trabalho (dura\u00e7\u00e3o de 3 horas cada) \u00e0s quartas, das 19:00 \u00e0s 22:00, nos dias 08, 15, 22 e 29 de janeiro de 2025, na Plataforma Even3.<\/p>\n<p>Jos\u00e9 Paulo Netto \u00e9 um dos mais destacados intelectuais marxistas brasileiros. Professor titular da PUC de S\u00e3o Paulo, professor em\u00e9rito da UFRJ, \u00e9 militante do PCB e incans\u00e1vel divulgador do marxismo cr\u00edtico no Brasil, respons\u00e1vel por tradu\u00e7\u00f5es de textos de autores cl\u00e1ssicos, tais como Marx, Engels, L\u00eanin e Luk\u00e1cs.<\/p>\n<p>Segundo Jos\u00e9 Paulo Netto:<br \/>\n\u201cA refer\u00eancia de Engels \u00e0 sua condi\u00e7\u00e3o de segundo violino sinaliza um dos aspectos principais da rela\u00e7\u00e3o que manteve com Marx \u2013 a sua mod\u00e9stia em face da estatura inegavelmente maior do companheiro, mod\u00e9stia que, por\u00e9m, n\u00e3o pode obscurecer a sua relev\u00e2ncia nessa rela\u00e7\u00e3o. O professor Florestan Fernandes sempre insistiu, com raz\u00e3o, no fato de Engels haver sido um pensador que tinha \u2018luz pr\u00f3pria\u2019. Na realidade, s\u00e3o incont\u00e1veis os indicadores que assinalam objetivamente a preced\u00eancia (bem como a autonomia intelectual) de Engels diante de quest\u00f5es e problem\u00e1ticas que s\u00f3 ulteriormente seriam objeto dos cuidados te\u00f3ricos e cr\u00edticos de Marx.\u201d<\/p>\n<p>Programa\u00e7\u00e3o do Curso<\/p>\n<p>Dia 08\/01\/2025:<br \/>\n1. subs\u00eddios para a biografia de F. Engels<br \/>\n2. os escritos juvenis de F. Engels<\/p>\n<p>Dia 15\/01\/2025:<br \/>\n3. a op\u00e7\u00e3o revolucion\u00e1ria de F. Engels<br \/>\n4. a colabora\u00e7\u00e3o com K. Marx<\/p>\n<p>Dia 22\/01\/2025:<br \/>\n5. as revolu\u00e7\u00f5es de 1848<br \/>\n6. a produ\u00e7\u00e3o intelectual de F. Engels nos anos de ex\u00edlio (Londres\/Manchester)<\/p>\n<p>Dia 29\/01\/2025:<br \/>\n7. a experi\u00eancia da Associa\u00e7\u00e3o Internacional dos Trabalhadores e a Comuna de Paris<br \/>\n8. os \u00faltimos anos (1883-1895).<\/p>\n<p>Link para inscri\u00e7\u00e3o:<br \/>\n<a href=\"https:\/\/www.even3.com.br\/introducao-a-friedrich-engels-515113\/?fbclid=IwY2xjawG1sHJleHRuA2FlbQIxMAABHdIIJZ_84GmZh7fy2MM224gYZ17q1YBWEKRYI9QFD6KBOyLhuZ_MdWFOeA_aem_vL6ou-EaDpQT0l564T84BA\">https:\/\/www.even3.com.br\/introducao-a-friedrich-engels&#8230;\/<\/a><\/p>\n<p>Para desenvolver\/aprofundar as reflex\u00f5es expostas nas sess\u00f5es de trabalho, sugere-se a seguinte bibliografia:<\/p>\n<p>*Osvaldo Coggiola, Engels, o segundo violino. S. Paulo: Xam\u00e3, 1995.<\/p>\n<p>* Tristam Hunt, Comunista de casaca: a vida revolucion\u00e1ria de Friedrich Engels. Rio de Janeiro: Record, 2010.<\/p>\n<p>* Gustav Mayer, Friedrich Engels: uma biografia. S. Paulo: Boitempo, 2020.<\/p>\n<p>* Jos\u00e9 Paulo Netto, &#8220;Apresenta\u00e7\u00e3o&#8221; de Friedrich Engels, Esbo\u00e7o para uma cr\u00edtica da economia pol\u00edtica e outros textos de juventude. S. Paulo: Boitempo, 2021.<\/p>\n<p>Sugere-se ainda a leitura dos textos do pr\u00f3prio F. Engels recolhidos no volume 17 da cole\u00e7\u00e3o Grandes cientistas sociais. S. Paulo: \u00c1tica, 1981 (org. por Jos\u00e9 Paulo Netto, sob a coordena\u00e7\u00e3o de Florestan Fernandes).<\/p>\n<p>&nbsp;<\/p>\n<p>Sobre a atualidade do pensamento de Engels nos escreveu a camarada Sofia Manzano no ano de 2020, quando se comemoraram os 200 anos de nascimento do grande revolucion\u00e1rio:<\/p>\n<p>&#8220;Engels viveu praticamente todo o s\u00e9culo XIX \u2013 nasceu em 28 de novembro de 1820 e morreu em 05 de agosto de 1895, a maior parte de sua vida adulta em Manchester e Londres, na Inglaterra, que era o centro do mundo, pois ali se desencadeavam as transforma\u00e7\u00f5es mais profundas que hoje se pode verificar no desenvolver do capitalismo por todo o mundo. Para termos uma ideia do que isso significa, ter\u00edamos que nos imaginar, hoje, vivendo em Pequim, Xangai, Suzhou ou Guangzhou, na China. No entanto, assim como antes, milh\u00f5es de pessoas vivem nessas localidades, mas apenas algumas conseguem capturar, de forma t\u00e3o profunda, cient\u00edfica e inovadora, o que realmente acontece para al\u00e9m da superficialidade dos fen\u00f4menos cotidianos. Esse \u00e9 o caso de Friedrich Engels.<\/p>\n<p>Filho de rico industrial alem\u00e3o foi encaminhado para um est\u00e1gio em Manchester, na f\u00e1brica em que o pai era s\u00f3cio. Do per\u00edodo de 21 meses Engels produziu, aos 24 anos de idade, A situa\u00e7\u00e3o da classe trabalhadora na Inglaterra, seu primeiro livro, repleto de originalidade na formula\u00e7\u00e3o de s\u00ednteses que servir\u00e3o de base para o l\u00e9xico categorial marxista. Para al\u00e9m da pesquisa emp\u00edrica \u2013 tanto presencial, quanto nos dados coletados nos materiais dispon\u00edveis \u2013 esse livro introduz ideias que ser\u00e3o muito caras para a compreens\u00e3o da realidade capitalista.<\/p>\n<p>Apesar de os formuladores da economia pol\u00edtica cl\u00e1ssica \u2013 como Adam Smith, Malthus e Ricardo, em suas contribui\u00e7\u00f5es \u00e0 ci\u00eancia econ\u00f4mica, terem tratado de forma categoricamente distinta a situa\u00e7\u00e3o do capitalista, de um lado, e do trabalhador, de outro, no livro de Engels, a massa de trabalhadores submetidos \u00e0 rela\u00e7\u00e3o capitalista de produ\u00e7\u00e3o \u00e9 introduzida como classe. Com esse salto categorial Engels pode desenvolver uma s\u00e9rie de quest\u00f5es que exp\u00f5em a situa\u00e7\u00e3o concreta dos trabalhadores, moralmente informadas nos trabalhos dos economistas cl\u00e1ssicos, em sua materialidade. Mesmo quando trata das \u201cquest\u00f5es morais\u201d dos trabalhadores e das trabalhadoras, como o roubo, a pregui\u00e7a, o alcoolismo e a prostitui\u00e7\u00e3o, ele vai \u00e0 raiz da constitui\u00e7\u00e3o moral, ou seja, as condi\u00e7\u00f5es concretas e materiais da exist\u00eancia.<\/p>\n<p>Dessa forma, traz para o centro da an\u00e1lise, o ser humano em suas rela\u00e7\u00f5es humanas e n\u00e3o ideais, ou de uma \u201cnatureza humana\u201d que possa existir independentemente das rela\u00e7\u00f5es sociais a que esses seres humanos est\u00e3o submetidos.<\/p>\n<p>\u00c9 do conhecimento geral a import\u00e2ncia que Engels tem para a vida de Marx, tanto material, mas principalmente como interlocutor intelectual. Por outro lado, ele produziu uma vast\u00edssima obra, al\u00e9m de ter mantido intensa milit\u00e2ncia na organiza\u00e7\u00e3o dos trabalhadores. Muitas vezes seu papel fica subsumido na magistral contribui\u00e7\u00e3o de Marx para o entendimento do mundo em que vivemos. A divis\u00e3o do trabalho que se desenrolou entre os dois n\u00e3o pode relegar as espec\u00edficas contribui\u00e7\u00f5es desse genial pensador que, al\u00e9m da grande facilidade com l\u00ednguas diversas, acompanhava arguta e atentamente os avan\u00e7os nas mais diversas \u00e1reas cient\u00edficas.<\/p>\n<p>Muitos s\u00e3o os livros, textos, materiais de divulga\u00e7\u00e3o e instru\u00e7\u00e3o pol\u00edtica que Engels produziu juntamente com Marx, dos mais importantes: O Manifesto do Partido Comunista, A ideologia alem\u00e3, A Sagrada Fam\u00edlia, aos pref\u00e1cios de livros marxianos publicados ap\u00f3s a morte do amigo e o magistral trabalho de organiza\u00e7\u00e3o, edi\u00e7\u00e3o e publica\u00e7\u00e3o dos Livros 2 e 3 de O capital. Entretanto, de sua pr\u00f3pria lavra, cumpre destacar o Anti-D\u00fchring e A Origem da Fam\u00edlia, da Propriedade Privada e do Estado. Este \u00faltimo, sem d\u00favida, leitura obrigat\u00f3ria para o enfrentamento das condi\u00e7\u00f5es desiguais em que permanecem todas e todos aqueles que n\u00e3o o homem branco e burgu\u00eas.<\/p>\n<p>A convic\u00e7\u00e3o engelsiana na revolu\u00e7\u00e3o socialista \u00e9 outra marca de seu car\u00e1ter que se deve destacar. Em qualquer de seus livros, textos, pref\u00e1cios, etc. podemos perceber um autor verdadeiramente otimista com o sucesso da luta da classe trabalhadora sobre qualquer forma de explora\u00e7\u00e3o. Mesmo os textos mais cr\u00edticos, e s\u00e3o muitos, Engels n\u00e3o abre m\u00e3o de uma argumenta\u00e7\u00e3o cientificamente substantiva. A fina ironia com que tece suas cr\u00edticas jamais se constituiu em biombo para escamotear seu profundo conhecimento e a certeza na vit\u00f3ria da classe trabalhadora. Por outro lado, n\u00e3o deixa de apontar as defici\u00eancias, falhas, escorregadas reformistas e desvios que, no seio mesmo da classe trabalhadora, aparecem e emperram a seu triunfo definitivo.<\/p>\n<p>N\u00f3s, trabalhadores e trabalhadoras desse s\u00e9culo XXI ainda n\u00e3o vislumbramos essa necess\u00e1ria vit\u00f3ria. No entanto, \u00e9 urgente e reconfortante termos \u00e0 nossa disposi\u00e7\u00e3o, com tantos avan\u00e7os tecnol\u00f3gicos que nos permite livre acesso, a leitura das contribui\u00e7\u00f5es \u00edmpar de Engels \u00e0 nossa luta.&#8221;<\/p>\n<p>Dispon\u00edvel em <a href=\"https:\/\/pcb.org.br\/portal2\/26503\">https:\/\/pcb.org.br\/portal2\/26503<\/a><\/p>\n","protected":false},"excerpt":{"rendered":"<a class=\"moretag\" href=\"https:\/\/pcb.org.br\/portal2\/32284\"> <\/a>","protected":false},"author":8,"featured_media":0,"comment_status":"closed","ping_status":"closed","sticky":false,"template":"","format":"standard","meta":{"jetpack_post_was_ever_published":false,"_jetpack_newsletter_access":"","_jetpack_dont_email_post_to_subs":false,"_jetpack_newsletter_tier_id":0,"_jetpack_memberships_contains_paywalled_content":false,"_jetpack_memberships_contains_paid_content":false,"footnotes":"","jetpack_publicize_message":"","jetpack_publicize_feature_enabled":true,"jetpack_social_post_already_shared":true,"jetpack_social_options":{"image_generator_settings":{"template":"highway","default_image_id":0,"font":"","enabled":false},"version":2}},"categories":[231],"tags":[226],"class_list":["post-32284","post","type-post","status-publish","format-standard","hentry","category-fdr","tag-4b"],"jetpack_publicize_connections":[],"jetpack_featured_media_url":"","jetpack_shortlink":"https:\/\/wp.me\/p659gw-8oI","jetpack-related-posts":[],"jetpack_likes_enabled":true,"jetpack_sharing_enabled":true,"_links":{"self":[{"href":"https:\/\/pcb.org.br\/portal2\/wp-json\/wp\/v2\/posts\/32284","targetHints":{"allow":["GET"]}}],"collection":[{"href":"https:\/\/pcb.org.br\/portal2\/wp-json\/wp\/v2\/posts"}],"about":[{"href":"https:\/\/pcb.org.br\/portal2\/wp-json\/wp\/v2\/types\/post"}],"author":[{"embeddable":true,"href":"https:\/\/pcb.org.br\/portal2\/wp-json\/wp\/v2\/users\/8"}],"replies":[{"embeddable":true,"href":"https:\/\/pcb.org.br\/portal2\/wp-json\/wp\/v2\/comments?post=32284"}],"version-history":[{"count":1,"href":"https:\/\/pcb.org.br\/portal2\/wp-json\/wp\/v2\/posts\/32284\/revisions"}],"predecessor-version":[{"id":32285,"href":"https:\/\/pcb.org.br\/portal2\/wp-json\/wp\/v2\/posts\/32284\/revisions\/32285"}],"wp:attachment":[{"href":"https:\/\/pcb.org.br\/portal2\/wp-json\/wp\/v2\/media?parent=32284"}],"wp:term":[{"taxonomy":"category","embeddable":true,"href":"https:\/\/pcb.org.br\/portal2\/wp-json\/wp\/v2\/categories?post=32284"},{"taxonomy":"post_tag","embeddable":true,"href":"https:\/\/pcb.org.br\/portal2\/wp-json\/wp\/v2\/tags?post=32284"}],"curies":[{"name":"wp","href":"https:\/\/api.w.org\/{rel}","templated":true}]}}