{"id":32298,"date":"2024-12-02T15:26:12","date_gmt":"2024-12-02T18:26:12","guid":{"rendered":"https:\/\/pcb.org.br\/portal2\/?p=32298"},"modified":"2024-12-02T15:26:12","modified_gmt":"2024-12-02T18:26:12","slug":"consideracoes-sobre-a-declaracao-do-g20","status":"publish","type":"post","link":"https:\/\/pcb.org.br\/portal2\/32298","title":{"rendered":"Considera\u00e7\u00f5es sobre a Declara\u00e7\u00e3o do G20"},"content":{"rendered":"<p><img data-recalc-dims=\"1\" loading=\"lazy\" decoding=\"async\" data-attachment-id=\"32299\" data-permalink=\"https:\/\/pcb.org.br\/portal2\/32298\/image-18\" data-orig-file=\"https:\/\/i0.wp.com\/pcb.org.br\/portal2\/wp-content\/uploads\/2024\/12\/image.png?fit=1600%2C901&amp;ssl=1\" data-orig-size=\"1600,901\" data-comments-opened=\"0\" data-image-meta=\"{&quot;aperture&quot;:&quot;0&quot;,&quot;credit&quot;:&quot;&quot;,&quot;camera&quot;:&quot;&quot;,&quot;caption&quot;:&quot;&quot;,&quot;created_timestamp&quot;:&quot;0&quot;,&quot;copyright&quot;:&quot;&quot;,&quot;focal_length&quot;:&quot;0&quot;,&quot;iso&quot;:&quot;0&quot;,&quot;shutter_speed&quot;:&quot;0&quot;,&quot;title&quot;:&quot;&quot;,&quot;orientation&quot;:&quot;0&quot;}\" data-image-title=\"image\" data-image-description=\"\" data-image-caption=\"\" data-large-file=\"https:\/\/i0.wp.com\/pcb.org.br\/portal2\/wp-content\/uploads\/2024\/12\/image.png?fit=747%2C421&amp;ssl=1\" class=\"alignnone size-large wp-image-32299\" src=\"https:\/\/i0.wp.com\/pcb.org.br\/portal2\/wp-content\/uploads\/2024\/12\/image.png?resize=747%2C421&#038;ssl=1\" alt=\"\" width=\"747\" height=\"421\" srcset=\"https:\/\/i0.wp.com\/pcb.org.br\/portal2\/wp-content\/uploads\/2024\/12\/image.png?resize=900%2C507&amp;ssl=1 900w, https:\/\/i0.wp.com\/pcb.org.br\/portal2\/wp-content\/uploads\/2024\/12\/image.png?resize=300%2C169&amp;ssl=1 300w, https:\/\/i0.wp.com\/pcb.org.br\/portal2\/wp-content\/uploads\/2024\/12\/image.png?resize=768%2C432&amp;ssl=1 768w, https:\/\/i0.wp.com\/pcb.org.br\/portal2\/wp-content\/uploads\/2024\/12\/image.png?resize=1536%2C865&amp;ssl=1 1536w, https:\/\/i0.wp.com\/pcb.org.br\/portal2\/wp-content\/uploads\/2024\/12\/image.png?resize=388%2C220&amp;ssl=1 388w, https:\/\/i0.wp.com\/pcb.org.br\/portal2\/wp-content\/uploads\/2024\/12\/image.png?w=1600&amp;ssl=1 1600w\" sizes=\"auto, (max-width: 747px) 100vw, 747px\" \/><!--more--><\/p>\n<p>Por Eduardo Matos, secret\u00e1rio de Rela\u00e7\u00f5es Internacionais da UJC<\/p>\n<p>A reuni\u00e3o de l\u00edderes do G20 no Rio de Janeiro, em 2024, marcou a presid\u00eancia brasileira do grupo, mas trouxe reflex\u00f5es que v\u00e3o al\u00e9m das comemora\u00e7\u00f5es diplom\u00e1ticas. Embora o documento final pare\u00e7a avan\u00e7ar em alguns aspectos, como o combate \u00e0 fome e a proposta de taxa\u00e7\u00e3o de ultra-ricos (ponto 20), ele carece de medidas efetivas e concretas para enfrentar as contradi\u00e7\u00f5es do sistema internacional que perpetuam desigualdades sociais, econ\u00f4micas e ambientais.<\/p>\n<p>O texto baseia suas propostas nos Objetivos de Desenvolvimento Sustent\u00e1vel (ODS), que, desde sua cria\u00e7\u00e3o em 2015, tiveram apenas 17% de suas metas atingidas, segundo o pr\u00f3prio documento. Ao mesmo tempo, as recomenda\u00e7\u00f5es do G20 mant\u00eam um discurso de austeridade fiscal, que limita investimentos em direitos sociais b\u00e1sicos, como sa\u00fade e educa\u00e7\u00e3o, priorizando o pagamento de d\u00edvidas e juros em detrimento das necessidades da classe trabalhadora.<\/p>\n<p>Omiss\u00f5es e Contradi\u00e7\u00f5es da Declara\u00e7\u00e3o<\/p>\n<p>Embora a Declara\u00e7\u00e3o defenda a soberania palestina e libanesa (ponto 8), ela ignora quest\u00f5es cruciais para o Sul Global, como o bloqueio econ\u00f4mico a Cuba e a crise humanit\u00e1ria em Artsaque, al\u00e9m de negligenciar a luta pela autodetermina\u00e7\u00e3o do Saara Ocidental. Essas omiss\u00f5es refletem a prioriza\u00e7\u00e3o de interesses estrat\u00e9gicos do Norte Global, enquanto temas que afetam diretamente os povos perif\u00e9ricos permanecem fora da agenda.<\/p>\n<p>Nos tr\u00eas eixos principais \u2013 combate \u00e0 fome e desigualdades, transi\u00e7\u00e3o energ\u00e9tica e reforma das institui\u00e7\u00f5es de governan\u00e7a \u2013, o documento subordina avan\u00e7os sociais e ambientais \u00e0 manuten\u00e7\u00e3o dos interesses do capital. Propostas sobre aumento salarial de professores e professoras (ponto 27) ou combate a doen\u00e7as negligenciadas (ponto 25) n\u00e3o enfrentam os lucros exorbitantes da ind\u00fastria farmac\u00eautica, enquanto a l\u00f3gica privatizante segue intacta.<\/p>\n<p>Governan\u00e7a Internacional e a Marginaliza\u00e7\u00e3o do Sul Global<\/p>\n<p>O documento tamb\u00e9m decepciona ao abordar reformas na governan\u00e7a global, especialmente no \u00e2mbito das Na\u00e7\u00f5es Unidas (pontos 61-68). N\u00e3o h\u00e1 qualquer men\u00e7\u00e3o \u00e0 amplia\u00e7\u00e3o da participa\u00e7\u00e3o de organiza\u00e7\u00f5es da sociedade civil, pesquisadores ou povos ind\u00edgenas nos debates e decis\u00f5es. Enquanto isso, o FMI \u00e9 mantido como protagonista, sem qualquer cr\u00edtica \u00e0 sua estrutura, que historicamente condiciona a ajuda econ\u00f4mica ao desmonte das soberanias nacionais.<\/p>\n<p>A exclus\u00e3o de pautas essenciais para o Sul Global evidencia os limites da institucionalidade internacional nos moldes atuais. A alternativa est\u00e1 na organiza\u00e7\u00e3o popular e na constru\u00e7\u00e3o de espa\u00e7os como a C\u00fapula dos Povos, que articula movimentos sociais em torno de pautas progressistas e transformadoras. Somente a luta popular pode superar a l\u00f3gica do capital e promover mudan\u00e7as reais, rompendo com a fal\u00eancia estrutural do sistema vigente.<\/p>\n<p><a href=\"https:\/\/ujc.org.br\/declaracao-do-g20-no-brasil\/\">https:\/\/ujc.org.br\/declaracao-do-g20-no-brasil\/<\/a><\/p>\n","protected":false},"excerpt":{"rendered":"<a class=\"moretag\" href=\"https:\/\/pcb.org.br\/portal2\/32298\"> <\/a>","protected":false},"author":8,"featured_media":0,"comment_status":"closed","ping_status":"closed","sticky":false,"template":"","format":"standard","meta":{"jetpack_post_was_ever_published":false,"_jetpack_newsletter_access":"","_jetpack_dont_email_post_to_subs":false,"_jetpack_newsletter_tier_id":0,"_jetpack_memberships_contains_paywalled_content":false,"_jetpack_memberships_contains_paid_content":false,"footnotes":"","jetpack_publicize_message":"","jetpack_publicize_feature_enabled":true,"jetpack_social_post_already_shared":true,"jetpack_social_options":{"image_generator_settings":{"template":"highway","default_image_id":0,"font":"","enabled":false},"version":2}},"categories":[65,6,10,27],"tags":[222,247],"class_list":["post-32298","post","type-post","status-publish","format-standard","hentry","category-c78-internacional","category-s5-juventude","category-s19-opiniao","category-c27-ujc","tag-2b","tag-jd"],"jetpack_publicize_connections":[],"jetpack_featured_media_url":"","jetpack_shortlink":"https:\/\/wp.me\/p659gw-8oW","jetpack-related-posts":[],"jetpack_likes_enabled":true,"jetpack_sharing_enabled":true,"_links":{"self":[{"href":"https:\/\/pcb.org.br\/portal2\/wp-json\/wp\/v2\/posts\/32298","targetHints":{"allow":["GET"]}}],"collection":[{"href":"https:\/\/pcb.org.br\/portal2\/wp-json\/wp\/v2\/posts"}],"about":[{"href":"https:\/\/pcb.org.br\/portal2\/wp-json\/wp\/v2\/types\/post"}],"author":[{"embeddable":true,"href":"https:\/\/pcb.org.br\/portal2\/wp-json\/wp\/v2\/users\/8"}],"replies":[{"embeddable":true,"href":"https:\/\/pcb.org.br\/portal2\/wp-json\/wp\/v2\/comments?post=32298"}],"version-history":[{"count":1,"href":"https:\/\/pcb.org.br\/portal2\/wp-json\/wp\/v2\/posts\/32298\/revisions"}],"predecessor-version":[{"id":32300,"href":"https:\/\/pcb.org.br\/portal2\/wp-json\/wp\/v2\/posts\/32298\/revisions\/32300"}],"wp:attachment":[{"href":"https:\/\/pcb.org.br\/portal2\/wp-json\/wp\/v2\/media?parent=32298"}],"wp:term":[{"taxonomy":"category","embeddable":true,"href":"https:\/\/pcb.org.br\/portal2\/wp-json\/wp\/v2\/categories?post=32298"},{"taxonomy":"post_tag","embeddable":true,"href":"https:\/\/pcb.org.br\/portal2\/wp-json\/wp\/v2\/tags?post=32298"}],"curies":[{"name":"wp","href":"https:\/\/api.w.org\/{rel}","templated":true}]}}