{"id":32347,"date":"2024-12-12T20:06:48","date_gmt":"2024-12-12T23:06:48","guid":{"rendered":"https:\/\/pcb.org.br\/portal2\/?p=32347"},"modified":"2024-12-12T20:06:48","modified_gmt":"2024-12-12T23:06:48","slug":"o-futuro-digno-depende-de-nossa-luta-hoje","status":"publish","type":"post","link":"https:\/\/pcb.org.br\/portal2\/32347","title":{"rendered":"O futuro digno depende de nossa luta hoje!"},"content":{"rendered":"<p><img data-recalc-dims=\"1\" loading=\"lazy\" decoding=\"async\" data-attachment-id=\"32348\" data-permalink=\"https:\/\/pcb.org.br\/portal2\/32347\/image-3-32\" data-orig-file=\"https:\/\/i0.wp.com\/pcb.org.br\/portal2\/wp-content\/uploads\/2024\/12\/image-3.png?fit=1590%2C895&amp;ssl=1\" data-orig-size=\"1590,895\" data-comments-opened=\"0\" data-image-meta=\"{&quot;aperture&quot;:&quot;0&quot;,&quot;credit&quot;:&quot;&quot;,&quot;camera&quot;:&quot;&quot;,&quot;caption&quot;:&quot;&quot;,&quot;created_timestamp&quot;:&quot;0&quot;,&quot;copyright&quot;:&quot;&quot;,&quot;focal_length&quot;:&quot;0&quot;,&quot;iso&quot;:&quot;0&quot;,&quot;shutter_speed&quot;:&quot;0&quot;,&quot;title&quot;:&quot;&quot;,&quot;orientation&quot;:&quot;0&quot;}\" data-image-title=\"image (3)\" data-image-description=\"\" data-image-caption=\"\" data-large-file=\"https:\/\/i0.wp.com\/pcb.org.br\/portal2\/wp-content\/uploads\/2024\/12\/image-3.png?fit=747%2C421&amp;ssl=1\" class=\"alignnone size-large wp-image-32348\" src=\"https:\/\/i0.wp.com\/pcb.org.br\/portal2\/wp-content\/uploads\/2024\/12\/image-3.png?resize=747%2C421&#038;ssl=1\" alt=\"\" width=\"747\" height=\"421\" srcset=\"https:\/\/i0.wp.com\/pcb.org.br\/portal2\/wp-content\/uploads\/2024\/12\/image-3.png?resize=900%2C507&amp;ssl=1 900w, https:\/\/i0.wp.com\/pcb.org.br\/portal2\/wp-content\/uploads\/2024\/12\/image-3.png?resize=300%2C169&amp;ssl=1 300w, https:\/\/i0.wp.com\/pcb.org.br\/portal2\/wp-content\/uploads\/2024\/12\/image-3.png?resize=768%2C432&amp;ssl=1 768w, https:\/\/i0.wp.com\/pcb.org.br\/portal2\/wp-content\/uploads\/2024\/12\/image-3.png?resize=1536%2C865&amp;ssl=1 1536w, https:\/\/i0.wp.com\/pcb.org.br\/portal2\/wp-content\/uploads\/2024\/12\/image-3.png?resize=388%2C220&amp;ssl=1 388w, https:\/\/i0.wp.com\/pcb.org.br\/portal2\/wp-content\/uploads\/2024\/12\/image-3.png?w=1590&amp;ssl=1 1590w\" sizes=\"auto, (max-width: 747px) 100vw, 747px\" \/><!--more--><\/p>\n<p>UNI\u00c3O DA JUVENTUDE COMUNISTA (UJC)<\/p>\n<p>No dia 10 de dezembro, data que assinala o Dia dos Direitos Humanos, trabalhadores, estudantes e movimentos sociais tomaram as ruas em uma mobiliza\u00e7\u00e3o nacional para exigir a puni\u00e7\u00e3o dos articuladores da intentona golpista de 2022\/2023 e denunciar os retrocessos impostos \u00e0 classe trabalhadora e \u00e0 juventude. Os ataques aos nossos direitos s\u00e3o incessantes, e, por isso, nossa luta por uma nova sociedade deve ser incans\u00e1vel!<\/p>\n<p>No Brasil, carregamos uma hist\u00f3ria vergonhosa de anistia aos criminosos da ditadura empresarial-militar, que usurparam o Estado para sustentar o imperialismo, matando e torturando in\u00fameros brasileiros. Enquanto esses criminosos, cujos nomes ainda estampam ruas, est\u00e1tuas, cargos e emblemas, morrem de velhice, a classe trabalhadora \u00e9 levada a esquecer as hist\u00f3rias dos desaparecidos, exilados e perseguidos desse per\u00edodo, enquanto enfrenta a crescente precariza\u00e7\u00e3o de suas condi\u00e7\u00f5es de vida.<\/p>\n<p>Essa impunidade pavimentou o caminho para os golpistas de hoje, que atentam contra as liberdades democr\u00e1ticas, a soberania popular e os direitos das massas trabalhadoras. Jamais deixaremos de clamar por Mem\u00f3ria, Verdade e Justi\u00e7a! A luta pelo nosso passado deve acender ainda mais a chama da defesa do nosso futuro!<\/p>\n<p>Al\u00e9m disso, \u00e9 necess\u00e1rio destacar que a melhoria nas condi\u00e7\u00f5es de vida dos brasileiros passa pela redu\u00e7\u00e3o da jornada de trabalho sem redu\u00e7\u00e3o salarial e pelo fim da escala 6\u00d71. \u00c9 preciso romper com a l\u00f3gica produtivista que coloca os lucros acima das vidas.<\/p>\n<p>Precisamos combater os retrocessos que est\u00e3o sendo pautados nos legislativos e executivos do pa\u00eds! \u00c9 hora de enterrar a PEC 164\/2012 \u2013 a \u201cPEC do Estupro\u201d! Essa medida, fruto do negacionismo e do fundamentalismo religioso, amea\u00e7a os direitos das v\u00edtimas de viol\u00eancia sexual, impedindo que crian\u00e7as1, pessoas v\u00edtimas de estupro e gestantes com risco de morte tenham acesso ao aborto legal. \u00c9 pela vida das gestantes, porque crian\u00e7a n\u00e3o \u00e9 m\u00e3e e estupradores n\u00e3o s\u00e3o pais, que precisamos derrotar esse projeto de lei!<\/p>\n<p>S\u00e3o muitos os retrocessos avan\u00e7ando em nossas cidades, estados e tamb\u00e9m na esfera federal.<\/p>\n<p>Com o an\u00fancio do novo pacote fiscal, o Governo Lula demonstra seu compromisso com a austeridade fiscal, evidenciando a quem serve: a burguesia. Por outro lado, restringe ainda mais o j\u00e1 defasado or\u00e7amento para sa\u00fade, educa\u00e7\u00e3o e demais \u00e1reas de interesse social. Rejeitamos o Novo Arcabou\u00e7o Fiscal! Que a burguesia pague pela crise, n\u00e3o a classe trabalhadora!<\/p>\n<p>Diante de tantos problemas, h\u00e1 apenas uma sa\u00edda: a luta organizada da nossa classe! A verdadeira democracia s\u00f3 ser\u00e1 alcan\u00e7ada com o Poder Popular rumo ao Socialismo.2<\/p>\n<p>Comiss\u00e3o Nacional de Agita\u00e7\u00e3o e Propaganda da UJC<\/p>\n<p>UJC: A JUVENTUDE DO PARTIDO COMUNISTA BRASILEIRO (PCB)<\/p>\n<p>Notas de Rodap\u00e9<\/p>\n<p>1. Vale lembrar que, no Brasil, em 75% dos casos de viol\u00eancia sexual, as v\u00edtimas s\u00e3o crian\u00e7as ou adolescentes. <a href=\"https:\/\/ujc.org.br\/10-12-ato-unificado\/#dfe19269-3afc-4919-ae5a-316fe3cc8850-link\">\u21a9\ufe0e<\/a><br \/>\n2. Leia tamb\u00e9m a nota \u201cCombater a Extrema-direita e os Pacotes Antipopulares!\u201c, do Partido Comunista Brasileiro (PCB).<a href=\"https:\/\/ujc.org.br\/10-12-ato-unificado\/#74a175d4-9e01-4cc0-9dde-d3d2c5ed61ac-link\">\u21a9\ufe0e<\/a><\/p>\n<p>&nbsp;<\/p>\n","protected":false},"excerpt":{"rendered":"<a class=\"moretag\" href=\"https:\/\/pcb.org.br\/portal2\/32347\"> <\/a>","protected":false},"author":8,"featured_media":0,"comment_status":"closed","ping_status":"closed","sticky":false,"template":"","format":"standard","meta":{"jetpack_post_was_ever_published":false,"_jetpack_newsletter_access":"","_jetpack_dont_email_post_to_subs":false,"_jetpack_newsletter_tier_id":0,"_jetpack_memberships_contains_paywalled_content":false,"_jetpack_memberships_contains_paid_content":false,"footnotes":"","jetpack_publicize_message":"","jetpack_publicize_feature_enabled":true,"jetpack_social_post_already_shared":true,"jetpack_social_options":{"image_generator_settings":{"template":"highway","default_image_id":0,"font":"","enabled":false},"version":2}},"categories":[6,27],"tags":[225],"class_list":["post-32347","post","type-post","status-publish","format-standard","hentry","category-s5-juventude","category-c27-ujc","tag-4a"],"jetpack_publicize_connections":[],"jetpack_featured_media_url":"","jetpack_shortlink":"https:\/\/wp.me\/p659gw-8pJ","jetpack-related-posts":[],"jetpack_likes_enabled":true,"jetpack_sharing_enabled":true,"_links":{"self":[{"href":"https:\/\/pcb.org.br\/portal2\/wp-json\/wp\/v2\/posts\/32347","targetHints":{"allow":["GET"]}}],"collection":[{"href":"https:\/\/pcb.org.br\/portal2\/wp-json\/wp\/v2\/posts"}],"about":[{"href":"https:\/\/pcb.org.br\/portal2\/wp-json\/wp\/v2\/types\/post"}],"author":[{"embeddable":true,"href":"https:\/\/pcb.org.br\/portal2\/wp-json\/wp\/v2\/users\/8"}],"replies":[{"embeddable":true,"href":"https:\/\/pcb.org.br\/portal2\/wp-json\/wp\/v2\/comments?post=32347"}],"version-history":[{"count":1,"href":"https:\/\/pcb.org.br\/portal2\/wp-json\/wp\/v2\/posts\/32347\/revisions"}],"predecessor-version":[{"id":32349,"href":"https:\/\/pcb.org.br\/portal2\/wp-json\/wp\/v2\/posts\/32347\/revisions\/32349"}],"wp:attachment":[{"href":"https:\/\/pcb.org.br\/portal2\/wp-json\/wp\/v2\/media?parent=32347"}],"wp:term":[{"taxonomy":"category","embeddable":true,"href":"https:\/\/pcb.org.br\/portal2\/wp-json\/wp\/v2\/categories?post=32347"},{"taxonomy":"post_tag","embeddable":true,"href":"https:\/\/pcb.org.br\/portal2\/wp-json\/wp\/v2\/tags?post=32347"}],"curies":[{"name":"wp","href":"https:\/\/api.w.org\/{rel}","templated":true}]}}