{"id":32377,"date":"2024-12-26T20:51:16","date_gmt":"2024-12-26T23:51:16","guid":{"rendered":"https:\/\/pcb.org.br\/portal2\/?p=32377"},"modified":"2024-12-26T20:51:16","modified_gmt":"2024-12-26T23:51:16","slug":"crianca-nao-e-mae","status":"publish","type":"post","link":"https:\/\/pcb.org.br\/portal2\/32377","title":{"rendered":"CRIAN\u00c7A N\u00c3O \u00c9 M\u00c3E!"},"content":{"rendered":"<p><img decoding=\"async\" class=\"imagem\" title=\"imagem\" src=\"https:\/\/i0.wp.com\/saibamais.jor.br\/wp-content\/uploads\/2024\/06\/image_processing20240613-1359206-1vtvy3.webp\" alt=\"imagem\" \/><!--more-->Governo Federal se alia ao discurso da direita fundamentalista e vota contra resolu\u00e7\u00e3o do CONANDA<\/p>\n<p>O Partido Comunista Brasileiro &#8211; PCB denuncia a atitude fascista da Senadora Damares Alves, que moveu a\u00e7\u00e3o jur\u00eddica contra a resolu\u00e7\u00e3o do Conselho Nacional dos Direitos da Crian\u00e7a e do Adolescente (CONANDA) sobre o aborto legal humanizado para crian\u00e7as e adolescentes v\u00edtimas de estupro &#8211; antes mesmo de ser publicada.<\/p>\n<p>Na a\u00e7\u00e3o da senadora direitista, foi usado o mesmo discurso do Governo Federal contr\u00e1rio \u00e0 aprova\u00e7\u00e3o da resolu\u00e7\u00e3o, alegando que a decis\u00e3o dos conselheiros e conselheiras da sociedade civil n\u00e3o \u00e9 v\u00e1lida.<\/p>\n<p>O PCB afirma o seu apoio \u00e0 resolu\u00e7\u00e3o aprovada no \u00faltimo dia 23 de dezembro de 2024, que disp\u00f5e sobre o atendimento de crian\u00e7as e adolescentes v\u00edtimas de viol\u00eancia sexual, assegurando os seus direitos e contra a gravidez na inf\u00e2ncia.<\/p>\n<p>Elogiamos a postura dos 15 conselheiros representantes das organiza\u00e7\u00f5es da sociedade civil e ao mesmo tempo repudiamos a atitude dos 13 conselheiros representantes do Governo Federal que, em un\u00edssono, uniram-se ao coro da direita fundamentalista.<\/p>\n<p>Crian\u00e7a n\u00e3o \u00e9 m\u00e3e e estuprador n\u00e3o \u00e9 pai !<\/p>\n<p>Partido Comunista Brasileiro &#8211; PCB<br \/>\nComit\u00ea Central<\/p>\n<p>25 de dezembro de 2024.<\/p>\n","protected":false},"excerpt":{"rendered":"<a class=\"moretag\" href=\"https:\/\/pcb.org.br\/portal2\/32377\"> <\/a>","protected":false},"author":1,"featured_media":0,"comment_status":"closed","ping_status":"closed","sticky":false,"template":"","format":"standard","meta":{"jetpack_post_was_ever_published":false,"_jetpack_newsletter_access":"","_jetpack_dont_email_post_to_subs":false,"_jetpack_newsletter_tier_id":0,"_jetpack_memberships_contains_paywalled_content":false,"_jetpack_memberships_contains_paid_content":false,"footnotes":"","jetpack_publicize_message":"","jetpack_publicize_feature_enabled":true,"jetpack_social_post_already_shared":true,"jetpack_social_options":{"image_generator_settings":{"template":"highway","default_image_id":0,"font":"","enabled":false},"version":2}},"categories":[26],"tags":[221],"class_list":["post-32377","post","type-post","status-publish","format-standard","hentry","category-c25-notas-politicas-do-pcb","tag-2a"],"jetpack_publicize_connections":[],"jetpack_featured_media_url":"","jetpack_shortlink":"https:\/\/wp.me\/p659gw-8qd","jetpack-related-posts":[],"jetpack_likes_enabled":true,"jetpack_sharing_enabled":true,"_links":{"self":[{"href":"https:\/\/pcb.org.br\/portal2\/wp-json\/wp\/v2\/posts\/32377","targetHints":{"allow":["GET"]}}],"collection":[{"href":"https:\/\/pcb.org.br\/portal2\/wp-json\/wp\/v2\/posts"}],"about":[{"href":"https:\/\/pcb.org.br\/portal2\/wp-json\/wp\/v2\/types\/post"}],"author":[{"embeddable":true,"href":"https:\/\/pcb.org.br\/portal2\/wp-json\/wp\/v2\/users\/1"}],"replies":[{"embeddable":true,"href":"https:\/\/pcb.org.br\/portal2\/wp-json\/wp\/v2\/comments?post=32377"}],"version-history":[{"count":1,"href":"https:\/\/pcb.org.br\/portal2\/wp-json\/wp\/v2\/posts\/32377\/revisions"}],"predecessor-version":[{"id":32378,"href":"https:\/\/pcb.org.br\/portal2\/wp-json\/wp\/v2\/posts\/32377\/revisions\/32378"}],"wp:attachment":[{"href":"https:\/\/pcb.org.br\/portal2\/wp-json\/wp\/v2\/media?parent=32377"}],"wp:term":[{"taxonomy":"category","embeddable":true,"href":"https:\/\/pcb.org.br\/portal2\/wp-json\/wp\/v2\/categories?post=32377"},{"taxonomy":"post_tag","embeddable":true,"href":"https:\/\/pcb.org.br\/portal2\/wp-json\/wp\/v2\/tags?post=32377"}],"curies":[{"name":"wp","href":"https:\/\/api.w.org\/{rel}","templated":true}]}}