{"id":32406,"date":"2025-01-02T21:02:03","date_gmt":"2025-01-03T00:02:03","guid":{"rendered":"https:\/\/pcb.org.br\/portal2\/?p=32406"},"modified":"2025-01-02T21:02:03","modified_gmt":"2025-01-03T00:02:03","slug":"opp-89-pela-jornada-de-30-horas-sem-reducao-salarial","status":"publish","type":"post","link":"https:\/\/pcb.org.br\/portal2\/32406","title":{"rendered":"OPP 89: pela jornada de 30 horas sem redu\u00e7\u00e3o salarial!"},"content":{"rendered":"<p><img decoding=\"async\" class=\"imagem\" title=\"imagem\" src=\"https:\/\/i0.wp.com\/lh3.googleusercontent.com\/pw\/AP1GczOXRoSEjgj4KUlCTVrG2btdxZhILMM_fzpWLOM480mpKO3ldcHNudDAVAYeDxzjfWXdzTzYfJIymXerUF-1i9MqmaeWAVoiO2Co41HDmbFS3B9x3R3RQnA02NSQ-ni8IqiEipQKRI-2U4gBkXhwnN5oSw=w439-h625-s-no\" alt=\"imagem\" \/><!--more-->Mat\u00e9rias:<\/p>\n<p>P\u00e1gina 2: EDITORIAL \u2013 Combater a extrema-direita e os pacotes antipopulares!<\/p>\n<p>P\u00e1gina 3: Unidade Classista &#8211; Pela jornada de 30 horas semanais sem redu\u00e7\u00e3o salarial<\/p>\n<p>P\u00e1gina 4: CFCAM &#8211; O direito reprodutivo das mulheres e a PEC do fim da vida<\/p>\n<p>P\u00e1gina 5: Lutas nos Estados \u2013 Vit\u00f3ria hist\u00f3rica do Movimento por Moradia \/ Luta contra a chuva de veneno no Cear\u00e1<\/p>\n<p>P\u00e1ginas 6 e 7: UJC &#8211; O saldo pol\u00edtico de 2024<\/p>\n<p>P\u00e1gina 8: Movimento Popular \u2013 Encontro da OPA no Maranh\u00e3o<\/p>\n<p>P\u00e1gina 9: TEORIA E PR\u00c1TICA \u2013 A contribui\u00e7\u00e3o de L\u00eanin \u00e0s lutas dos povos e das na\u00e7\u00f5es oprimidas<\/p>\n<p>P\u00e1gina 10: Mem\u00f3ria Viva \u2013 66 anos da Revolu\u00e7\u00e3o Cubana \/ Celia S\u00e1nchez, hero\u00edna do povo cubano<\/p>\n<p>P\u00e1gina 11: Kemal Okuyan (TKP) \u2013 a divis\u00e3o da S\u00edria pelo imperialismo<\/p>\n<p>P\u00e1gina 12: Funda\u00e7\u00e3o Dinarco Reis &#8211; Friedrich Engels, muito mais que um &#8220;segundo violino&#8221;<\/p>\n<p>Conselho Editorial (Comiss\u00e3o Nacional de Comunica\u00e7\u00e3o do PCB): Edmilson Costa, Ant\u00f4nio Lima Jr., Fabio Bezerra, Lucas Silva MTB 0092795, Nath\u00e1lia Mozer, Renata Regina, Ricardo Costa, Roberto Arrais (jornalista respons\u00e1vel \u2013 985\/DRT \u2013 FENAJ).<\/p>\n<p>Colaboradores desta edi\u00e7\u00e3o: Caio Garcia, Chico Malta, CFCAM Cear\u00e1, Coordena\u00e7\u00f5es Nacionais da UJC e da Unidade Classista, Funda\u00e7\u00e3o Dinarco Reis, Muniz Ferreira, Kemal Okuyan (TKP), Sofia Manzano e Solidnet.<\/p>\n<hr \/>\n<div align=\"center\">\n<p>Leitura:<\/p>\n<p><a href=\"https:\/\/drive.google.com\/open?id=1DCO_wo_U-Sl7iX5liPQXOlg4SMZE51y2\" target=\"_blank\" rel=\"noopener noreferrer\"><img loading=\"lazy\" decoding=\"async\" class=\"\" src=\"https:\/\/i0.wp.com\/pcb.org.br\/portal\/images\/stories\/download1.png?resize=48%2C48\" width=\"48\" height=\"48\" \/><\/a><\/p>\n<hr \/>\n<p>Impress\u00e3o:<\/p>\n<p><a href=\"https:\/\/drive.google.com\/open?id=1bnWUBO4fK7pUXcRpVnIiAxwM0sKUxkNc\" target=\" rel=\" rel=\"noopener\"><img loading=\"lazy\" decoding=\"async\" class=\"\" src=\"https:\/\/i0.wp.com\/pcb.org.br\/portal\/images\/stories\/download1.png?resize=48%2C48\" width=\"48\" height=\"48\" \/><\/a><\/p>\n<\/div>\n","protected":false},"excerpt":{"rendered":"<a class=\"moretag\" href=\"https:\/\/pcb.org.br\/portal2\/32406\"> <\/a>","protected":false},"author":1,"featured_media":0,"comment_status":"closed","ping_status":"closed","sticky":false,"template":"","format":"standard","meta":{"jetpack_post_was_ever_published":false,"_jetpack_newsletter_access":"","_jetpack_dont_email_post_to_subs":false,"_jetpack_newsletter_tier_id":0,"_jetpack_memberships_contains_paywalled_content":false,"_jetpack_memberships_contains_paid_content":false,"footnotes":"","jetpack_publicize_message":"","jetpack_publicize_feature_enabled":true,"jetpack_social_post_already_shared":true,"jetpack_social_options":{"image_generator_settings":{"template":"highway","default_image_id":0,"font":"","enabled":false},"version":2}},"categories":[140],"tags":[223,229],"class_list":["post-32406","post","type-post","status-publish","format-standard","hentry","category-c140-jornal-o-poder-popular","tag-3a","tag-opprecente"],"jetpack_publicize_connections":[],"jetpack_featured_media_url":"","jetpack_shortlink":"https:\/\/wp.me\/p659gw-8qG","jetpack-related-posts":[],"jetpack_likes_enabled":true,"jetpack_sharing_enabled":true,"_links":{"self":[{"href":"https:\/\/pcb.org.br\/portal2\/wp-json\/wp\/v2\/posts\/32406","targetHints":{"allow":["GET"]}}],"collection":[{"href":"https:\/\/pcb.org.br\/portal2\/wp-json\/wp\/v2\/posts"}],"about":[{"href":"https:\/\/pcb.org.br\/portal2\/wp-json\/wp\/v2\/types\/post"}],"author":[{"embeddable":true,"href":"https:\/\/pcb.org.br\/portal2\/wp-json\/wp\/v2\/users\/1"}],"replies":[{"embeddable":true,"href":"https:\/\/pcb.org.br\/portal2\/wp-json\/wp\/v2\/comments?post=32406"}],"version-history":[{"count":1,"href":"https:\/\/pcb.org.br\/portal2\/wp-json\/wp\/v2\/posts\/32406\/revisions"}],"predecessor-version":[{"id":32407,"href":"https:\/\/pcb.org.br\/portal2\/wp-json\/wp\/v2\/posts\/32406\/revisions\/32407"}],"wp:attachment":[{"href":"https:\/\/pcb.org.br\/portal2\/wp-json\/wp\/v2\/media?parent=32406"}],"wp:term":[{"taxonomy":"category","embeddable":true,"href":"https:\/\/pcb.org.br\/portal2\/wp-json\/wp\/v2\/categories?post=32406"},{"taxonomy":"post_tag","embeddable":true,"href":"https:\/\/pcb.org.br\/portal2\/wp-json\/wp\/v2\/tags?post=32406"}],"curies":[{"name":"wp","href":"https:\/\/api.w.org\/{rel}","templated":true}]}}