{"id":32425,"date":"2025-01-09T19:58:35","date_gmt":"2025-01-09T22:58:35","guid":{"rendered":"https:\/\/pcb.org.br\/portal2\/?p=32425"},"modified":"2025-01-09T19:58:35","modified_gmt":"2025-01-09T22:58:35","slug":"em-defesa-do-controle-social-da-internet","status":"publish","type":"post","link":"https:\/\/pcb.org.br\/portal2\/32425","title":{"rendered":"Em defesa do controle social da internet"},"content":{"rendered":"<p><img data-recalc-dims=\"1\" loading=\"lazy\" decoding=\"async\" data-attachment-id=\"32426\" data-permalink=\"https:\/\/pcb.org.br\/portal2\/32425\/mobile-phone-426559_960_720\" data-orig-file=\"https:\/\/i0.wp.com\/pcb.org.br\/portal2\/wp-content\/uploads\/2025\/01\/mobile-phone-426559_960_720.jpg?fit=960%2C678&amp;ssl=1\" data-orig-size=\"960,678\" data-comments-opened=\"0\" data-image-meta=\"{&quot;aperture&quot;:&quot;0&quot;,&quot;credit&quot;:&quot;&quot;,&quot;camera&quot;:&quot;&quot;,&quot;caption&quot;:&quot;&quot;,&quot;created_timestamp&quot;:&quot;0&quot;,&quot;copyright&quot;:&quot;&quot;,&quot;focal_length&quot;:&quot;0&quot;,&quot;iso&quot;:&quot;0&quot;,&quot;shutter_speed&quot;:&quot;0&quot;,&quot;title&quot;:&quot;&quot;,&quot;orientation&quot;:&quot;0&quot;}\" data-image-title=\"mobile-phone-426559_960_720\" data-image-description=\"\" data-image-caption=\"\" data-large-file=\"https:\/\/i0.wp.com\/pcb.org.br\/portal2\/wp-content\/uploads\/2025\/01\/mobile-phone-426559_960_720.jpg?fit=747%2C528&amp;ssl=1\" class=\"alignnone size-large wp-image-32426\" src=\"https:\/\/i0.wp.com\/pcb.org.br\/portal2\/wp-content\/uploads\/2025\/01\/mobile-phone-426559_960_720.jpg?resize=747%2C528&#038;ssl=1\" alt=\"\" width=\"747\" height=\"528\" srcset=\"https:\/\/i0.wp.com\/pcb.org.br\/portal2\/wp-content\/uploads\/2025\/01\/mobile-phone-426559_960_720.jpg?resize=900%2C636&amp;ssl=1 900w, https:\/\/i0.wp.com\/pcb.org.br\/portal2\/wp-content\/uploads\/2025\/01\/mobile-phone-426559_960_720.jpg?resize=300%2C212&amp;ssl=1 300w, https:\/\/i0.wp.com\/pcb.org.br\/portal2\/wp-content\/uploads\/2025\/01\/mobile-phone-426559_960_720.jpg?resize=768%2C542&amp;ssl=1 768w, https:\/\/i0.wp.com\/pcb.org.br\/portal2\/wp-content\/uploads\/2025\/01\/mobile-phone-426559_960_720.jpg?resize=120%2C85&amp;ssl=1 120w, https:\/\/i0.wp.com\/pcb.org.br\/portal2\/wp-content\/uploads\/2025\/01\/mobile-phone-426559_960_720.jpg?w=960&amp;ssl=1 960w\" sizes=\"auto, (max-width: 747px) 100vw, 747px\" \/><!--more--><\/p>\n<h1>Total rep\u00fadio \u00e0s declara\u00e7\u00f5es de Zuckerberg!<\/h1>\n<p>Nota Pol\u00edtica do Partido Comunista Brasileiro (PCB)<\/p>\n<p>O recente pronunciamento de Mark Zuckerberg, dono do Facebook e do Instagram, de que essas duas redes n\u00e3o mais far\u00e3o a chamada checagem dos fatos, ou seja, n\u00e3o haver\u00e1 mais a verifica\u00e7\u00e3o da veracidade das informa\u00e7\u00f5es contidas nas postagens, \u00e9 extremamente grave. No pronunciamento, Zuckerberg atacou o Supremo Tribunal Federal, ao se referir a \u201ctribunais secretos\u201d existentes nos pa\u00edses da Am\u00e9rica Latina que estariam tentando restringir a atua\u00e7\u00e3o das redes e interferir na \u201cliberdade de express\u00e3o\u201d advogada por ele para suas empresas de comunica\u00e7\u00e3o.<\/p>\n<p>Esse fato se soma \u00e0 tentativa de outro bilion\u00e1rio estadunidense e megaempres\u00e1rio das comunica\u00e7\u00f5es (e de muitos outros setores) Elon Musk, dono do \u201cX\u201d (antigo Twitter) de desconsiderar a legisla\u00e7\u00e3o brasileira que normatiza o registro e o funcionamento das redes no Brasil e desobedecer as decis\u00f5es do STF. Zuckerberg e Musk s\u00e3o fi\u00e9is apoiadores de Donald Trump, e Musk ter\u00e1 status de ministro no novo governo dos Estados Unidos.<\/p>\n<p>Essas empresas s\u00e3o utilizadas por bilh\u00f5es de pessoas por todo o planeta, influenciando o comportamento e a forma\u00e7\u00e3o de opini\u00e3o em jovens e adultos. A \u201cliberdade de express\u00e3o\u201d a que Musk e Zuckerberg se referem \u00e9 aquela que viabiliza a prolifera\u00e7\u00e3o de informa\u00e7\u00f5es falsas para uso pol\u00edtico e permite a divulga\u00e7\u00e3o de ideias e valores torpes e a indu\u00e7\u00e3o a a\u00e7\u00f5es e comportamentos criminosos. Esta liberaliza\u00e7\u00e3o sob o manto da liberdade de express\u00e3o visa disseminar o \u00f3dio entre pessoas, escondendo a verdadeira contradi\u00e7\u00e3o de classe.<\/p>\n<p>Na lista das informa\u00e7\u00f5es falsas est\u00e3o a nega\u00e7\u00e3o da necessidade de vacina\u00e7\u00e3o contra a Covid (e outras doen\u00e7as), a caracteriza\u00e7\u00e3o dos imigrantes presentes ilegalmente no territ\u00f3rio dos EUA como delinquentes que comem cachorros \u2013 usadas intensamente por Trump em seu governo anterior e na sua recente campanha \u00e0 reelei\u00e7\u00e3o \u2013, de quem aqueles que recebem bolsa-fam\u00edlia n\u00e3o querem trabalhar, de que LGBTs s\u00e3o pessoas doentes.<\/p>\n<p>Essa lista inclui a defesa de golpes contra o Estado de Direito (mesmo nos moldes limitados da democracia burguesa), como tentado, no Brasil, em 8 de janeiro de 2023, e em 6 de janeiro de 2021, nos EUA, a defesa da liberdade dos policiais de matar suspeitos conforme seu pr\u00f3prio julgamento, a defesa de posturas mis\u00f3ginas e racistas, a defesa do ultraliberalismo com a retirada de todo e qualquer direito dos trabalhadores e das trabalhadoras, as justificativas para a explora\u00e7\u00e3o do trabalho sob condi\u00e7\u00f5es de exaust\u00e3o e extrema precariedade, a isen\u00e7\u00e3o da cobran\u00e7a de impostos aos ricos. Al\u00e9m, \u00e9 claro, de permitir o livre com\u00e9rcio de armas e a divulga\u00e7\u00e3o de exemplos e incentivos a atos como o suic\u00eddio, a anorexia e a automutila\u00e7\u00e3o.<\/p>\n<p>Esse uso abusivo das redes \u00e9 uma ferramenta \u2013 muito forte \u2013 de constru\u00e7\u00e3o pol\u00edtica e ideol\u00f3gica que beneficia diretamente o grande capital, do pensamento mais conservador e reacion\u00e1rio caracter\u00edstico da extrema direita, presente no atual governo Trump e muito ativa no Brasil. O exemplo j\u00e1 tinha sido dado pelo ministro da Propaganda de Hitler, Goebbels, que afirmava que \u201cuma mentira repetida mil vezes vira verdade\u201d e atuava organizadamente para promover a pretensa superioridade da ra\u00e7a ariana, oprimir e exterminar os inimigos \u2013 internos e externos \u2013 criados pelo Reich. As posturas de Musk e Zuckerberg reafirmam o projeto de imposi\u00e7\u00e3o dos interesses dos grandes empres\u00e1rios dos EUA \u00e0 Am\u00e9rica Latina, subjugando governos e povos da regi\u00e3o.<\/p>\n<p>\u00c9 necess\u00e1ria uma postura firme do governo brasileiro e de todas as for\u00e7as que combatem o nazifascismo e lutam por justi\u00e7a e igualdade social para impedir que tais empresas atuem dessa forma no Brasil. \u00c9 preciso que seja promovido um grande debate na sociedade brasileira para que se estabele\u00e7a uma legisla\u00e7\u00e3o s\u00f3lida prevendo o controle democr\u00e1tico e social da internet, com a verifica\u00e7\u00e3o das informa\u00e7\u00f5es divulgadas em todas as m\u00eddias e possibilidade de indiciamento dos que tentam divulgar fake News ou postagens de natureza torpe.<\/p>\n<p><strong>Comit\u00ea Central do Partido Comunista Brasileiro (PCB)<\/strong><\/p>\n","protected":false},"excerpt":{"rendered":"<a class=\"moretag\" href=\"https:\/\/pcb.org.br\/portal2\/32425\"> <\/a>","protected":false},"author":8,"featured_media":0,"comment_status":"closed","ping_status":"closed","sticky":false,"template":"","format":"standard","meta":{"jetpack_post_was_ever_published":false,"_jetpack_newsletter_access":"","_jetpack_dont_email_post_to_subs":false,"_jetpack_newsletter_tier_id":0,"_jetpack_memberships_contains_paywalled_content":false,"_jetpack_memberships_contains_paid_content":false,"footnotes":"","jetpack_publicize_message":"","jetpack_publicize_feature_enabled":true,"jetpack_social_post_already_shared":true,"jetpack_social_options":{"image_generator_settings":{"template":"highway","default_image_id":0,"font":"","enabled":false},"version":2}},"categories":[26],"tags":[226,246],"class_list":["post-32425","post","type-post","status-publish","format-standard","hentry","category-c25-notas-politicas-do-pcb","tag-4b","tag-np"],"jetpack_publicize_connections":[],"jetpack_featured_media_url":"","jetpack_shortlink":"https:\/\/wp.me\/p659gw-8qZ","jetpack-related-posts":[],"jetpack_likes_enabled":true,"jetpack_sharing_enabled":true,"_links":{"self":[{"href":"https:\/\/pcb.org.br\/portal2\/wp-json\/wp\/v2\/posts\/32425","targetHints":{"allow":["GET"]}}],"collection":[{"href":"https:\/\/pcb.org.br\/portal2\/wp-json\/wp\/v2\/posts"}],"about":[{"href":"https:\/\/pcb.org.br\/portal2\/wp-json\/wp\/v2\/types\/post"}],"author":[{"embeddable":true,"href":"https:\/\/pcb.org.br\/portal2\/wp-json\/wp\/v2\/users\/8"}],"replies":[{"embeddable":true,"href":"https:\/\/pcb.org.br\/portal2\/wp-json\/wp\/v2\/comments?post=32425"}],"version-history":[{"count":1,"href":"https:\/\/pcb.org.br\/portal2\/wp-json\/wp\/v2\/posts\/32425\/revisions"}],"predecessor-version":[{"id":32427,"href":"https:\/\/pcb.org.br\/portal2\/wp-json\/wp\/v2\/posts\/32425\/revisions\/32427"}],"wp:attachment":[{"href":"https:\/\/pcb.org.br\/portal2\/wp-json\/wp\/v2\/media?parent=32425"}],"wp:term":[{"taxonomy":"category","embeddable":true,"href":"https:\/\/pcb.org.br\/portal2\/wp-json\/wp\/v2\/categories?post=32425"},{"taxonomy":"post_tag","embeddable":true,"href":"https:\/\/pcb.org.br\/portal2\/wp-json\/wp\/v2\/tags?post=32425"}],"curies":[{"name":"wp","href":"https:\/\/api.w.org\/{rel}","templated":true}]}}