{"id":32472,"date":"2025-01-22T16:08:48","date_gmt":"2025-01-22T19:08:48","guid":{"rendered":"https:\/\/pcb.org.br\/portal2\/?p=32472"},"modified":"2025-01-22T16:08:48","modified_gmt":"2025-01-22T19:08:48","slug":"declaracao-do-partido-comunista-palestino-2","status":"publish","type":"post","link":"https:\/\/pcb.org.br\/portal2\/32472","title":{"rendered":"Declara\u00e7\u00e3o do Partido Comunista Palestino"},"content":{"rendered":"<p><img data-recalc-dims=\"1\" loading=\"lazy\" decoding=\"async\" data-attachment-id=\"32473\" data-permalink=\"https:\/\/pcb.org.br\/portal2\/32472\/palestinian-communist-party-logo\" data-orig-file=\"https:\/\/i0.wp.com\/pcb.org.br\/portal2\/wp-content\/uploads\/2025\/01\/Palestinian-Communist-Party-logo.jpg?fit=960%2C441&amp;ssl=1\" data-orig-size=\"960,441\" data-comments-opened=\"0\" data-image-meta=\"{&quot;aperture&quot;:&quot;0&quot;,&quot;credit&quot;:&quot;&quot;,&quot;camera&quot;:&quot;&quot;,&quot;caption&quot;:&quot;&quot;,&quot;created_timestamp&quot;:&quot;0&quot;,&quot;copyright&quot;:&quot;&quot;,&quot;focal_length&quot;:&quot;0&quot;,&quot;iso&quot;:&quot;0&quot;,&quot;shutter_speed&quot;:&quot;0&quot;,&quot;title&quot;:&quot;&quot;,&quot;orientation&quot;:&quot;0&quot;}\" data-image-title=\"Palestinian-Communist-Party-logo\" data-image-description=\"\" data-image-caption=\"\" data-large-file=\"https:\/\/i0.wp.com\/pcb.org.br\/portal2\/wp-content\/uploads\/2025\/01\/Palestinian-Communist-Party-logo.jpg?fit=747%2C343&amp;ssl=1\" class=\"alignnone size-large wp-image-32473\" src=\"https:\/\/i0.wp.com\/pcb.org.br\/portal2\/wp-content\/uploads\/2025\/01\/Palestinian-Communist-Party-logo.jpg?resize=747%2C343&#038;ssl=1\" alt=\"\" width=\"747\" height=\"343\" srcset=\"https:\/\/i0.wp.com\/pcb.org.br\/portal2\/wp-content\/uploads\/2025\/01\/Palestinian-Communist-Party-logo.jpg?resize=900%2C413&amp;ssl=1 900w, https:\/\/i0.wp.com\/pcb.org.br\/portal2\/wp-content\/uploads\/2025\/01\/Palestinian-Communist-Party-logo.jpg?resize=300%2C138&amp;ssl=1 300w, https:\/\/i0.wp.com\/pcb.org.br\/portal2\/wp-content\/uploads\/2025\/01\/Palestinian-Communist-Party-logo.jpg?resize=768%2C353&amp;ssl=1 768w, https:\/\/i0.wp.com\/pcb.org.br\/portal2\/wp-content\/uploads\/2025\/01\/Palestinian-Communist-Party-logo.jpg?w=960&amp;ssl=1 960w\" sizes=\"auto, (max-width: 747px) 100vw, 747px\" \/><!--more--><\/p>\n<p>\u00c0 luz da evolu\u00e7\u00e3o da situa\u00e7\u00e3o e da implementa\u00e7\u00e3o do acordo de cessar-fogo na Faixa de Gaza, o Partido Comunista Palestino apresenta uma vis\u00e3o preliminar sobre este acordo, considerando-o um ponto de viragem no curso do conflito palestino-sionista.<\/p>\n<p>Em primeiro lugar, estendemos as nossas mais calorosas sauda\u00e7\u00f5es ao nosso povo \u00e1rabe palestino na Faixa de Gaza, em particular pelo fracasso desta agress\u00e3o e pela imposi\u00e7\u00e3o de um cessar-fogo a este inimigo fascista, apesar da extens\u00e3o da destrui\u00e7\u00e3o e dos grandes sacrif\u00edcios. Sauda\u00e7\u00f5es aos nossos valentes presos nas pris\u00f5es de ocupa\u00e7\u00e3o, que em breve abra\u00e7ar\u00e3o a liberdade.<\/p>\n<p>Tornou-se claro que a administra\u00e7\u00e3o estadunidense controla o curso da pol\u00edtica sionista, uma vez que as declara\u00e7\u00f5es do presidente eleito dos EUA, Donald Trump, provaram que o imperialismo norte-americano \u00e9 a principal for\u00e7a que impulsiona a decis\u00e3o sionista. Nem o lobby sionista nem os desejos do primeiro-ministro fascista Benjamin Netanyahu podem influenciar significativamente a pol\u00edtica americana na regi\u00e3o. Assim, qualquer acordo assinado com a ocupa\u00e7\u00e3o sionista e os EUA suscita preocupa\u00e7\u00e3o, especialmente se for constru\u00eddo por etapas. Na verdade, as partes envolvidas, sejam os Estados Unidos da Am\u00e9rica, a entidade sionista ou os seus aliados pretendiam subjugar completamente a Faixa de Gaza, libertar os prisioneiros israelenses e eliminar a resist\u00eancia palestina. No entanto, a resist\u00eancia em Gaza, a firmeza do nosso povo na Faixa de Gaza e a sua recusa em ser deslocado apesar do horror dos massacres, e as frentes de apoio combinadas no L\u00edbano, I\u00eamen, Iraque, Ir\u00e3 e S\u00edria, frustraram todas estas metas.<\/p>\n<p>O conflito transformou-se numa guerra para libertar prisioneiros israelenses em vez de uma batalha para libertar a Palestina ou Jerusal\u00e9m, o que real\u00e7a os efeitos da implementa\u00e7\u00e3o dos temidos Acordos de Oslo, que retiraram a maioria do povo palestino do c\u00edrculo de resist\u00eancia, rumo a uma fase de subjuga\u00e7\u00e3o pol\u00edtica. Contudo, a quest\u00e3o mais importante continua a ser o futuro do setor ap\u00f3s a implementa\u00e7\u00e3o do acordo. Embora haja falta de informa\u00e7\u00e3o sobre a data final para a retirada das for\u00e7as israelenses e o futuro da Faixa de Gaza, deve se notar que os partidos ocidentais procuram estabelecer a hegemonia estadunidense sobre a regi\u00e3o, que est\u00e1 atualmente se cristalizando na anexa\u00e7\u00e3o da Cisjord\u00e2nia \u00e0 entidade sionista e acelerando o processo de normaliza\u00e7\u00e3o entre os pa\u00edses \u00e1rabes e a entidade-estado.<\/p>\n<p>Al\u00e9m disso, n\u00e3o se pode ignorar que a pr\u00f3xima fase poder\u00e1 testemunhar uma mudan\u00e7a no esfor\u00e7o militar dos EUA em dire\u00e7\u00e3o ao I\u00eamen, ao Iraque, ao L\u00edbano e ao Ir\u00e3, a fim de eliminar as For\u00e7as de Mobiliza\u00e7\u00e3o Popular no Iraque e o Hezbollah no L\u00edbano, e de manter a press\u00e3o sobre o Ir\u00e3, especialmente \u00e0 luz do acordo estrat\u00e9gico entre este pa\u00eds e a R\u00fassia. Estas a\u00e7\u00f5es militares visam fortalecer a hegemonia estadunidense na regi\u00e3o \u00e0 custa dos povos da regi\u00e3o \u00e1rabe.<\/p>\n<p>Se o acordo for implementado, o nosso povo palestino ver-se-\u00e1 confrontado com um novo direito na Cisjord\u00e2nia, onde ter\u00e1 de defender a sua exist\u00eancia e os seus direitos. As massas palestinas em Gaza e na Cisjord\u00e2nia permanecer\u00e3o em confronto permanente com a ocupa\u00e7\u00e3o para preservar a sua dignidade e sobreviv\u00eancia, o que requer uma posi\u00e7\u00e3o palestina unificada contra qualquer forma de normaliza\u00e7\u00e3o com a ocupa\u00e7\u00e3o sionista. \u00c9 preciso acabar com a divis\u00e3o entre os palestinos e reestruturar a Organiza\u00e7\u00e3o para a Liberta\u00e7\u00e3o da Palestina [OLP] com base no nacionalismo revolucion\u00e1rio, que inclua todas as fac\u00e7\u00f5es da a\u00e7\u00e3o nacional sem exce\u00e7\u00e3o e impe\u00e7a a exclusividade da decis\u00e3o palestina em favor de um grupo com uma vis\u00e3o estreita.<\/p>\n<p>Esta guerra mostrou claramente que o chamado conflito de seitas \u00e9 um conflito criado pelo imperialismo estadunidense e pelos seus aliados na regi\u00e3o. Apesar disso, a verdadeira unidade \u00e9 evidente na resist\u00eancia palestina e \u00e1rabe, que expressa uma vontade popular \u00fanica que transcende todas as divis\u00f5es sect\u00e1rias, \u00e9tnicas e pol\u00edticas. Da mesma forma, os pa\u00edses \u00e1rabes e isl\u00e2micos, que estavam sujeitos \u00e0 hegemonia dos EUA, n\u00e3o se encontraram numa batalha cujo t\u00edtulo era Al-Aqsa e as Santidades, pois os reacion\u00e1rios \u00e1rabes e turcos conspiraram com os Estados Unidos e Israel e atingiram o eixo da resist\u00eancia ao permitir que grupos terroristas apoiados pelo Ocidente e por Israel controlem a S\u00edria e a retirem do c\u00edrculo de conflito, o que \u00e9 considerado um golpe forte para as for\u00e7as de resist\u00eancia na regi\u00e3o \u00e1rabe.<\/p>\n<p>Ao mesmo tempo, as for\u00e7as de resist\u00eancia no I\u00eamen, Gaza e L\u00edbano provaram que, quando a vontade do povo se une \u00e0 resist\u00eancia militar, pode derrotar os ex\u00e9rcitos mais poderosos do mundo. Este modelo de resist\u00eancia constitui a resposta militar eficaz contra a superioridade militar estadunidense e israelense, e mostra o fracasso dos ex\u00e9rcitos regulares em confrontar a vontade do povo.<\/p>\n<p>Apesar da dor que Gaza est\u00e1 sofrendo, continuar\u00e1 a ser um s\u00edmbolo que combina esperan\u00e7a e tristeza, um testemunho da lend\u00e1ria firmeza do seu povo e da sua insist\u00eancia na vida. A vontade palestina \u00e9 mais forte do que todos os desafios, e o nosso povo continuar\u00e1 a lutar para alcan\u00e7ar os seus direitos leg\u00edtimos \u00e0 liberdade e \u00e0 autodetermina\u00e7\u00e3o, independentemente de qu\u00e3o grandes sejam as dificuldades e qu\u00e3o grandes sejam os sacrif\u00edcios.<\/p>\n<p>Partido Comunista Palestino<\/p>\n","protected":false},"excerpt":{"rendered":"<a class=\"moretag\" href=\"https:\/\/pcb.org.br\/portal2\/32472\"> <\/a>","protected":false},"author":8,"featured_media":0,"comment_status":"closed","ping_status":"closed","sticky":false,"template":"","format":"standard","meta":{"jetpack_post_was_ever_published":false,"_jetpack_newsletter_access":"","_jetpack_dont_email_post_to_subs":false,"_jetpack_newsletter_tier_id":0,"_jetpack_memberships_contains_paywalled_content":false,"_jetpack_memberships_contains_paid_content":false,"footnotes":"","jetpack_publicize_message":"","jetpack_publicize_feature_enabled":true,"jetpack_social_post_already_shared":true,"jetpack_social_options":{"image_generator_settings":{"template":"highway","default_image_id":0,"font":"","enabled":false},"version":2}},"categories":[181,37,242,65,9,146,255,10,71,78],"tags":[226],"class_list":["post-32472","post","type-post","status-publish","format-standard","hentry","category-asia","category-c42-comunistas","category-eipco","category-c78-internacional","category-s10-internacional","category-internacionalismo","category-israel","category-s19-opiniao","category-c84-solidariedade","category-c91-solidariedade-a-palestina","tag-4b"],"jetpack_publicize_connections":[],"jetpack_featured_media_url":"","jetpack_shortlink":"https:\/\/wp.me\/p659gw-8rK","jetpack-related-posts":[],"jetpack_likes_enabled":true,"jetpack_sharing_enabled":true,"_links":{"self":[{"href":"https:\/\/pcb.org.br\/portal2\/wp-json\/wp\/v2\/posts\/32472","targetHints":{"allow":["GET"]}}],"collection":[{"href":"https:\/\/pcb.org.br\/portal2\/wp-json\/wp\/v2\/posts"}],"about":[{"href":"https:\/\/pcb.org.br\/portal2\/wp-json\/wp\/v2\/types\/post"}],"author":[{"embeddable":true,"href":"https:\/\/pcb.org.br\/portal2\/wp-json\/wp\/v2\/users\/8"}],"replies":[{"embeddable":true,"href":"https:\/\/pcb.org.br\/portal2\/wp-json\/wp\/v2\/comments?post=32472"}],"version-history":[{"count":1,"href":"https:\/\/pcb.org.br\/portal2\/wp-json\/wp\/v2\/posts\/32472\/revisions"}],"predecessor-version":[{"id":32474,"href":"https:\/\/pcb.org.br\/portal2\/wp-json\/wp\/v2\/posts\/32472\/revisions\/32474"}],"wp:attachment":[{"href":"https:\/\/pcb.org.br\/portal2\/wp-json\/wp\/v2\/media?parent=32472"}],"wp:term":[{"taxonomy":"category","embeddable":true,"href":"https:\/\/pcb.org.br\/portal2\/wp-json\/wp\/v2\/categories?post=32472"},{"taxonomy":"post_tag","embeddable":true,"href":"https:\/\/pcb.org.br\/portal2\/wp-json\/wp\/v2\/tags?post=32472"}],"curies":[{"name":"wp","href":"https:\/\/api.w.org\/{rel}","templated":true}]}}