{"id":3249,"date":"2012-07-29T23:01:25","date_gmt":"2012-07-29T23:01:25","guid":{"rendered":"http:\/\/pcb.org.br\/portal2\/?p=3249"},"modified":"2012-07-29T23:01:25","modified_gmt":"2012-07-29T23:01:25","slug":"boitempo-curso-livre-marx-engels","status":"publish","type":"post","link":"https:\/\/pcb.org.br\/portal2\/3249","title":{"rendered":"Boitempo &#8211; Curso Livre Marx-Engels"},"content":{"rendered":"\n<p><a href=\"http:\/\/boitempoeditorial.files.wordpress.com\/2012\/07\/cartaz-curso-marx-engels_convite_inteiro1.jpg\" target=\"_blank\"><img decoding=\"async\" src=\"https:\/\/mail.google.com\/mail\/u\/0\/?ui=2&amp;ik=75175ffdb2&amp;view=att&amp;th=138d4cf12fa33340&amp;attid=0.2&amp;disp=emb&amp;zw&amp;atsh=1\" border=\"0\" \/><\/a><\/p>\n<p align=\"center\"><strong>Curso Livre Marx-Engels<\/strong><\/p>\n<p>A Boitempo Editorial, em parceria com o Centro de Pesquisas 28 de Agosto e o Sindicato dos Banc\u00e1rios de S\u00e3o Paulo, promove em 2012 a terceira edi\u00e7\u00e3o do &#8220;Curso Livre Marx-Engels&#8221;. As aulas \u2013 ministradas por alguns dos mais importantes acad\u00eamicos do Brasil \u2013 ser\u00e3o baseadas nos livros editados pela Boitempo e abertas a todos os interessados em ler e estudar a colossal obra desses dois fil\u00f3sofos.<\/p>\n<p>Os professores participantes s\u00e3o: Alysson Mascaro, Antonio Carlos Mazzeo, Antonio Rago, Arlene Clemesha, Emir Sader, Jos\u00e9 Paulo Netto, Mario Duayer, Michael L\u00f6wy e Ruy Braga.<\/p>\n<p>O curso discutir\u00e1 os 15 livros da cole\u00e7\u00e3o Marx-Engels. Os encontros, realizados aos s\u00e1bados, ter\u00e3o dura\u00e7\u00e3o de 6 horas, divididos em duas aulas, uma no per\u00edodo da manh\u00e3 e outra \u00e0 tarde. As aulas acontecem a partir do dia 18\/08 at\u00e9 22\/09, com apenas um recesso no dia 08\/09.<\/p>\n<p>As inscri\u00e7\u00f5es acontecer\u00e3o entre o dia 1\u00ba e 13 de agosto pelo\u00a0<a href=\"http:\/\/boitempoeditorial.wordpress.com\/\" target=\"_blank\">Blog da Boitempo<\/a>. Mais detalhes sobre o processo e o formul\u00e1rio de inscri\u00e7\u00e3o ser\u00e3o postados no blog no dia 1\u00ba pela manh\u00e3. As vagas s\u00e3o limitadas. Haver\u00e1 emiss\u00e3o de certificados.<\/p>\n<p>Os livros abordados ser\u00e3o:<\/p>\n<p>1.\u00a0<a href=\"http:\/\/www.boitempo.com\/livro_completo.php?isbn=978-85-7559-073-7\" target=\"_blank\">A ideologia alem\u00e3<\/a>, de Karl Marx e Friedrich Engels<\/p>\n<p>2.\u00a0<a href=\"http:\/\/www.boitempo.com\/livro_completo.php?isbn=85-85934-23-9\" target=\"_blank\">Manifesto comunista<\/a>, de Karl Marx e Friedrich Engels<\/p>\n<p>3.\u00a0<a href=\"http:\/\/www.boitempo.com\/livro_completo.php?isbn=978-85-7559-189-5\" target=\"_blank\">Cr\u00edtica ao Programa de Gotha<\/a>, de Karl Marx<\/p>\n<p>4.\u00a0<a href=\"http:\/\/www.boitempo.com\/livro_completo.php?isbn=978-85-7559-144-4\" target=\"_blank\">Sobre a quest\u00e3o judaica<\/a>, de Karl Marx<\/p>\n<p>5.\u00a0<a href=\"http:\/\/www.boitempo.com\/livro_completo.php?isbn=85-7559-078-2\" target=\"_blank\">Sobre o suic\u00eddio<\/a>, de Karl Marx<\/p>\n<p>6.\u00a0<a href=\"http:\/\/www.boitempo.com\/livro_completo.php?isbn=85-7559-064-2\" target=\"_blank\">Cr\u00edtica da filosofia do direito de Hegel<\/a>, de Karl Marx<\/p>\n<p>7.\u00a0<a href=\"http:\/\/boitempoeditorial.wordpress.com\/\" target=\"_blank\">O socialismo jur\u00eddico<\/a>, de Friedrich Engels e Karl Kautsky<\/p>\n<p>8.\u00a0<a href=\"http:\/\/www.boitempo.com\/livro_completo.php?isbn=85-7559-032-4\" target=\"_blank\">A sagrada fam\u00edlia<\/a>, de Karl Marx e Friedrich Engels<\/p>\n<p>9.\u00a0<a href=\"http:\/\/www.boitempo.com\/livro_completo.php?isbn=978-85-7559-172-7\" target=\"_blank\">Grundrisse<\/a>, de Karl Marx<\/p>\n<p>10.\u00a0<a href=\"http:\/\/www.boitempo.com\/livro_completo.php?isbn=978-85-7559-173-4\" target=\"_blank\">A guerra civil na Fran\u00e7a<\/a>, de Karl Marx<\/p>\n<p>11.\u00a0<a href=\"http:\/\/www.boitempo.com\/livro_completo.php?isbn=978-85-7559-171-0\" target=\"_blank\">O 18 de brum\u00e1rio de Lu\u00eds Bonaparte<\/a>, de Karl Marx<\/p>\n<p>12.\u00a0<a href=\"http:\/\/www.boitempo.com\/livro_completo.php?isbn=978-85-7559-104-8\" target=\"_blank\">A situa\u00e7\u00e3o da classe trabalhadora na Inglaterra<\/a>, de Friedrich Engels<\/p>\n<p>13.\u00a0<a href=\"http:\/\/www.boitempo.com\/livro_completo.php?isbn=85-7559-002-2\" target=\"_blank\">Manuscritos econ\u00f4mico-filos\u00f3ficos<\/a>, de Karl Marx<\/p>\n<p>14.\u00a0<a href=\"http:\/\/www.boitempo.com\/livro_completo.php?isbn=978-85-7559-149-9\" target=\"_blank\">Lutas de classes na Alemanha<\/a>, de Karl Marx e Friedrich Engels<\/p>\n<p>15. Lutas de classes na Fran\u00e7a, de Karl Marx e Friedrich Engels (lan\u00e7amento em setembro)<\/p>\n<p>Confira a programa\u00e7\u00e3o completa\u00a0<a href=\"http:\/\/boitempoeditorial.files.wordpress.com\/2012\/07\/cartaz-curso-marx-engels_convite_inteiro1.jpg\" target=\"_blank\">aqui<\/a>.<\/p>\n<p>Curso Livre Marx-Engels<\/p>\n<p>18\/08 a 22\/09 | aos s\u00e1bados | das 10 \u00e0s 13h (manh\u00e3) e das 14h \u00e0s 17h (tarde)<\/p>\n<p>Sindicato dos Banc\u00e1rios de S\u00e3o Paulo &#8211; R. S\u00e3o Bento, 413 | Centro (pr\u00f3ximo ao metr\u00f4 S\u00e3o Bento)<\/p>\n<p>Com Alysson Mascaro, Antonio Carlos Mazzeo, Antonio Rago, Arlene Clemesha, Emir Sader, Jos\u00e9 Paulo Netto, Mario Duayer, Michael L\u00f6wy e Ruy Braga.<\/p>\n<p>Inscri\u00e7\u00f5es pelo Blog da Boitempo | Vagas limitadas | Haver\u00e1 emiss\u00e3o de certificados.<\/p>\n<hr \/>\n<p align=\"justify\">Mais Informa\u00e7\u00f5es:<\/p>\n<p>Ana Yumi Kajiki<\/p>\n<p><a>comunicacao@boitempoeditorial.com.br<\/a><\/p>\n<p><a href=\"tel:55%2011%203875%207285\" target=\"_blank\">55 11 3875 7285<\/a><\/p>\n<p><a href=\"tel:55%2011%208777%206210\" target=\"_blank\">55 11 8777 6210<\/a><\/p>\n<p>Boitempo Editorial<\/p>\n<p><a href=\"http:\/\/www.boitempoeditorial.com.br\/\" target=\"_blank\">Conhe\u00e7a o site da Boitempo<\/a><\/p>\n<p><a href=\"http:\/\/boitempoeditorial.wordpress.com\/\" target=\"_blank\">Conhe\u00e7a o blog da Boitempo<\/a><\/p>\n<p><a href=\"http:\/\/twitter.com\/editoraboitempo\/\" target=\"_blank\">Siga o perfil da Boitempo no Twitter<\/a><\/p>\n<p><a href=\"http:\/\/www.facebook.com\/pages\/Boitempo-Editorial\/173366462711465\" target=\"_blank\">Acompanhe a p\u00e1gina da Boitempo no Facebook<\/a><\/p>\n","protected":false},"excerpt":{"rendered":"\nCURSO LIVRE MARX-ENGELS\n<a class=\"moretag\" href=\"https:\/\/pcb.org.br\/portal2\/3249\"> <\/a>","protected":false},"author":1,"featured_media":0,"comment_status":"open","ping_status":"open","sticky":false,"template":"","format":"standard","meta":{"jetpack_post_was_ever_published":false,"_jetpack_newsletter_access":"","_jetpack_dont_email_post_to_subs":false,"_jetpack_newsletter_tier_id":0,"_jetpack_memberships_contains_paywalled_content":false,"_jetpack_memberships_contains_paid_content":false,"footnotes":"","jetpack_publicize_message":"","jetpack_publicize_feature_enabled":true,"jetpack_social_post_already_shared":false,"jetpack_social_options":{"image_generator_settings":{"template":"highway","default_image_id":0,"font":"","enabled":false},"version":2}},"categories":[50],"tags":[],"class_list":["post-3249","post","type-post","status-publish","format-standard","hentry","category-c61-cultura-revolucionaria"],"jetpack_publicize_connections":[],"jetpack_featured_media_url":"","jetpack_shortlink":"https:\/\/wp.me\/p659gw-Qp","jetpack-related-posts":[],"jetpack_likes_enabled":true,"jetpack_sharing_enabled":true,"_links":{"self":[{"href":"https:\/\/pcb.org.br\/portal2\/wp-json\/wp\/v2\/posts\/3249","targetHints":{"allow":["GET"]}}],"collection":[{"href":"https:\/\/pcb.org.br\/portal2\/wp-json\/wp\/v2\/posts"}],"about":[{"href":"https:\/\/pcb.org.br\/portal2\/wp-json\/wp\/v2\/types\/post"}],"author":[{"embeddable":true,"href":"https:\/\/pcb.org.br\/portal2\/wp-json\/wp\/v2\/users\/1"}],"replies":[{"embeddable":true,"href":"https:\/\/pcb.org.br\/portal2\/wp-json\/wp\/v2\/comments?post=3249"}],"version-history":[{"count":0,"href":"https:\/\/pcb.org.br\/portal2\/wp-json\/wp\/v2\/posts\/3249\/revisions"}],"wp:attachment":[{"href":"https:\/\/pcb.org.br\/portal2\/wp-json\/wp\/v2\/media?parent=3249"}],"wp:term":[{"taxonomy":"category","embeddable":true,"href":"https:\/\/pcb.org.br\/portal2\/wp-json\/wp\/v2\/categories?post=3249"},{"taxonomy":"post_tag","embeddable":true,"href":"https:\/\/pcb.org.br\/portal2\/wp-json\/wp\/v2\/tags?post=3249"}],"curies":[{"name":"wp","href":"https:\/\/api.w.org\/{rel}","templated":true}]}}