{"id":32526,"date":"2025-02-10T11:42:33","date_gmt":"2025-02-10T14:42:33","guid":{"rendered":"https:\/\/pcb.org.br\/portal2\/?p=32526"},"modified":"2025-02-10T11:42:33","modified_gmt":"2025-02-10T14:42:33","slug":"limpeza-etnica-esta-em-curso-ha-80-anos","status":"publish","type":"post","link":"https:\/\/pcb.org.br\/portal2\/32526","title":{"rendered":"Limpeza \u00e9tnica est\u00e1 em curso h\u00e1 80 anos"},"content":{"rendered":"<p><img data-recalc-dims=\"1\" loading=\"lazy\" decoding=\"async\" data-attachment-id=\"32527\" data-permalink=\"https:\/\/pcb.org.br\/portal2\/32526\/unnamed-1-10\" data-orig-file=\"https:\/\/i0.wp.com\/pcb.org.br\/portal2\/wp-content\/uploads\/2025\/02\/unnamed-1.jpg?fit=705%2C470&amp;ssl=1\" data-orig-size=\"705,470\" data-comments-opened=\"0\" data-image-meta=\"{&quot;aperture&quot;:&quot;0&quot;,&quot;credit&quot;:&quot;&quot;,&quot;camera&quot;:&quot;&quot;,&quot;caption&quot;:&quot;&quot;,&quot;created_timestamp&quot;:&quot;0&quot;,&quot;copyright&quot;:&quot;&quot;,&quot;focal_length&quot;:&quot;0&quot;,&quot;iso&quot;:&quot;0&quot;,&quot;shutter_speed&quot;:&quot;0&quot;,&quot;title&quot;:&quot;&quot;,&quot;orientation&quot;:&quot;0&quot;}\" data-image-title=\"unnamed (1)\" data-image-description=\"\" data-image-caption=\"\" data-large-file=\"https:\/\/i0.wp.com\/pcb.org.br\/portal2\/wp-content\/uploads\/2025\/02\/unnamed-1.jpg?fit=705%2C470&amp;ssl=1\" class=\"alignnone size-full wp-image-32527\" src=\"https:\/\/i0.wp.com\/pcb.org.br\/portal2\/wp-content\/uploads\/2025\/02\/unnamed-1.jpg?resize=705%2C470&#038;ssl=1\" alt=\"\" width=\"705\" height=\"470\" srcset=\"https:\/\/i0.wp.com\/pcb.org.br\/portal2\/wp-content\/uploads\/2025\/02\/unnamed-1.jpg?w=705&amp;ssl=1 705w, https:\/\/i0.wp.com\/pcb.org.br\/portal2\/wp-content\/uploads\/2025\/02\/unnamed-1.jpg?resize=300%2C200&amp;ssl=1 300w\" sizes=\"auto, (max-width: 705px) 100vw, 705px\" \/><!--more--><\/p>\n<p>Cr\u00e9ditosMohammed Saber \/ EPA<\/p>\n<p>Por Jos\u00e9 Goul\u00e3o &#8211; ABRILABRIL<\/p>\n<p>A transforma\u00e7\u00e3o de Gaza, ou pelo menos a sua costa, em empreendimentos habitacionais e tur\u00edsticos fechados j\u00e1 foi testada e esteve em vigor durante quase um quarto de s\u00e9culo.<\/p>\n<p>O bo\u00e7al pato-bravo de neg\u00f3cios globais em comiss\u00e3o de servi\u00e7o na Presid\u00eancia dos Estados Unidos da Am\u00e9rica, Donald Trump, ignorando ostensivamente os filtros do cinismo pol\u00edtico dominante e assumindo a gan\u00e2ncia inerente ao seu empreendedorismo, deitou os olhos gulosos na costa mediterr\u00e2nica da Faixa de Gaza e deduziu que ali se poderia construir uma nova, paradis\u00edaca e altamente lucrativa \u00abRiviera\u00bb.<\/p>\n<p>Sem saber, ou talvez tentando desde j\u00e1 marcar posi\u00e7\u00e3o, o construtor civil-presidente entrou nos terrenos entretanto reclamados pelos colonos sionistas, j\u00e1 que estes h\u00e1 muito tempo reivindicam o regresso \u00e0 Faixa de Gaza para explorarem o para\u00edso segundo os seus pr\u00f3prios interesses.<\/p>\n<p>A transforma\u00e7\u00e3o de Gaza, ou pelo menos a sua costa, em empreendimentos habitacionais e tur\u00edsticos fechados j\u00e1 foi testada e esteve em vigor durante quase um quarto de s\u00e9culo. Os 19 colonatos sionistas existentes na Faixa de Gaza entre 1982 e 2006 eram condom\u00ednios privados e de luxo, protegidos pela tropa de Israel; ocupavam 120 quil\u00f4metros quadrados, um ter\u00e7o do territ\u00f3rio, com sete mil habitantes e uma densidade pr\u00f3xima de 60 habitantes por quil\u00f4metro quadrado. Cerca de milh\u00e3o e meio de palestinos viviam ent\u00e3o em dois ter\u00e7os do enclave, sem acesso ao mar e com uma densidade brutal de sete mil habitantes por quil\u00f4metro quadrado, a mais elevada do mundo, a grande dist\u00e2ncia. A t\u00edtulo de exemplo, a densidade da \u00cdndia \u00e9 de 500 habitantes por quil\u00f4metro quadrado, a da China \u00e9 de 145 e a de Portugal \u00e9 de 115.<\/p>\n<p>Em 2006, o criminoso de guerra Ariel Sharon, ent\u00e3o primeiro-ministro, mandou evacuar os colonatos de Gaza, n\u00e3o por qualquer acesso anticoloniza\u00e7\u00e3o, mas porque pretendia iniciar as ofensivas terroristas regulares contra o territ\u00f3rio, continuadas por Netanyahu, e n\u00e3o queria ter limites na envergadura das opera\u00e7\u00f5es militares por nele habitarem sionistas.<\/p>\n<p>Em termos gerais, poderia haver um impedimento concreto a resolver para que o plano de Trump se concretizasse. No enclave viviam at\u00e9 h\u00e1 pouco, antes de Benjamin Netanyahu lan\u00e7ar esta nova etapa do genoc\u00eddio da popula\u00e7\u00e3o original da Palestina, mais de dois milh\u00f5es de pessoas. Agora h\u00e1 menos, mas muitas das recentemente expulsas est\u00e3o regressando, mesmo que seja para as ru\u00ednas deixadas pelos nazi-sionistas; por\u00e9m, uma vez que a viola\u00e7\u00e3o de cessar-fogo \u00e9 um dos esportes em que Israel se coloca no topo, n\u00e3o tarda que, mais uma vez, sejam obrigadas a seguir o caminho inverso, pelo menos as que restarem vivas.<\/p>\n<p>Para Trump, afinal, n\u00e3o existe qualquer problema. Despacham-se os habitantes do territ\u00f3rio para pa\u00edses \u00e1rabes, que v\u00e3o ter de os acolher e integrar, talvez ignorando que este processo, a vers\u00e3o mais recente de \u00absolu\u00e7\u00e3o final\u00bb, est\u00e1 em curso h\u00e1 quase oitenta anos e sem que haja integra\u00e7\u00e3o. Ele pr\u00f3prio, na pessoa do genro, inventou durante a primeira administra\u00e7\u00e3o os chamados \u00abacordos de Abra\u00e3o\u00bb, que assentavam na transfer\u00eancia dos palestinos de Gaza e da Cisjord\u00e2nia para a pen\u00ednsula eg\u00edpcia do Sinai e para uma modern\u00edssima e imensa cidade criada de raiz, Neom, j\u00e1 em constru\u00e7\u00e3o na prov\u00edncia de Tabuk, na Ar\u00e1bia Saudita, ligada \u00e0 citada Pen\u00ednsula do Sinai passando pelo Golfo de Aqaba e o sul da Jord\u00e2nia. Para n\u00e3o fugir ao esp\u00edrito de um dos objetivos do empreendimento e para que a constru\u00e7\u00e3o de Neom seja concretizada em \u00e1reas despovoadas, j\u00e1 se processou, a mando do governo saudita, uma limpeza \u00e9tnica do territ\u00f3rio, vitimando principalmente a tribo Howeitat.<\/p>\n<p>Os palestinos expulsos para Neom e o Sinai iriam servir principalmente os turistas bilion\u00e1rios que poderiam usufruir em exclusivo das del\u00edcias do Mar Vermelho at\u00e9 ao Mediterr\u00e2neo. A nova \u00abPalestina\u00bb resultaria ent\u00e3o de uma transfer\u00eancia da popula\u00e7\u00e3o de Gaza e da Cisjord\u00e2nia para um territ\u00f3rio desde o Sinai at\u00e9 \u00e0 megal\u00f4mana Neom.<\/p>\n<p>N\u00e3o digam que Trump, na sua heterodoxia pol\u00edtico-empresarial, chamemos-lhe assim, n\u00e3o \u00e9 um vision\u00e1rio. De Gaza a Sharm-el-Sheik e Neom, do Mediterr\u00e2neo ao Mar Vermelho, est\u00e1 na sua mente o maior e mais paradis\u00edaco complexo tur\u00edstico do planeta, acess\u00edvel a meia d\u00fazia de mafiosos que cada vez mais controlam o mundo. N\u00e3o ser\u00e1 esta uma gloriosa antecipa\u00e7\u00e3o do esp\u00edrito do globalismo, esse brilhante futuro para o qual o Ocidente tanto trabalha, mesmo que isso custe a vida e a expuls\u00e3o dos locais de nascimento e resid\u00eancia a milh\u00f5es e milh\u00f5es de seres humanos?<\/p>\n<p>O rei est\u00e1 nu<br \/>\nAqui d\u2019El Rei, grita-se com a mesma convic\u00e7\u00e3o com que as chamadas democracias liberais dizem defender a \u00absolu\u00e7\u00e3o de dois Estados\u00bb na Palestina. Mas o rei est\u00e1 nu. Todo o aranzel em torno de mais esta extravag\u00e2ncia (para levar a s\u00e9rio) de Trump n\u00e3o passa de um fruto natural da imensa estrat\u00e9gia de enganos e mentiras cultivada pela pol\u00edtica dominante para cometer as maiores atrocidades.<\/p>\n<p>De alguns governos at\u00e9 \u00e0 ONU interpretaram-se as palavras de Trump, com uma raz\u00e3o que n\u00e3o lhes pode ser negada, como a inten\u00e7\u00e3o de praticar uma limpeza \u00e9tnica.<\/p>\n<p>Sejamos s\u00e9rios. H\u00e1 muito que a limpeza \u00e9tnica est\u00e1 em curso na Palestina. A \u00abmarcha da morte\u00bb de Lydda em 1948, o massacre da popula\u00e7\u00e3o das aldeias de Deir Yassin, ou o de Ramle, no mesmo ano \u2013 como exemplo das centenas de localidades palestinas \u00abdespovoadas\u00bb na mesma altura \u2013 s\u00e3o epis\u00f3dios equivalentes ao da mortandade em curso em Gaza ou \u00e0 expuls\u00e3o em massa concretizada h\u00e1 dias em Jenin, no Norte da Cisjord\u00e2nia. \u00c9 o mesmo sistema, \u00e9 o mesmo processo: limpeza \u00e9tnica.<\/p>\n<p>No fundo, estas ocorr\u00eancias criminosas s\u00e3o uma inevitabilidade da exist\u00eancia da doutrina nazista, supremacista e racista do sionismo. \u00abUma terra sem povo para um povo sem terra\u00bb foi o primeiro princ\u00edpio fundador do sionismo, h\u00e1 mais de 130 anos. Isto \u00e9, a Palestina estaria desabitada e \u00e0 espera do povo judeu, a quem fora prometida por Deus h\u00e1 tr\u00eas mil anos, atrav\u00e9s da pena de Mois\u00e9s.<\/p>\n<p>A Palestina, por\u00e9m, estava e est\u00e1 povoada por um povo multifacetado e milenar no seio do qual existia uma comunidade perfeitamente integrada de judeus palestinos que, segundo as teses do sionismo, tamb\u00e9m faziam parte, simultaneamente, do \u00abpovo sem terra\u00bb. \u00c9 em mistifica\u00e7\u00f5es como esta que se baseia a exist\u00eancia do Estado de Israel, que n\u00e3o se considera deste mundo, est\u00e1 acima de todos os outros e n\u00e3o se rege por leis terrenas mas sim pelos dogmas do Antigo Testamento, com o seu ineg\u00e1vel cunho de crueldade. Nada disso \u00e9 impeditivo de que o Estado sionista seja venerado por praticamente todos os outros do planeta, como se tivessem m\u00e1 consci\u00eancia pelo Holocausto praticado por Hitler, horror que o sionismo sequestrou e invoca abusivamente e no qual nem s\u00f3 judeus foram chacinados, como reza a Hist\u00f3ria que n\u00e3o \u00e9 conhecida em Israel e nos seus principais aliados.<\/p>\n<p>Uma nota imprescind\u00edvel e que nunca \u00e9 demais repetir. O sionismo n\u00e3o representa \u00abos judeus\u00bb, sejam religiosos, sejam \u00e9tnicos. Os dois conjuntos, sionistas e judeus, est\u00e3o longe de se sobrepor sendo que, por exemplo, n\u00e3o s\u00e3o poucos os crist\u00e3os \u2013 como os energ\u00famenos Biden e Trump \u2013 que se proclamam sionistas.<\/p>\n<p>O sionismo n\u00e3o tem procura\u00e7\u00e3o para invocar o Holocausto nem para se considerar representante de todos os judeus, muitos dos quais \u2013 quem nos diz que n\u00e3o \u00e9 a maioria? \u2013 n\u00e3o se identificam com a limpeza \u00e9tnica e os epis\u00f3dios de genoc\u00eddio cometidos em seu nome e considerados indispens\u00e1veis para que se cumpra a meta do sionismo: a cria\u00e7\u00e3o do Grande Israel, do Nilo ao Eufrates, pelo menos. Essa foi a terra prometida pelo deus dos sionistas, essa \u00e9 a terra que o sionismo quer anexar, sejam quais forem os meios que tenha de utilizar. O juda\u00edsmo n\u00e3o se rege por esses objetivos e ambi\u00e7\u00f5es. O sionismo \u00e9 uma corrup\u00e7\u00e3o do juda\u00edsmo, \u00e9 uma doutrina colonial, desumana e supremacista que considera os outros povos como \u00abestrangeiros\u00bb e sem os mesmos direitos. Nada disso tem a ver com os judeus, o juda\u00edsmo e a sua imensa cultura milenar, de que sobram os grandes exemplos t\u00e9cnicos, cient\u00edficos, econ\u00f4micos e art\u00edsticos \u2013 da literatura \u00e0 m\u00fasica, da pintura, escultura e arquitetura ao cinema.<\/p>\n<p>A realidade demonstrou, naturalmente, que a Palestina era habitada. Para ali se instalarem \u00abos judeus\u00bb era necess\u00e1rio, portanto, expulsar os palestinos. Uma a\u00e7\u00e3o que deveria se fazer, escreveram os te\u00f3ricos sionistas, para criar um Estado \u00abcom um regime de tipo europeu\u00bb. A tal \u00ab\u00fanica democracia do Oriente M\u00e9dio\u00bb, cujos resultados est\u00e3o \u00e0 vista.<\/p>\n<p>Mas se a Palestina estava habitada, encontrou-se maneira de dar a volta \u00e0 realidade e encaix\u00e1-la, \u00e0 for\u00e7a, na doutrina sionista.<\/p>\n<p>Por isso \u00e9 natural ouvir os ministros israelenses de hoje e de ontem, militantes da extrema-direita, fan\u00e1ticos religiosos ou colonos sem quaisquer ra\u00edzes na Palestina \u2013 alguns nem s\u00e3o judeus, na verdadeira acep\u00e7\u00e3o da palavra \u2013 afirmar que os palestinos \u00abn\u00e3o s\u00e3o humanos\u00bb; ou s\u00e3o \u00abb\u00e1rbaros\u00bb, ou \u00abanimais\u00bb, ou \u00abselvagens\u00bb, ou \u00absub-humanos\u00bb; ou \u00abos palestinos e os outros &#8220;goyim&#8221; (estrangeiros e n\u00e3o-judeus) t\u00eam a alma mais pr\u00f3xima da alma dos animais do que da alma de um judeu\u00bb, leia-se, neste caso, de um sionista. Em suma, seres inferiores que devem ser escorra\u00e7ados para que se cumpra \u00aba vontade de Deus\u00bb e, finalmente, aquela terra prometida seja santificada.<\/p>\n<p>Donald Trump enunciou, afinal, com palavras cruas, brutas e inconvenientes para as m\u00e1s consci\u00eancias, principalmente as ocidentais, um conceito que \u00e9 inerente ao sionismo, que n\u00e3o ao juda\u00edsmo.<\/p>\n<p>Esc\u00e2ndalo com o resort de Trump em Gaza? Afinal \u00e9 mais um epis\u00f3dio de uma limpeza \u00e9tnica a que o mundo assiste, \u00e0s vezes palavroso, mas sempre imp\u00e1vido e sereno, h\u00e1 quase 80 anos. Uns governos e coisas do tipo da Uni\u00e3o Europeia insistem, como um mantra, na \u00absolu\u00e7\u00e3o de dois Estados\u00bb sem mexer um dedo para isso; outros manifestam solidariedade com a Palestina e os palestinos e ou n\u00e3o t\u00eam influ\u00eancia ou acham que assim cumprem o seu dever; a ONU arrisca algumas palavras mais acrimoniosas mas tem a faca e o queijo na m\u00e3o para fazer cumprir leis que aprovou e n\u00e3o respeita; para aplicar resolu\u00e7\u00f5es que ignora e armazena umas atr\u00e1s das outras, transformadas em arqueologia diplom\u00e1tica e do direito internacional. Tem as suas \u00abfor\u00e7as de paz\u00bb, que prefere utilizar como tropas coloniais; representa todos os pa\u00edses do planeta mas tem medo de Israel, al\u00e9m de ser incapaz de denunciar o conceito nocivo e t\u00f3xico de sionismo. Teve coragem e autoridade suficientes para impor san\u00e7\u00f5es contra o regime de apartheid na \u00c1frica do Sul, mas n\u00e3o consegue ou n\u00e3o quer fazer o mesmo contra o apartheid em Israel.<\/p>\n<p>Esc\u00e2ndalo com a franqueza de Trump? Talvez motive alguns dirigentes influentes a chocar-se com a ligeireza com que o presidente norte-americano aborda o destino pretendido para os palestinianos e a pensar a s\u00e9rio naqueles seres humanos que lutam para sobreviver no inferno de Gaza em degradantes campos de refugiados e cidades e aldeias arrasadas; e que n\u00e3o podem sequer, por causa do \u00abdireito \u00e0 exist\u00eancia\u00bb do Estado sionista, pisar a areia das praias, pescar artesanalmente ou banhar-se nas t\u00e9pidas \u00e1guas mediterr\u00e2nicas.<\/p>\n<p>H\u00e1 pelo menos alguma agita\u00e7\u00e3o nos meios pol\u00edticos e midi\u00e1ticos, sem d\u00favida, tamb\u00e9m porque Trump, pelo seu fascismo indisfar\u00e7ado, \u00e9 o bumbo da festa das castas pol\u00edticas hip\u00f3critas e bem falantes, apesar de a sua doutrina econ\u00f4mica e pol\u00edtica, na pr\u00e1tica, ser a mesma que guia os nossos dirigentes neoliberais. E se Biden tivesse pronunciado as mesmas palavras que Trump? Seria um presidente criativo ao propor uma solu\u00e7\u00e3o eficaz para o problema de Gaza? Ou apenas mais um crist\u00e3o sionista c\u00famplice de genoc\u00eddio e limpeza \u00e9tnica? Fica a d\u00favida.<\/p>\n<p>Mais tarde do que nunca, dir-se-\u00e1 a prop\u00f3sito do alarido. Neste caso \u00e9 dif\u00edcil que o aforismo seja verdadeiro. Trump e o seu confidente Benjamin Netanyahu \u2013 que, sejamos sinceros, ganhou uma nova vida porque os seus chacras n\u00e3o alinhavam muito bem com os de Biden \u2013 prosseguir\u00e3o a saga iniciada no primeiro mandato do mega pato-bravo e potenciar\u00e3o sinergias genocidas contra o povo palestino; o mundo em redor, principalmente a Ocidente, regressar\u00e1 \u00e0 passividade do costume, incapaz ou sem querer ir al\u00e9m das palavras. Os palestinos continuar\u00e3o sozinhos e desprotegidos, mesmo com a sua inesgot\u00e1vel capacidade de luta e resist\u00eancia, tendo apenas ao seu lado a solidariedade planet\u00e1ria de cidad\u00e3os e organiza\u00e7\u00f5es c\u00edvicas capazes de lhes dar algum alento e cuja efic\u00e1cia dos esfor\u00e7os em desenvolvimento \u00e9 cada vez mais not\u00e1vel.<\/p>\n<p>__________<\/p>\n<p>Esclarecimento preventivo<\/p>\n<p>Este texto n\u00e3o \u00e9 antissemita, apenas desobedece ao decreto sionista que pretende fazer equivaler, mais uma vez abusivamente, o conceito de antissemitismo ao exerc\u00edcio saud\u00e1vel e democr\u00e1tico da cr\u00edtica \u00e0 doutrina sionista e aos comportamentos do Estado de Israel. O sionismo \u00e9, na teoria e na pr\u00e1tica, o conceito mais antissemita aplicado \u00e0 face do planeta pois define como antissemitas os outros povos semitas, designadamente os palestinos e at\u00e9 comunidades judaicas da Palestina contr\u00e1rias \u00e0 exist\u00eancia do Estado de Israel. Quanto aos governos ocidentais que aceitam a defini\u00e7\u00e3o sionista de antissemitismo, pretendendo at\u00e9 criminalizar os desobedientes e imp\u00f4-la no quadro da opini\u00e3o \u00fanica, n\u00e3o passam, eles pr\u00f3prios, de antissemitas.<\/p>\n","protected":false},"excerpt":{"rendered":"<a class=\"moretag\" href=\"https:\/\/pcb.org.br\/portal2\/32526\"> <\/a>","protected":false},"author":8,"featured_media":0,"comment_status":"closed","ping_status":"closed","sticky":false,"template":"","format":"standard","meta":{"jetpack_post_was_ever_published":false,"_jetpack_newsletter_access":"","_jetpack_dont_email_post_to_subs":false,"_jetpack_newsletter_tier_id":0,"_jetpack_memberships_contains_paywalled_content":false,"_jetpack_memberships_contains_paid_content":false,"footnotes":"","jetpack_publicize_message":"","jetpack_publicize_feature_enabled":true,"jetpack_social_post_already_shared":true,"jetpack_social_options":{"image_generator_settings":{"template":"highway","default_image_id":0,"font":"","enabled":false},"version":2}},"categories":[181,65,255,10,78],"tags":[227],"class_list":["post-32526","post","type-post","status-publish","format-standard","hentry","category-asia","category-c78-internacional","category-israel","category-s19-opiniao","category-c91-solidariedade-a-palestina","tag-5a"],"jetpack_publicize_connections":[],"jetpack_featured_media_url":"","jetpack_shortlink":"https:\/\/wp.me\/p659gw-8sC","jetpack-related-posts":[],"jetpack_likes_enabled":true,"jetpack_sharing_enabled":true,"_links":{"self":[{"href":"https:\/\/pcb.org.br\/portal2\/wp-json\/wp\/v2\/posts\/32526","targetHints":{"allow":["GET"]}}],"collection":[{"href":"https:\/\/pcb.org.br\/portal2\/wp-json\/wp\/v2\/posts"}],"about":[{"href":"https:\/\/pcb.org.br\/portal2\/wp-json\/wp\/v2\/types\/post"}],"author":[{"embeddable":true,"href":"https:\/\/pcb.org.br\/portal2\/wp-json\/wp\/v2\/users\/8"}],"replies":[{"embeddable":true,"href":"https:\/\/pcb.org.br\/portal2\/wp-json\/wp\/v2\/comments?post=32526"}],"version-history":[{"count":1,"href":"https:\/\/pcb.org.br\/portal2\/wp-json\/wp\/v2\/posts\/32526\/revisions"}],"predecessor-version":[{"id":32528,"href":"https:\/\/pcb.org.br\/portal2\/wp-json\/wp\/v2\/posts\/32526\/revisions\/32528"}],"wp:attachment":[{"href":"https:\/\/pcb.org.br\/portal2\/wp-json\/wp\/v2\/media?parent=32526"}],"wp:term":[{"taxonomy":"category","embeddable":true,"href":"https:\/\/pcb.org.br\/portal2\/wp-json\/wp\/v2\/categories?post=32526"},{"taxonomy":"post_tag","embeddable":true,"href":"https:\/\/pcb.org.br\/portal2\/wp-json\/wp\/v2\/tags?post=32526"}],"curies":[{"name":"wp","href":"https:\/\/api.w.org\/{rel}","templated":true}]}}