{"id":32532,"date":"2025-02-11T10:47:57","date_gmt":"2025-02-11T13:47:57","guid":{"rendered":"https:\/\/pcb.org.br\/portal2\/?p=32532"},"modified":"2025-02-11T10:47:57","modified_gmt":"2025-02-11T13:47:57","slug":"declaracao-do-partido-comunista-palestino-3","status":"publish","type":"post","link":"https:\/\/pcb.org.br\/portal2\/32532","title":{"rendered":"Declara\u00e7\u00e3o do Partido Comunista Palestino"},"content":{"rendered":"<p><img data-recalc-dims=\"1\" loading=\"lazy\" decoding=\"async\" data-attachment-id=\"32533\" data-permalink=\"https:\/\/pcb.org.br\/portal2\/32532\/pacopa_new\" data-orig-file=\"https:\/\/i0.wp.com\/pcb.org.br\/portal2\/wp-content\/uploads\/2025\/02\/PaCoPa_new.png?fit=253%2C207&amp;ssl=1\" data-orig-size=\"253,207\" data-comments-opened=\"0\" data-image-meta=\"{&quot;aperture&quot;:&quot;0&quot;,&quot;credit&quot;:&quot;&quot;,&quot;camera&quot;:&quot;&quot;,&quot;caption&quot;:&quot;&quot;,&quot;created_timestamp&quot;:&quot;0&quot;,&quot;copyright&quot;:&quot;&quot;,&quot;focal_length&quot;:&quot;0&quot;,&quot;iso&quot;:&quot;0&quot;,&quot;shutter_speed&quot;:&quot;0&quot;,&quot;title&quot;:&quot;&quot;,&quot;orientation&quot;:&quot;0&quot;}\" data-image-title=\"PaCoPa_new\" data-image-description=\"\" data-image-caption=\"\" data-large-file=\"https:\/\/i0.wp.com\/pcb.org.br\/portal2\/wp-content\/uploads\/2025\/02\/PaCoPa_new.png?fit=253%2C207&amp;ssl=1\" class=\"alignnone size-full wp-image-32533\" src=\"https:\/\/i0.wp.com\/pcb.org.br\/portal2\/wp-content\/uploads\/2025\/02\/PaCoPa_new.png?resize=253%2C207&#038;ssl=1\" alt=\"\" width=\"253\" height=\"207\" \/><!--more--><\/p>\n<p>Sobre as declara\u00e7\u00f5es do fascista Donald Trump sobre o deslocamento da popula\u00e7\u00e3o da Faixa de Gaza<\/p>\n<p>As declara\u00e7\u00f5es do fascista e insano presidente dos EUA, Donald Trump, sobre o deslocamento for\u00e7ado dos moradores da Faixa de Gaza e seu reassentamento fora de suas terras n\u00e3o s\u00e3o apenas uma nova amea\u00e7a ao nosso povo palestino, mas sim uma extens\u00e3o da abordagem colonial imperialista que visa liquidar a causa palestina por meio de ferramentas de deslocamento for\u00e7ado e genoc\u00eddio. Esse discurso colonial reflete a ess\u00eancia do sistema capitalista imperialista, que v\u00ea os povos oprimidos como nada mais do que obst\u00e1culos a serem removidos no caminho de seus interesses expansionistas e de sua pilhagem de recursos e riquezas.<\/p>\n<p>A abordagem americana de lidar com Gaza como um mero &#8220;projeto imobili\u00e1rio&#8221; e transform\u00e1-la na &#8220;Riviera do Oriente M\u00e9dio&#8221; reflete a mentalidade capitalista imperialista que lida com povos e p\u00e1trias como mercadorias que podem ser compradas e vendidas, ignorando o sofrimento do nosso povo, que est\u00e1 enfrentando um cerco sufocante e uma agress\u00e3o cont\u00ednua. Essas propostas n\u00e3o teriam sido apresentadas sem o apoio absoluto fornecido pelas pot\u00eancias imperialistas \u00e0 entidade sionista, pois ela \u00e9 uma base avan\u00e7ada para proteger os interesses do capital global em nossa regi\u00e3o.<\/p>\n<p>A resist\u00eancia do nosso povo palestino na Faixa de Gaza e sua lend\u00e1ria firmeza diante da m\u00e1quina de matar sionista provam que nosso povo, apesar do cerco, da fome e dos massacres, n\u00e3o abrir\u00e1 m\u00e3o de seus direitos e n\u00e3o se submeter\u00e1 a projetos de deslocamento e desenraizamento. As ilus\u00f5es da ocupa\u00e7\u00e3o e suas ferramentas imperialistas foram despeda\u00e7adas na rocha dessa firmeza, e a resist\u00eancia em todas as suas formas provou que nosso povo \u00e9 capaz de enfrentar as pot\u00eancias coloniais mais poderosas e que a vontade dos povos \u00e9 mais forte que os ex\u00e9rcitos de agress\u00e3o.<\/p>\n<p>Atacar os campos palestinos na Cisjord\u00e2nia, por meio de destrui\u00e7\u00e3o sistem\u00e1tica e assassinatos di\u00e1rios, confirma que a ocupa\u00e7\u00e3o est\u00e1 bem ciente de que esses campos representam o cerne do conflito e o s\u00edmbolo do direito de retorno, e que sua liquida\u00e7\u00e3o constitui parte do projeto para liquidar a causa palestina. A destrui\u00e7\u00e3o de Jenin, Far&#8217;a, Tulkarm, Nur Shams, Askar, Deheishe e outras fortalezas de firmeza \u00e9 uma tentativa miser\u00e1vel de acabar com o esp\u00edrito de resist\u00eancia que esses campos moldaram ao longo de d\u00e9cadas. Mas, assim como todas as tentativas anteriores de genoc\u00eddio falharam, essas pol\u00edticas n\u00e3o conseguir\u00e3o arrancar nosso povo de suas terras.<\/p>\n<p>N\u00f3s, do Partido Comunista Palestino, afirmamos que o deslocamento do povo de Gaza \u00e9 uma continua\u00e7\u00e3o das pol\u00edticas imperialistas sionistas que come\u00e7aram com a Nakba de 1948, passaram pela Naksa e terminaram com as tentativas cont\u00ednuas de esvaziar a terra palestina de seu povo. O que Trump est\u00e1 propondo hoje \u00e9 uma reprodu\u00e7\u00e3o da mesma abordagem fascista que as pot\u00eancias coloniais do mundo adotaram, desde os massacres genocidas contra povos ind\u00edgenas na Am\u00e9rica at\u00e9 o deslocamento dos povos do sul global em benef\u00edcio da pilhagem capitalista.<\/p>\n<p>A verdadeira solu\u00e7\u00e3o para o sofrimento do nosso povo na Faixa de Gaza, na Cisjord\u00e2nia e em outros lugares onde eles est\u00e3o presentes n\u00e3o est\u00e1 nas propostas coloniais promovidas pelas for\u00e7as imperialistas e sionistas, mas no fim da ocupa\u00e7\u00e3o, na suspens\u00e3o do cerco e na garantia do direito do povo palestino \u00e0 autodetermina\u00e7\u00e3o e ao estabelecimento de seu estado nacional democr\u00e1tico em todo o solo nacional palestino, com Jerusal\u00e9m unificada como sua capital. A luta do povo palestino n\u00e3o \u00e9 uma luta para melhorar as condi\u00e7\u00f5es de escravid\u00e3o dentro do sistema de ocupa\u00e7\u00e3o, mas sim parte da luta internacional contra o sistema capitalista que produz colonialismo e explora\u00e7\u00e3o.<\/p>\n<p>Afirmamos que as massas palestinas n\u00e3o permitir\u00e3o a aprova\u00e7\u00e3o de novos planos de deslocamento, nem aceitar\u00e3o ser tratadas como um fardo do qual devem se livrar de acordo com a vis\u00e3o colonial imperialista. Apelamos a todas as for\u00e7as revolucion\u00e1rias e da classe trabalhadora do mundo para que intensifiquem o confronto contra o imperialismo e o sionismo e trabalhem para construir uma frente internacional contra o fascismo e o capitalismo.<\/p>\n<p>O Partido Comunista Palestino, enquanto luta lado a lado com seu povo, afirma que somente o socialismo \u00e9 capaz de libertar os povos oprimidos e livrar a humanidade dos crimes do imperialismo e do colonialismo. A resist\u00eancia em todas as suas formas \u00e9 um direito leg\u00edtimo dos povos oprimidos, e o povo palestino, que resistiu por d\u00e9cadas, n\u00e3o abrir\u00e1 m\u00e3o de seus direitos e n\u00e3o permitir\u00e1 que esses planos coloniais desesperados sejam aprovados.<\/p>\n<p>Gl\u00f3ria aos m\u00e1rtires, vit\u00f3ria \u00e0 classe trabalhadora e vergonha ao imperialismo e suas ferramentas!<\/p>\n<p>Partido Comunista Palestino<br \/>\n10 de fevereiro de 2025<\/p>\n","protected":false},"excerpt":{"rendered":"<a class=\"moretag\" href=\"https:\/\/pcb.org.br\/portal2\/32532\"> <\/a>","protected":false},"author":8,"featured_media":0,"comment_status":"closed","ping_status":"closed","sticky":false,"template":"","format":"standard","meta":{"jetpack_post_was_ever_published":false,"_jetpack_newsletter_access":"","_jetpack_dont_email_post_to_subs":false,"_jetpack_newsletter_tier_id":0,"_jetpack_memberships_contains_paywalled_content":false,"_jetpack_memberships_contains_paid_content":false,"footnotes":"","jetpack_publicize_message":"","jetpack_publicize_feature_enabled":true,"jetpack_social_post_already_shared":true,"jetpack_social_options":{"image_generator_settings":{"template":"highway","default_image_id":0,"font":"","enabled":false},"version":2}},"categories":[37,242,9,255,78],"tags":[234],"class_list":["post-32532","post","type-post","status-publish","format-standard","hentry","category-c42-comunistas","category-eipco","category-s10-internacional","category-israel","category-c91-solidariedade-a-palestina","tag-6b"],"jetpack_publicize_connections":[],"jetpack_featured_media_url":"","jetpack_shortlink":"https:\/\/wp.me\/p659gw-8sI","jetpack-related-posts":[],"jetpack_likes_enabled":true,"jetpack_sharing_enabled":true,"_links":{"self":[{"href":"https:\/\/pcb.org.br\/portal2\/wp-json\/wp\/v2\/posts\/32532","targetHints":{"allow":["GET"]}}],"collection":[{"href":"https:\/\/pcb.org.br\/portal2\/wp-json\/wp\/v2\/posts"}],"about":[{"href":"https:\/\/pcb.org.br\/portal2\/wp-json\/wp\/v2\/types\/post"}],"author":[{"embeddable":true,"href":"https:\/\/pcb.org.br\/portal2\/wp-json\/wp\/v2\/users\/8"}],"replies":[{"embeddable":true,"href":"https:\/\/pcb.org.br\/portal2\/wp-json\/wp\/v2\/comments?post=32532"}],"version-history":[{"count":1,"href":"https:\/\/pcb.org.br\/portal2\/wp-json\/wp\/v2\/posts\/32532\/revisions"}],"predecessor-version":[{"id":32534,"href":"https:\/\/pcb.org.br\/portal2\/wp-json\/wp\/v2\/posts\/32532\/revisions\/32534"}],"wp:attachment":[{"href":"https:\/\/pcb.org.br\/portal2\/wp-json\/wp\/v2\/media?parent=32532"}],"wp:term":[{"taxonomy":"category","embeddable":true,"href":"https:\/\/pcb.org.br\/portal2\/wp-json\/wp\/v2\/categories?post=32532"},{"taxonomy":"post_tag","embeddable":true,"href":"https:\/\/pcb.org.br\/portal2\/wp-json\/wp\/v2\/tags?post=32532"}],"curies":[{"name":"wp","href":"https:\/\/api.w.org\/{rel}","templated":true}]}}