{"id":32541,"date":"2025-02-17T09:50:01","date_gmt":"2025-02-17T12:50:01","guid":{"rendered":"https:\/\/pcb.org.br\/portal2\/?p=32541"},"modified":"2025-02-17T09:50:01","modified_gmt":"2025-02-17T12:50:01","slug":"estados-unidos-uma-historia-de-terror","status":"publish","type":"post","link":"https:\/\/pcb.org.br\/portal2\/32541","title":{"rendered":"Estados Unidos: uma hist\u00f3ria de terror"},"content":{"rendered":"<p><img data-recalc-dims=\"1\" loading=\"lazy\" decoding=\"async\" data-attachment-id=\"32542\" data-permalink=\"https:\/\/pcb.org.br\/portal2\/32541\/capa-como-brasileiros-se-preparam-para-a-politica-de-deportacao-de-imigrantes-da-nova-era-trump-1-1\" data-orig-file=\"https:\/\/i0.wp.com\/pcb.org.br\/portal2\/wp-content\/uploads\/2025\/02\/Capa-Como-brasileiros-se-preparam-para-a-politica-de-deportacao-de-imigrantes-da-nova-era-Trump-1-1.jpg?fit=1199%2C746&amp;ssl=1\" data-orig-size=\"1199,746\" data-comments-opened=\"0\" data-image-meta=\"{&quot;aperture&quot;:&quot;0&quot;,&quot;credit&quot;:&quot;&quot;,&quot;camera&quot;:&quot;&quot;,&quot;caption&quot;:&quot;&quot;,&quot;created_timestamp&quot;:&quot;0&quot;,&quot;copyright&quot;:&quot;&quot;,&quot;focal_length&quot;:&quot;0&quot;,&quot;iso&quot;:&quot;0&quot;,&quot;shutter_speed&quot;:&quot;0&quot;,&quot;title&quot;:&quot;&quot;,&quot;orientation&quot;:&quot;0&quot;}\" data-image-title=\"Capa-Como-brasileiros-se-preparam-para-a-politica-de-deportacao-de-imigrantes-da-nova-era-Trump-1-1\" data-image-description=\"\" data-image-caption=\"\" data-large-file=\"https:\/\/i0.wp.com\/pcb.org.br\/portal2\/wp-content\/uploads\/2025\/02\/Capa-Como-brasileiros-se-preparam-para-a-politica-de-deportacao-de-imigrantes-da-nova-era-Trump-1-1.jpg?fit=747%2C465&amp;ssl=1\" class=\"alignnone size-large wp-image-32542\" src=\"https:\/\/i0.wp.com\/pcb.org.br\/portal2\/wp-content\/uploads\/2025\/02\/Capa-Como-brasileiros-se-preparam-para-a-politica-de-deportacao-de-imigrantes-da-nova-era-Trump-1-1.jpg?resize=747%2C465&#038;ssl=1\" alt=\"\" width=\"747\" height=\"465\" srcset=\"https:\/\/i0.wp.com\/pcb.org.br\/portal2\/wp-content\/uploads\/2025\/02\/Capa-Como-brasileiros-se-preparam-para-a-politica-de-deportacao-de-imigrantes-da-nova-era-Trump-1-1.jpg?resize=900%2C560&amp;ssl=1 900w, https:\/\/i0.wp.com\/pcb.org.br\/portal2\/wp-content\/uploads\/2025\/02\/Capa-Como-brasileiros-se-preparam-para-a-politica-de-deportacao-de-imigrantes-da-nova-era-Trump-1-1.jpg?resize=300%2C187&amp;ssl=1 300w, https:\/\/i0.wp.com\/pcb.org.br\/portal2\/wp-content\/uploads\/2025\/02\/Capa-Como-brasileiros-se-preparam-para-a-politica-de-deportacao-de-imigrantes-da-nova-era-Trump-1-1.jpg?resize=768%2C478&amp;ssl=1 768w, https:\/\/i0.wp.com\/pcb.org.br\/portal2\/wp-content\/uploads\/2025\/02\/Capa-Como-brasileiros-se-preparam-para-a-politica-de-deportacao-de-imigrantes-da-nova-era-Trump-1-1.jpg?w=1199&amp;ssl=1 1199w\" sizes=\"auto, (max-width: 747px) 100vw, 747px\" \/><!--more--><\/p>\n<p>Imagem: Ag\u00eancia P\u00fablica<\/p>\n<p>Ant\u00f3nio Santos &#8211; ABRIL ABRIL<\/p>\n<p>Ningu\u00e9m sabe ao certo quantos imigrantes j\u00e1 foram detidos. Fala-se em muitos milhares. Muitos milhares j\u00e1 eram deportados nos tempos de Biden, \u00e9 certo, mas Trump veio acrescentar ao medo latente um terror assumido e in\u00e9dito.<\/p>\n<p>De costa a costa, as imagens multiplicam-se: esperas policiais \u00e0 porta de escolas; f\u00e1bricas cercadas por soldados; m\u00e3es aos gritos ao serem separadas dos filhos; trabalhadores perseguidos pelas ruas; estaleiros de constru\u00e7\u00e3o civil vazios; campos abandonados. As presas s\u00e3o trabalhadores imigrantes que Trump tratou de desumanizar sob o ep\u00edteto de \u00abcriminosos\u00bb ou \u00abanimais\u00bb, mas sem os quais o pa\u00eds, pura e simplesmente, n\u00e3o funcionava.<\/p>\n<p>Os imigrantes sem documentos representam quase metade da m\u00e3o-de-obra em importantes setores da economia como a agricultura, a ind\u00fastria de processamento de carnes ou constru\u00e7\u00e3o civil. Teresa Romero, l\u00edder do principal sindicato de trabalhadores agr\u00edcolas dos EUA, n\u00e3o tem d\u00favidas: \u00abTrump quer imigrantes, mas os quer sem direitos, sem coragem para abrir a boca. Quando um oper\u00e1rio agr\u00edcola \u00e9 separado da sua fam\u00edlia e \u00e9 deportado, os colegas ficam t\u00e3o aterrorizados que at\u00e9 d\u00e3o gra\u00e7as a deus por ainda terem um sal\u00e1rio, por mais baixo que ele seja\u00bb, disse-me.<\/p>\n<p>\u00abO Trump est\u00e1 fazendo um truque duplo: baixa os sal\u00e1rios dos imigrantes sem pap\u00e9is pela via do desespero e do medo e substitui os deportados por novos imigrantes sazonais com pap\u00e9is e que, de forma totalmente legal, ainda v\u00e3o ser mais explorados\u00bb.<\/p>\n<p>Acresce que, nos EUA, a ilegalidade da imigra\u00e7\u00e3o nem sempre \u00e9 n\u00edtida. Conhe\u00e7o portugueses que vivem h\u00e1 40 anos nos EUA e s\u00e3o imigrantes \u00abilegais\u00bb. Trabalham, pagam impostos, compraram casa, t\u00eam seguran\u00e7a social e at\u00e9 t\u00eam carteira de motorista, mas chegaram num tempo em que isso bastava. Nos EUA n\u00e3o h\u00e1 documentos de identifica\u00e7\u00e3o obrigat\u00f3rios nem equivalente ao nosso cart\u00e3o de cidad\u00e3o e milh\u00f5es de pessoas n\u00e3o t\u00eam nada que prove que sejam estadunidenses. Isto quer dizer que frequentemente, quando organiza redadas e ca\u00e7adas, a ICE, for\u00e7a policial que faz cumprir as leis de imigra\u00e7\u00e3o, prende qualquer pessoa que pare\u00e7a \u00abestrangeira\u00bb.<\/p>\n<p>Mas a amea\u00e7a da deporta\u00e7\u00e3o n\u00e3o chega apenas aos trabalhadores indocumentados. Miguel Monteiro, estudante portugu\u00eas de doutoramento nos EUA, descreve \u00abum clima de medo e de caos\u00bb. Foi um entre centenas de milhares de estudantes que ergueram as suas vozes contra o genoc\u00eddio do povo palestino.<\/p>\n<p>Trump assinou, na semana passada, uma ordem executiva para deportar todos os estudantes internacionais que tenham participado nestes protestos. \u00abN\u00e3o quero ser deportado, mas se tiver de ser, tenho para onde ir, ao contr\u00e1rio de muitos\u00bb, explicou-me. \u00abDepois da opera\u00e7\u00e3o Tuf\u00e3o da al-Aqsa, inquirimos sobre a nossa posi\u00e7\u00e3o legal. Foi-nos dito que t\u00ednhamos tantos direitos de liberdade de express\u00e3o quanto qualquer cidad\u00e3o. (\u2026) Quanto mais isso \u00e9 posto em causa mais o imp\u00e9rio americano aparece sem quaisquer v\u00e9us como aquilo que sempre foi: uma m\u00e1quina de guerra, de explora\u00e7\u00e3o e de supress\u00e3o de direitos para os seus e para os demais\u00bb.<\/p>\n<p>A guerra de Trump contra os imigrantes enquadra-se na luta mais vasta do grande capital contra toda a classe trabalhadora dos EUA: o corte no sal\u00e1rio dos imigrantes comprime os sal\u00e1rios de toda a classe; pela porta da crueldade que se abriu para os imigrantes, passar\u00e1 o terror contra todo o povo.<\/p>\n<p>Fonte: <a href=\"https:\/\/www.avante.pt\/pt\/2671\/internacional\/178486\/Uma-hist%C3%B3ria-americana-de-terror.htm?tpl=179\">https:\/\/www.avante.pt\/pt\/2671\/internacional\/178486\/Uma-hist%C3%B3ria-americana-de-terror.htm?tpl=179<\/a><\/p>\n","protected":false},"excerpt":{"rendered":"<a class=\"moretag\" href=\"https:\/\/pcb.org.br\/portal2\/32541\"> <\/a>","protected":false},"author":8,"featured_media":0,"comment_status":"closed","ping_status":"closed","sticky":false,"template":"","format":"standard","meta":{"jetpack_post_was_ever_published":false,"_jetpack_newsletter_access":"","_jetpack_dont_email_post_to_subs":false,"_jetpack_newsletter_tier_id":0,"_jetpack_memberships_contains_paywalled_content":false,"_jetpack_memberships_contains_paid_content":false,"footnotes":"","jetpack_publicize_message":"","jetpack_publicize_feature_enabled":true,"jetpack_social_post_already_shared":true,"jetpack_social_options":{"image_generator_settings":{"template":"highway","default_image_id":0,"font":"","enabled":false},"version":2}},"categories":[164,165,65,10],"tags":[228],"class_list":["post-32541","post","type-post","status-publish","format-standard","hentry","category-america-do-norte","category-eua","category-c78-internacional","category-s19-opiniao","tag-5b"],"jetpack_publicize_connections":[],"jetpack_featured_media_url":"","jetpack_shortlink":"https:\/\/wp.me\/p659gw-8sR","jetpack-related-posts":[],"jetpack_likes_enabled":true,"jetpack_sharing_enabled":true,"_links":{"self":[{"href":"https:\/\/pcb.org.br\/portal2\/wp-json\/wp\/v2\/posts\/32541","targetHints":{"allow":["GET"]}}],"collection":[{"href":"https:\/\/pcb.org.br\/portal2\/wp-json\/wp\/v2\/posts"}],"about":[{"href":"https:\/\/pcb.org.br\/portal2\/wp-json\/wp\/v2\/types\/post"}],"author":[{"embeddable":true,"href":"https:\/\/pcb.org.br\/portal2\/wp-json\/wp\/v2\/users\/8"}],"replies":[{"embeddable":true,"href":"https:\/\/pcb.org.br\/portal2\/wp-json\/wp\/v2\/comments?post=32541"}],"version-history":[{"count":1,"href":"https:\/\/pcb.org.br\/portal2\/wp-json\/wp\/v2\/posts\/32541\/revisions"}],"predecessor-version":[{"id":32543,"href":"https:\/\/pcb.org.br\/portal2\/wp-json\/wp\/v2\/posts\/32541\/revisions\/32543"}],"wp:attachment":[{"href":"https:\/\/pcb.org.br\/portal2\/wp-json\/wp\/v2\/media?parent=32541"}],"wp:term":[{"taxonomy":"category","embeddable":true,"href":"https:\/\/pcb.org.br\/portal2\/wp-json\/wp\/v2\/categories?post=32541"},{"taxonomy":"post_tag","embeddable":true,"href":"https:\/\/pcb.org.br\/portal2\/wp-json\/wp\/v2\/tags?post=32541"}],"curies":[{"name":"wp","href":"https:\/\/api.w.org\/{rel}","templated":true}]}}