{"id":32547,"date":"2025-02-21T11:43:03","date_gmt":"2025-02-21T14:43:03","guid":{"rendered":"https:\/\/pcb.org.br\/portal2\/?p=32547"},"modified":"2025-02-21T11:43:03","modified_gmt":"2025-02-21T14:43:03","slug":"nao-nos-curvaremos-perante-as-ameacas","status":"publish","type":"post","link":"https:\/\/pcb.org.br\/portal2\/32547","title":{"rendered":"&#8220;N\u00e3o nos curvaremos perante as amea\u00e7as&#8221;"},"content":{"rendered":"<p><img data-recalc-dims=\"1\" loading=\"lazy\" decoding=\"async\" data-attachment-id=\"32548\" data-permalink=\"https:\/\/pcb.org.br\/portal2\/32547\/h_01980998\" data-orig-file=\"https:\/\/i0.wp.com\/pcb.org.br\/portal2\/wp-content\/uploads\/2025\/02\/h_01980998.jpg?fit=600%2C383&amp;ssl=1\" data-orig-size=\"600,383\" data-comments-opened=\"0\" data-image-meta=\"{&quot;aperture&quot;:&quot;0&quot;,&quot;credit&quot;:&quot;&quot;,&quot;camera&quot;:&quot;&quot;,&quot;caption&quot;:&quot;&quot;,&quot;created_timestamp&quot;:&quot;0&quot;,&quot;copyright&quot;:&quot;&quot;,&quot;focal_length&quot;:&quot;0&quot;,&quot;iso&quot;:&quot;0&quot;,&quot;shutter_speed&quot;:&quot;0&quot;,&quot;title&quot;:&quot;&quot;,&quot;orientation&quot;:&quot;0&quot;}\" data-image-title=\"h_01980998\" data-image-description=\"\" data-image-caption=\"\" data-large-file=\"https:\/\/i0.wp.com\/pcb.org.br\/portal2\/wp-content\/uploads\/2025\/02\/h_01980998.jpg?fit=600%2C383&amp;ssl=1\" class=\"alignnone size-full wp-image-32548\" src=\"https:\/\/i0.wp.com\/pcb.org.br\/portal2\/wp-content\/uploads\/2025\/02\/h_01980998.jpg?resize=600%2C383&#038;ssl=1\" alt=\"\" width=\"600\" height=\"383\" srcset=\"https:\/\/i0.wp.com\/pcb.org.br\/portal2\/wp-content\/uploads\/2025\/02\/h_01980998.jpg?w=600&amp;ssl=1 600w, https:\/\/i0.wp.com\/pcb.org.br\/portal2\/wp-content\/uploads\/2025\/02\/h_01980998.jpg?resize=300%2C192&amp;ssl=1 300w\" sizes=\"auto, (max-width: 600px) 100vw, 600px\" \/><!--more--><\/p>\n<p>Carlos Lopes Pereira<\/p>\n<p>ODIARIO.INFO<\/p>\n<p>Entre uma s\u00e9rie de medidas graves, tais como a deporta\u00e7\u00e3o de migrantes sem documentos, a imposi\u00e7\u00e3o de tarifas alfandeg\u00e1rias contra a China e a inten\u00e7\u00e3o de \u00absolucionar\u00bb a quest\u00e3o palestina expulsando da Faixa de Gaza cerca de dois milh\u00f5es de habitantes, o presidente dos EUA, Donald Trump, anunciou a suspens\u00e3o de ajuda \u00e0 \u00c1frica do Sul.<\/p>\n<p>O principal motivo invocado foi a recente aprova\u00e7\u00e3o pelo governo de Pret\u00f3ria de uma lei que, em conson\u00e2ncia com a Constitui\u00e7\u00e3o sul-africana, regula a expropria\u00e7\u00e3o que \u00abequilibra a necessidade do uso p\u00fablico da terra com a prote\u00e7\u00e3o dos propriet\u00e1rios\u00bb. Segundo a Casa Branca, os EUA v\u00e3o tamb\u00e9m acolher e realojar os \u00abrefugiados afric\u00e2neres\u00bb (os b\u00f3eres, que integram a minoria branca sul-africana), que \u00abescapem \u00e0 discrimina\u00e7\u00e3o racial patrocinada pelo governo, incluindo o confisco de bens\u00bb.<\/p>\n<p>Al\u00e9m de n\u00e3o ter gostado da nova lei agr\u00e1ria sul-africana, a administra\u00e7\u00e3o norte-americana justifica a sua decis\u00e3o por a \u00c1frica do Sul ter adotado \u00abposi\u00e7\u00f5es agressivas\u00bb contra os EUA e seus aliados, incluindo a queixa ao Tribunal Internacional de Justi\u00e7a acusando Israel pelo genoc\u00eddio cometido na Faixa de Gaza.<\/p>\n<p>Em resposta, o governo sul-africano acentua que a premissa que fundamenta a decis\u00e3o dos EUA carece de \u00abprecis\u00e3o factual\u00bb e n\u00e3o reconhece \u00aba profunda e dolorosa hist\u00f3ria do colonialismo e do apartheid na \u00c1frica do Sul\u00bb. E nota ser ir\u00f4nico que o decreto presidencial de Trump preveja o estatuto de refugiado nos EUA para um grupo populacional sul-africano \u00abque continua a estar entre os economicamente mais privilegiados\u00bb, enquanto os mesmos EUA est\u00e3o deportando pessoas vulner\u00e1veis de outras partes do mundo e lhes negando asilo.<\/p>\n<p>Quanto \u00e0 \u00abajuda\u00bb suspensa, o presidente sul-africano, Cyril Ramaphosa, esclareceu que, com exce\u00e7\u00e3o do financiamento de parte do programa nacional de combate ao VIH\/SIDA, os EUA n\u00e3o proporcionam qualquer aux\u00edlio econ\u00f4mico significativo.<\/p>\n<p>Quem apoiou as posi\u00e7\u00f5es do governo sul-africano e repudiou a medida hostil estadunidense foi o Partido Comunista Sul-Africano (SACP). Os comunistas real\u00e7aram que a \u00c1frica do Sul \u00e9 um pa\u00eds independente e soberano: \u00abN\u00e3o somos uma col\u00f4nia dos EUA ou de qualquer outro Estado: lutamos e lutaremos contra quaisquer tentativas de minar a nossa independ\u00eancia nacional, a nossa soberania democr\u00e1tica e a nossa integridade territorial\u00bb.<\/p>\n<p>O SACP condenou a inger\u00eancia dos EUA nos assuntos internos sul-africanos e reiterou o apoio \u00e0 legisla\u00e7\u00e3o aprovada, que visa \u00abpermitir que os cidad\u00e3os tenham acesso \u00e0 terra numa base equitativa\u00bb e \u00abcorrigir os resultados da discrimina\u00e7\u00e3o racial do passado\u00bb.<\/p>\n<p>Na verdade, as amea\u00e7as e inger\u00eancias das classes dominantes dos EUA contra a \u00c1frica do Sul, o seu povo, o seu governo democr\u00e1tico, as suas organiza\u00e7\u00f5es progressistas, t\u00eam explica\u00e7\u00e3o. O imperialismo estadunidense odeia e tenta subjugar, ou mesmo liquidar, as for\u00e7as que se op\u00f5em ao seu dom\u00ednio e procuram trilhar caminhos pr\u00f3prios para o desenvolvimento, consolidar a independ\u00eancia, refor\u00e7ar a soberania, p\u00f4r fim \u00e0 explora\u00e7\u00e3o.<\/p>\n<p>Como garantem os comunistas sul-africanos perante os recentes ataques de Washington, \u00aba \u00c1frica do Sul pertence a todos os sul-africanos que nela vivem. N\u00e3o nos curvaremos perante as amea\u00e7as imperialistas. A luta continua!\u00bb<\/p>\n<p>Fonte: <a href=\"https:\/\/www.avante.pt\/pt\/2672\/internacional\/178522\/%C2%ABN%C3%A3o-nos-curvaremos-perante-as-amea%C3%A7as%C2%BB.htm?tpl=179\">https:\/\/www.avante.pt\/pt\/2672\/internacional\/178522\/%C2%ABN%C3%A3o-nos-curvaremos-perante-as-amea%C3%A7as%C2%BB.htm?tpl=179<\/a><\/p>\n","protected":false},"excerpt":{"rendered":"<a class=\"moretag\" href=\"https:\/\/pcb.org.br\/portal2\/32547\"> <\/a>","protected":false},"author":8,"featured_media":0,"comment_status":"closed","ping_status":"closed","sticky":false,"template":"","format":"standard","meta":{"jetpack_post_was_ever_published":false,"_jetpack_newsletter_access":"","_jetpack_dont_email_post_to_subs":false,"_jetpack_newsletter_tier_id":0,"_jetpack_memberships_contains_paywalled_content":false,"_jetpack_memberships_contains_paid_content":false,"footnotes":"","jetpack_publicize_message":"","jetpack_publicize_feature_enabled":true,"jetpack_social_post_already_shared":true,"jetpack_social_options":{"image_generator_settings":{"template":"highway","default_image_id":0,"font":"","enabled":false},"version":2}},"categories":[177,267,37,242,65,10],"tags":[226],"class_list":["post-32547","post","type-post","status-publish","format-standard","hentry","category-africa","category-africa-do-sul","category-c42-comunistas","category-eipco","category-c78-internacional","category-s19-opiniao","tag-4b"],"jetpack_publicize_connections":[],"jetpack_featured_media_url":"","jetpack_shortlink":"https:\/\/wp.me\/p659gw-8sX","jetpack-related-posts":[],"jetpack_likes_enabled":true,"jetpack_sharing_enabled":true,"_links":{"self":[{"href":"https:\/\/pcb.org.br\/portal2\/wp-json\/wp\/v2\/posts\/32547","targetHints":{"allow":["GET"]}}],"collection":[{"href":"https:\/\/pcb.org.br\/portal2\/wp-json\/wp\/v2\/posts"}],"about":[{"href":"https:\/\/pcb.org.br\/portal2\/wp-json\/wp\/v2\/types\/post"}],"author":[{"embeddable":true,"href":"https:\/\/pcb.org.br\/portal2\/wp-json\/wp\/v2\/users\/8"}],"replies":[{"embeddable":true,"href":"https:\/\/pcb.org.br\/portal2\/wp-json\/wp\/v2\/comments?post=32547"}],"version-history":[{"count":1,"href":"https:\/\/pcb.org.br\/portal2\/wp-json\/wp\/v2\/posts\/32547\/revisions"}],"predecessor-version":[{"id":32549,"href":"https:\/\/pcb.org.br\/portal2\/wp-json\/wp\/v2\/posts\/32547\/revisions\/32549"}],"wp:attachment":[{"href":"https:\/\/pcb.org.br\/portal2\/wp-json\/wp\/v2\/media?parent=32547"}],"wp:term":[{"taxonomy":"category","embeddable":true,"href":"https:\/\/pcb.org.br\/portal2\/wp-json\/wp\/v2\/categories?post=32547"},{"taxonomy":"post_tag","embeddable":true,"href":"https:\/\/pcb.org.br\/portal2\/wp-json\/wp\/v2\/tags?post=32547"}],"curies":[{"name":"wp","href":"https:\/\/api.w.org\/{rel}","templated":true}]}}