{"id":32556,"date":"2025-02-23T11:58:08","date_gmt":"2025-02-23T14:58:08","guid":{"rendered":"https:\/\/pcb.org.br\/portal2\/?p=32556"},"modified":"2025-02-23T11:58:08","modified_gmt":"2025-02-23T14:58:08","slug":"guarda-municipal-armada-mais-violencia-contra-trabalhadores","status":"publish","type":"post","link":"https:\/\/pcb.org.br\/portal2\/32556","title":{"rendered":"Guarda Municipal armada = mais viol\u00eancia contra trabalhadores"},"content":{"rendered":"<p><img data-recalc-dims=\"1\" loading=\"lazy\" decoding=\"async\" data-attachment-id=\"32557\" data-permalink=\"https:\/\/pcb.org.br\/portal2\/32556\/image-8-3\" data-orig-file=\"https:\/\/i0.wp.com\/pcb.org.br\/portal2\/wp-content\/uploads\/2025\/02\/image-8-1.png?fit=696%2C871&amp;ssl=1\" data-orig-size=\"696,871\" data-comments-opened=\"0\" data-image-meta=\"{&quot;aperture&quot;:&quot;0&quot;,&quot;credit&quot;:&quot;&quot;,&quot;camera&quot;:&quot;&quot;,&quot;caption&quot;:&quot;&quot;,&quot;created_timestamp&quot;:&quot;0&quot;,&quot;copyright&quot;:&quot;&quot;,&quot;focal_length&quot;:&quot;0&quot;,&quot;iso&quot;:&quot;0&quot;,&quot;shutter_speed&quot;:&quot;0&quot;,&quot;title&quot;:&quot;&quot;,&quot;orientation&quot;:&quot;0&quot;}\" data-image-title=\"image (8)\" data-image-description=\"\" data-image-caption=\"\" data-large-file=\"https:\/\/i0.wp.com\/pcb.org.br\/portal2\/wp-content\/uploads\/2025\/02\/image-8-1.png?fit=696%2C871&amp;ssl=1\" class=\"alignnone size-full wp-image-32557\" src=\"https:\/\/i0.wp.com\/pcb.org.br\/portal2\/wp-content\/uploads\/2025\/02\/image-8-1.png?resize=696%2C871&#038;ssl=1\" alt=\"\" width=\"696\" height=\"871\" srcset=\"https:\/\/i0.wp.com\/pcb.org.br\/portal2\/wp-content\/uploads\/2025\/02\/image-8-1.png?w=696&amp;ssl=1 696w, https:\/\/i0.wp.com\/pcb.org.br\/portal2\/wp-content\/uploads\/2025\/02\/image-8-1.png?resize=240%2C300&amp;ssl=1 240w\" sizes=\"auto, (max-width: 696px) 100vw, 696px\" \/><!--more--><\/p>\n<p>Uni\u00e3o da Juventude Comunista RJ<\/p>\n<p>Na mesma semana em que as escolas do munic\u00edpio do Rio de Janeiro s\u00e3o obrigadas a cancelar aulas por falta de ambientes climatizados e em que a classe trabalhadora enfrenta \u00f4nibus sem ar condicionado em temperaturas extremas, Eduardo Paes anuncia a proposta de lei de cria\u00e7\u00e3o da Guarda Municipal Armada.<\/p>\n<p>A t\u00e1tica utilizada pelo &#8220;prefeito da galera&#8221; \u00e9 pr\u00f3pria do fascismo e de seus representantes no Rio: utilizar\u00e1 a viol\u00eancia de Estado contra a juventude negra e o povo trabalhador da cidade numa campanha eleitoral antecipada, que visa a disputa do governo do estado em 2026. No contexto de crise do capitalismo em uma cidade como a nossa, marcado pelo racismo, terrorismo de Estado, chacinas eleitorais, pela precariza\u00e7\u00e3o estrutural do trabalho e outras express\u00f5es brutais da luta de classes, a cria\u00e7\u00e3o da Guarda Municipal Armada se soma \u00e0s for\u00e7as repressivas do Estado com poder letal.<\/p>\n<p>Um dos pap\u00e9is da Guarda de Eduardo Paes tem sido a viol\u00eancia sistem\u00e1tica e cotidiana contra trabalhadores e trabalhadoras informais, que s\u00f3 t\u00eam a rua para ganhar o seu sustento, como ambulantes e camel\u00f4s. Se j\u00e1 vemos cenas brutais de viol\u00eancia contra esses\/as trabalhadores\/as, veremos a sua intensifica\u00e7\u00e3o e maior letalidade. Constantemente, a Guarda Municipal \u00e9 tamb\u00e9m acionada para reprimir atividades culturais em territ\u00f3rios em que essas express\u00f5es culturais fazem da rua o seu espa\u00e7o de exist\u00eancia. Agora essa Guarda poder\u00e1 utilizar armas de fogo contra essas atividades.<\/p>\n<p>Toda a gera\u00e7\u00e3o carioca que nasceu nos anos 1990 e 2000 nasceu e cresceu em meio a um projeto extremamente articulado de fortalecimento dos bra\u00e7os armados do Estado na capital do Rio de Janeiro: as guardas, as pol\u00edcias e as mil\u00edcias. Se somarmos a for\u00e7a bruta armada ao sucateamento, privatiza\u00e7\u00e3o e propina para benef\u00edcio de pequenos grupos empresariais e fam\u00edlias da pol\u00edtica fluminense, temos o retrato da Cidade Maravilhosa. Eduardo Paes quer uma &#8220;Pol\u00edcia Militar&#8221; municipal para chamar de sua, esse \u00e9 o seu verdadeiro projeto!<\/p>\n<p>A popula\u00e7\u00e3o trabalhadora n\u00e3o aguenta mais trocar seis por meia d\u00fazia. Precisamos construir uma alternativa \u00e0 esquerda para o Rio de Janeiro que apresente um programa pol\u00edtico de desmilitariza\u00e7\u00e3o da seguran\u00e7a p\u00fablica e de fortalecimento dos espa\u00e7os de constru\u00e7\u00e3o popular do governo!<\/p>\n<p>ORGANIZE SUA REVOLTA NA UJC!<br \/>\n\u00c9 N\u00d3S POR N\u00d3S!<\/p>\n","protected":false},"excerpt":{"rendered":"<a class=\"moretag\" href=\"https:\/\/pcb.org.br\/portal2\/32556\"> <\/a>","protected":false},"author":8,"featured_media":0,"comment_status":"closed","ping_status":"closed","sticky":false,"template":"","format":"standard","meta":{"jetpack_post_was_ever_published":false,"_jetpack_newsletter_access":"","_jetpack_dont_email_post_to_subs":false,"_jetpack_newsletter_tier_id":0,"_jetpack_memberships_contains_paywalled_content":false,"_jetpack_memberships_contains_paid_content":false,"footnotes":"","jetpack_publicize_message":"","jetpack_publicize_feature_enabled":true,"jetpack_social_post_already_shared":true,"jetpack_social_options":{"image_generator_settings":{"template":"highway","default_image_id":0,"font":"","enabled":false},"version":2}},"categories":[6,66,10,27],"tags":[223,247],"class_list":["post-32556","post","type-post","status-publish","format-standard","hentry","category-s5-juventude","category-c79-nacional","category-s19-opiniao","category-c27-ujc","tag-3a","tag-jd"],"jetpack_publicize_connections":[],"jetpack_featured_media_url":"","jetpack_shortlink":"https:\/\/wp.me\/p659gw-8t6","jetpack-related-posts":[],"jetpack_likes_enabled":true,"jetpack_sharing_enabled":true,"_links":{"self":[{"href":"https:\/\/pcb.org.br\/portal2\/wp-json\/wp\/v2\/posts\/32556","targetHints":{"allow":["GET"]}}],"collection":[{"href":"https:\/\/pcb.org.br\/portal2\/wp-json\/wp\/v2\/posts"}],"about":[{"href":"https:\/\/pcb.org.br\/portal2\/wp-json\/wp\/v2\/types\/post"}],"author":[{"embeddable":true,"href":"https:\/\/pcb.org.br\/portal2\/wp-json\/wp\/v2\/users\/8"}],"replies":[{"embeddable":true,"href":"https:\/\/pcb.org.br\/portal2\/wp-json\/wp\/v2\/comments?post=32556"}],"version-history":[{"count":1,"href":"https:\/\/pcb.org.br\/portal2\/wp-json\/wp\/v2\/posts\/32556\/revisions"}],"predecessor-version":[{"id":32558,"href":"https:\/\/pcb.org.br\/portal2\/wp-json\/wp\/v2\/posts\/32556\/revisions\/32558"}],"wp:attachment":[{"href":"https:\/\/pcb.org.br\/portal2\/wp-json\/wp\/v2\/media?parent=32556"}],"wp:term":[{"taxonomy":"category","embeddable":true,"href":"https:\/\/pcb.org.br\/portal2\/wp-json\/wp\/v2\/categories?post=32556"},{"taxonomy":"post_tag","embeddable":true,"href":"https:\/\/pcb.org.br\/portal2\/wp-json\/wp\/v2\/tags?post=32556"}],"curies":[{"name":"wp","href":"https:\/\/api.w.org\/{rel}","templated":true}]}}