{"id":32559,"date":"2025-02-23T12:00:30","date_gmt":"2025-02-23T15:00:30","guid":{"rendered":"https:\/\/pcb.org.br\/portal2\/?p=32559"},"modified":"2025-02-23T12:00:30","modified_gmt":"2025-02-23T15:00:30","slug":"a-desumanidade-e-inerente-ao-capitalismo","status":"publish","type":"post","link":"https:\/\/pcb.org.br\/portal2\/32559","title":{"rendered":"A desumanidade \u00e9 inerente ao capitalismo"},"content":{"rendered":"<p><img data-recalc-dims=\"1\" loading=\"lazy\" decoding=\"async\" data-attachment-id=\"32560\" data-permalink=\"https:\/\/pcb.org.br\/portal2\/32559\/unnamed-2-4\" data-orig-file=\"https:\/\/i0.wp.com\/pcb.org.br\/portal2\/wp-content\/uploads\/2025\/02\/unnamed-2.jpg?fit=1024%2C813&amp;ssl=1\" data-orig-size=\"1024,813\" data-comments-opened=\"0\" data-image-meta=\"{&quot;aperture&quot;:&quot;0&quot;,&quot;credit&quot;:&quot;&quot;,&quot;camera&quot;:&quot;&quot;,&quot;caption&quot;:&quot;&quot;,&quot;created_timestamp&quot;:&quot;0&quot;,&quot;copyright&quot;:&quot;&quot;,&quot;focal_length&quot;:&quot;0&quot;,&quot;iso&quot;:&quot;0&quot;,&quot;shutter_speed&quot;:&quot;0&quot;,&quot;title&quot;:&quot;&quot;,&quot;orientation&quot;:&quot;0&quot;}\" data-image-title=\"unnamed (2)\" data-image-description=\"\" data-image-caption=\"\" data-large-file=\"https:\/\/i0.wp.com\/pcb.org.br\/portal2\/wp-content\/uploads\/2025\/02\/unnamed-2.jpg?fit=747%2C593&amp;ssl=1\" class=\"alignnone size-large wp-image-32560\" src=\"https:\/\/i0.wp.com\/pcb.org.br\/portal2\/wp-content\/uploads\/2025\/02\/unnamed-2.jpg?resize=747%2C593&#038;ssl=1\" alt=\"\" width=\"747\" height=\"593\" srcset=\"https:\/\/i0.wp.com\/pcb.org.br\/portal2\/wp-content\/uploads\/2025\/02\/unnamed-2.jpg?resize=900%2C715&amp;ssl=1 900w, https:\/\/i0.wp.com\/pcb.org.br\/portal2\/wp-content\/uploads\/2025\/02\/unnamed-2.jpg?resize=300%2C238&amp;ssl=1 300w, https:\/\/i0.wp.com\/pcb.org.br\/portal2\/wp-content\/uploads\/2025\/02\/unnamed-2.jpg?resize=768%2C610&amp;ssl=1 768w, https:\/\/i0.wp.com\/pcb.org.br\/portal2\/wp-content\/uploads\/2025\/02\/unnamed-2.jpg?w=1024&amp;ssl=1 1024w\" sizes=\"auto, (max-width: 747px) 100vw, 747px\" \/><!--more--><\/p>\n<p>Prabhat Patnaik [*]<\/p>\n<p>Georg Luk\u00e1cs, o c\u00e9lebre fil\u00f3sofo marxista, observou uma vez que \u201cat\u00e9 o pior socialismo era melhor do que o melhor capitalismo\u201d. Esta observa\u00e7\u00e3o, feita em 1969 e repetida em 1971, sem d\u00favida com base na percep\u00e7\u00e3o que Luk\u00e1cs tinha do socialismo realmente existente na Uni\u00e3o Sovi\u00e9tica e na Europa de Leste, com o qual estava familiarizado, tinha sido tratada com ceticismo mesmo nos c\u00edrculos da esquerda ocidental da \u00e9poca. Mas todo o recente epis\u00f3dio dos deportados dos Estados Unidos, incluindo mulheres e crian\u00e7as, que s\u00e3o trazidos de volta para a \u00cdndia e outros pa\u00edses do terceiro mundo, em grilh\u00f5es e algemas em avi\u00f5es militares, traz-nos de novo \u00e0 mem\u00f3ria essa observa\u00e7\u00e3o. Havia pelo menos duas caracter\u00edsticas \u00f3bvias e apelativas do socialismo efetivamente existente na Uni\u00e3o Sovi\u00e9tica e na Europa Oriental que o distinguiam de qualquer pa\u00eds capitalista.<\/p>\n<p>Uma tem a ver com o desprezo absoluto, de fato o desprezo racial absoluto, subjacente a esta deporta\u00e7\u00e3o por parte do principal pa\u00eds capitalista do mundo, do qual os pa\u00edses socialistas tinham estado oficialmente absolutamente livres. \u00c9 claro que se sabe que, mesmo nos pa\u00edses socialistas da \u00e9poca, apesar de todas as posi\u00e7\u00f5es governamentais em contr\u00e1rio, os preconceitos raciais seguiam \u00e0 espreita entre a popula\u00e7\u00e3o, preconceitos estes que voltaram a se manifestar ap\u00f3s o colapso do socialismo nesses pa\u00edses. Tamb\u00e9m se sabe dos imensos esfor\u00e7os que as for\u00e7as progressistas dos pa\u00edses capitalistas avan\u00e7ados t\u00eam feito nos \u00faltimos tempos para criar uma sociedade mais tolerante, incluindo uma sociedade racialmente tolerante. Na verdade, muitos atribuiriam a desumanidade da deporta\u00e7\u00e3o n\u00e3o ao capitalismo em si , mas ao trumpismo, ou seja, \u00e0 desumanidade absoluta da camarilha neofascista que atualmente det\u00e9m as alavancas do poder nos EUA.<\/p>\n<p>Embora seja certamente verdade que o trumpismo n\u00e3o \u00e9 id\u00eantico ao capitalismo per se, seria um erro ver o trumpismo como um fen\u00f4meno completamente separado e estranho. O racismo nos tempos modernos \u00e9 um produto do imperialismo, e o capitalismo como modo de produ\u00e7\u00e3o \u00e9 inconceb\u00edvel sem o imperialismo. Mesmo as tend\u00eancias progressistas sob o capitalismo n\u00e3o repudiam o imperialismo como um fen\u00f4meno explorador e repugnante pertencente ao passado; v\u00eaem-no antes como um fen\u00f4meno que trouxe progresso e \u201cmodernidade\u201d a sociedades distantes. Impl\u00edcita nesta vis\u00e3o, que v\u00ea essas sociedades como incapazes de alcan\u00e7ar o progresso e a \u201cmodernidade\u201d por si pr\u00f3prias, que v\u00ea o imperialismo como uma entidade benigna, est\u00e1 a cren\u00e7a na superioridade da ra\u00e7a envolvida no projeto imperialista. Por melhores que sejam as inten\u00e7\u00f5es da tend\u00eancia progressista na metr\u00f3pole contempor\u00e2nea, enquanto n\u00e3o repudiar o imperialismo, n\u00e3o pode libertar-se da mancha do racismo; e o fato de n\u00e3o repudiar o imperialismo \u00e9 evidente ainda hoje no amplo apoio dado, mesmo pelos elementos progressistas, \u00e0s duas guerras recentes apoiadas por todas as pot\u00eancias metropolitanas, uma delas um genoc\u00eddio contra um povo inteiro, e a outra um resultado da expans\u00e3o imperial ocidental.<\/p>\n<p>Por outras palavras, o racismo permanece latente nos pa\u00edses metropolitanos, n\u00e3o apenas como um preconceito persistente, mas mesmo dentro dos c\u00edrculos dirigentes, incluindo os elementos liberais dentro dos c\u00edrculos dirigentes. E, em per\u00edodos de crise capitalista, adquire um novo \u00edmpeto, uma vez que o capital monopolista o utiliza como \u201coutro\u201d alguns grupos de imigrantes desafortunados, para refor\u00e7ar a sua posi\u00e7\u00e3o contra as amea\u00e7as \u00e0 sua hegemonia e para dividir a classe trabalhadora. Em contrapartida, nos antigos pa\u00edses socialistas, a forma\u00e7\u00e3o pol\u00edtica dominante opunha-se totalmente ao racismo e suprimia qualquer express\u00e3o deste na sociedade. Muitos argumentam que se tratava de uma imposi\u00e7\u00e3o. Mas a quest\u00e3o \u00e9 que, quer se trate ou n\u00e3o de uma imposi\u00e7\u00e3o, n\u00e3o deixou espa\u00e7o para a ascens\u00e3o de uma posi\u00e7\u00e3o trumpista.<\/p>\n<p>Permitam-me que passe agora ao segundo aspeto em que os antigos pa\u00edses socialistas demonstraram ser superiores: a consecu\u00e7\u00e3o do pleno emprego, que, por acaso, tamb\u00e9m eliminou um importante fator material, nomeadamente o desemprego, que tipicamente est\u00e1 subjacente \u00e0 animosidade contra os imigrantes que se observa nos pa\u00edses capitalistas avan\u00e7ados.<\/p>\n<p>A raz\u00e3o pela qual as pessoas de pa\u00edses do terceiro mundo desejam emigrar para pa\u00edses como os EUA \u00e9 o desemprego galopante nos seus pa\u00edses de origem. O fato de cada emigrante ter tido de pagar 4,5 milh\u00f5es de r\u00fapias a intermedi\u00e1rios para entrar nos Estados Unidos pela \u201crota dos burros\u201d mostra que dispunha de alguns meios. Mas o seu desejo de emigrar resulta certamente de dois fatores: a aus\u00eancia de um emprego suficientemente compensador (e n\u00e3o de um emprego qualquer) e a exist\u00eancia de uma enorme desigualdade na sociedade a que pertence, que o torna insatisfeito com o seu estatuto material. E estes dois fatores surgem devido ao projeto de constru\u00e7\u00e3o do capitalismo no pa\u00eds. Por mais r\u00e1pido que seja o crescimento do PIB do pa\u00eds, por mais bilh\u00f5es de d\u00f3lares que seja o seu PIB, estes fatores permanecer\u00e3o sempre, assim como o desejo de emigrar de uma parte da popula\u00e7\u00e3o.<\/p>\n<p>\u00c9 vergonhoso que, mais de 75 anos ap\u00f3s a independ\u00eancia do pa\u00eds, ainda tenhamos uma sociedade da qual as pessoas desejam desesperadamente emigrar, mesmo quando o risco associado a essa migra\u00e7\u00e3o \u00e9 o de serem tratadas como animais e mandadas de volta para casa, enjauladas. Este \u00e9 o resultado inevit\u00e1vel da constru\u00e7\u00e3o de uma sociedade capitalista num pa\u00eds do terceiro mundo nos dias de hoje.<\/p>\n<p>No outro extremo, a raz\u00e3o pela qual um Trump pode deportar impunemente esses imigrantes, apesar de a pr\u00f3pria sociedade estadunidense ter surgido atrav\u00e9s da imigra\u00e7\u00e3o, com os imigrantes europeus a ocuparem as terras pertencentes \u00e0 popula\u00e7\u00e3o ind\u00edgena, \u00e9 a exist\u00eancia de desemprego em massa. A teoria econ\u00f4mica burguesa faz a afirma\u00e7\u00e3o totalmente falsa de que o crescimento a longo prazo de uma economia capitalista depende da taxa de crescimento da sua for\u00e7a de trabalho. Se esta afirma\u00e7\u00e3o fosse verdadeira, ent\u00e3o os imigrantes na Am\u00e9rica deveriam ter sido bem-vindos como meio de impulsionar a taxa de crescimento dessa economia; mas n\u00e3o \u00e9, e o flagelo do desemprego torna popular at\u00e9 mesmo a linha dura de Trump sobre a imigra\u00e7\u00e3o. De fato, a ironia da situa\u00e7\u00e3o \u00e9 tal que o partido mais \u00e0 esquerda da Alemanha, o partido de Sahra Wagenknecht, que se separou do partido de esquerda que lhe deu origem, Die Linke, devido ao apoio t\u00e1cito deste \u00faltimo \u00e0s guerras conduzidas pela OTAN, tem de tomar uma posi\u00e7\u00e3o sobre a imigra\u00e7\u00e3o que n\u00e3o \u00e9 diferente da do establishment alem\u00e3o de direita. O flagelo do desemprego, que \u00e9 t\u00e3o generalizado e afeta tanto os pa\u00edses de origem como os pa\u00edses de destino dos imigrantes, e que acompanha necessariamente o capitalismo ao longo de toda a sua exist\u00eancia, assumindo uma forma virulenta num per\u00edodo de crise como o atual, est\u00e1 na base da desumanidade a que assistimos, uma desumanidade que trata as pessoas como gado e as deporta acorrentadas.<\/p>\n<p>Em contrapartida, as sociedades socialistas de outrora estavam totalmente livres desse flagelo. De fato, n\u00e3o enfrentavam o desemprego mas a escassez de m\u00e3o de obra. Janos Kornai, o conhecido economista h\u00fangaro, que ali\u00e1s n\u00e3o era socialista, seguiu o exemplo de Kalecki e estabeleceu uma distin\u00e7\u00e3o entre sistemas \u201climitados pela procura\u201d e sistemas \u201climitados pelos recursos\u201d; salientou que, enquanto o capitalismo era um sistema limitado pela procura, o socialismo era um sistema limitado pelos recursos. Uma das implica\u00e7\u00f5es deste fato \u00e9 que as antigas sociedades socialistas se caracterizavam pela escassez, pelo racionamento e pelas filas de espera: com a plena utiliza\u00e7\u00e3o dos recursos, a quantidade de bens que podiam produzir era inferior ao poder de compra nas m\u00e3os das pessoas aos pre\u00e7os em vigor; isso significava , contudo, que os recursos, incluindo a m\u00e3o de obra dispon\u00edvel, eram plenamente utilizados. Estas sociedades socialistas foram as \u00fanicas que, nos tempos modernos, viveram a experi\u00eancia do pleno emprego, de tal modo que a m\u00e3o de obra teve de ser aumentada atrav\u00e9s de um crescimento significativo da taxa de participa\u00e7\u00e3o das mulheres no trabalho, o que, por sua vez, teve implica\u00e7\u00f5es sociais muito profundas. E, para al\u00e9m do rendimento que o emprego proporcionava, os trabalhadores e as trabalhadoras dessas sociedades n\u00e3o tinham de sofrer a perda de autoestima que inevitavelmente acompanha o desemprego.<\/p>\n<p>Muito se tem escrito contra essas sociedades socialistas efetivamente existentes, inclusive por escritores de esquerda; e com o colapso desse sistema, criou-se a impress\u00e3o de que n\u00e3o h\u00e1 alternativa ao capitalismo em sociedades como a nossa. A verdade, por\u00e9m, \u00e9 que enquanto prosseguirmos o capitalismo, embora possamos estar produzindo multimilion\u00e1rios, a ignom\u00ednia que estava associada ao fato de ser um indiano de \u201cclasse baixa\u201d na era colonial nunca abandonar\u00e1 o nosso povo. Os trabalhadores comuns continuar\u00e3o a ser tratados como gado; e quando deixarem as nossas costas para procurar uma vida melhor noutros lugares, como alguns deles inevitavelmente far\u00e3o, ser\u00e3o trazidos de volta ao pa\u00eds com algemas e correntes. S\u00f3 uma sociedade socialista, que estamos em condi\u00e7\u00f5es de construir em nosso pa\u00eds, aprendendo com os erros do passado, pode ultrapassar o flagelo do desemprego e o destino do nosso povo, que \u00e9 tratado como animais enjaulados.<\/p>\n<p>16\/Fevereiro\/2025<br \/>\n[*] Economista, indiano, ver Wikipedia<br \/>\nO original encontra-se em <a href=\"http:\/\/peoplesdemocracy.in\/2025\/0216_pd\/inhumanity-engendered-capitalism\">peoplesdemocracy.in\/2025\/0216_pd\/inhumanity-engendered-capitalism<\/a><br \/>\nEste artigo encontra-se em resistir.info<\/p>\n","protected":false},"excerpt":{"rendered":"<a class=\"moretag\" href=\"https:\/\/pcb.org.br\/portal2\/32559\"> <\/a>","protected":false},"author":8,"featured_media":0,"comment_status":"closed","ping_status":"closed","sticky":false,"template":"","format":"standard","meta":{"jetpack_post_was_ever_published":false,"_jetpack_newsletter_access":"","_jetpack_dont_email_post_to_subs":false,"_jetpack_newsletter_tier_id":0,"_jetpack_memberships_contains_paywalled_content":false,"_jetpack_memberships_contains_paid_content":false,"footnotes":"","jetpack_publicize_message":"","jetpack_publicize_feature_enabled":true,"jetpack_social_post_already_shared":true,"jetpack_social_options":{"image_generator_settings":{"template":"highway","default_image_id":0,"font":"","enabled":false},"version":2}},"categories":[385,65,10],"tags":[225],"class_list":["post-32559","post","type-post","status-publish","format-standard","hentry","category-critica-da-economia-politica","category-c78-internacional","category-s19-opiniao","tag-4a"],"jetpack_publicize_connections":[],"jetpack_featured_media_url":"","jetpack_shortlink":"https:\/\/wp.me\/p659gw-8t9","jetpack-related-posts":[],"jetpack_likes_enabled":true,"jetpack_sharing_enabled":true,"_links":{"self":[{"href":"https:\/\/pcb.org.br\/portal2\/wp-json\/wp\/v2\/posts\/32559","targetHints":{"allow":["GET"]}}],"collection":[{"href":"https:\/\/pcb.org.br\/portal2\/wp-json\/wp\/v2\/posts"}],"about":[{"href":"https:\/\/pcb.org.br\/portal2\/wp-json\/wp\/v2\/types\/post"}],"author":[{"embeddable":true,"href":"https:\/\/pcb.org.br\/portal2\/wp-json\/wp\/v2\/users\/8"}],"replies":[{"embeddable":true,"href":"https:\/\/pcb.org.br\/portal2\/wp-json\/wp\/v2\/comments?post=32559"}],"version-history":[{"count":1,"href":"https:\/\/pcb.org.br\/portal2\/wp-json\/wp\/v2\/posts\/32559\/revisions"}],"predecessor-version":[{"id":32561,"href":"https:\/\/pcb.org.br\/portal2\/wp-json\/wp\/v2\/posts\/32559\/revisions\/32561"}],"wp:attachment":[{"href":"https:\/\/pcb.org.br\/portal2\/wp-json\/wp\/v2\/media?parent=32559"}],"wp:term":[{"taxonomy":"category","embeddable":true,"href":"https:\/\/pcb.org.br\/portal2\/wp-json\/wp\/v2\/categories?post=32559"},{"taxonomy":"post_tag","embeddable":true,"href":"https:\/\/pcb.org.br\/portal2\/wp-json\/wp\/v2\/tags?post=32559"}],"curies":[{"name":"wp","href":"https:\/\/api.w.org\/{rel}","templated":true}]}}