{"id":32623,"date":"2025-03-14T13:32:30","date_gmt":"2025-03-14T16:32:30","guid":{"rendered":"https:\/\/pcb.org.br\/portal2\/?p=32623"},"modified":"2025-03-17T19:19:16","modified_gmt":"2025-03-17T22:19:16","slug":"curso-palestina-e-oriente-medio-fundacao-dinarco-reis","status":"publish","type":"post","link":"https:\/\/pcb.org.br\/portal2\/32623","title":{"rendered":"Curso Palestina e Oriente M\u00e9dio (Funda\u00e7\u00e3o Dinarco Reis)"},"content":{"rendered":"<p><img data-recalc-dims=\"1\" loading=\"lazy\" decoding=\"async\" data-attachment-id=\"32624\" data-permalink=\"https:\/\/pcb.org.br\/portal2\/32623\/sem-titulo-16\" data-orig-file=\"https:\/\/i0.wp.com\/pcb.org.br\/portal2\/wp-content\/uploads\/2025\/03\/Sem-titulo.jpg?fit=1100%2C440&amp;ssl=1\" data-orig-size=\"1100,440\" data-comments-opened=\"0\" data-image-meta=\"{&quot;aperture&quot;:&quot;0&quot;,&quot;credit&quot;:&quot;&quot;,&quot;camera&quot;:&quot;&quot;,&quot;caption&quot;:&quot;&quot;,&quot;created_timestamp&quot;:&quot;0&quot;,&quot;copyright&quot;:&quot;&quot;,&quot;focal_length&quot;:&quot;0&quot;,&quot;iso&quot;:&quot;0&quot;,&quot;shutter_speed&quot;:&quot;0&quot;,&quot;title&quot;:&quot;&quot;,&quot;orientation&quot;:&quot;0&quot;}\" data-image-title=\"Sem t\u00edtulo\" data-image-description=\"\" data-image-caption=\"\" data-large-file=\"https:\/\/i0.wp.com\/pcb.org.br\/portal2\/wp-content\/uploads\/2025\/03\/Sem-titulo.jpg?fit=747%2C299&amp;ssl=1\" class=\"alignnone size-large wp-image-32624\" src=\"https:\/\/i0.wp.com\/pcb.org.br\/portal2\/wp-content\/uploads\/2025\/03\/Sem-titulo.jpg?resize=747%2C299&#038;ssl=1\" alt=\"\" width=\"747\" height=\"299\" srcset=\"https:\/\/i0.wp.com\/pcb.org.br\/portal2\/wp-content\/uploads\/2025\/03\/Sem-titulo.jpg?resize=900%2C360&amp;ssl=1 900w, https:\/\/i0.wp.com\/pcb.org.br\/portal2\/wp-content\/uploads\/2025\/03\/Sem-titulo.jpg?resize=300%2C120&amp;ssl=1 300w, https:\/\/i0.wp.com\/pcb.org.br\/portal2\/wp-content\/uploads\/2025\/03\/Sem-titulo.jpg?resize=768%2C307&amp;ssl=1 768w, https:\/\/i0.wp.com\/pcb.org.br\/portal2\/wp-content\/uploads\/2025\/03\/Sem-titulo.jpg?w=1100&amp;ssl=1 1100w\" sizes=\"auto, (max-width: 747px) 100vw, 747px\" \/><!--more--><\/p>\n<p>O massacre na Palestina pelas for\u00e7as sionistas de Israel acontece h\u00e1 d\u00e9cadas, um genoc\u00eddio que vem sendo transmitido e visto pelo mundo inteiro em tempo real. Os meios de comunica\u00e7\u00e3o alinhados com o imperialismo estadunidense e a propaganda sionista vendem uma imagem de que o governo de Israel \u00e9 v\u00edtima de terrorismo.<\/p>\n<p>Em todo o Oriente M\u00e9dio, outras for\u00e7as entraram nos combates. E a conjuntura geopol\u00edtica daquela regi\u00e3o merece ser compreendida mais a fundo.<\/p>\n<p>Para contribuir com as a\u00e7\u00f5es de solidariedade e com o debate sobre o tema, a Funda\u00e7\u00e3o Dinarco Reis convidou um conjunto de professores\/as, militantes e especialistas no assunto.<\/p>\n<p>Fique por dentro dos principais atores, hist\u00f3rico e an\u00e1lises sobre esse conflito no curso: PALESTINA E ORIENTE M\u00c9DIO.<\/p>\n<p><strong>PROGRAMA\u00c7\u00c3O DO CURSO:<\/strong><\/p>\n<p><strong>Aula 1 (08 DE ABRIL &#8211; TER\u00c7A)<\/strong> &#8211; Hist\u00f3ria da Palestina e como chegamos at\u00e9 Outubro de 2023<\/p>\n<p><strong>Arlene Elizabeth Clemesha<\/strong> &#8211; Mestre e doutora em Hist\u00f3ria, Professora de Hist\u00f3ria \u00c1rabe na USP e diretora do Centro de Estudos \u00c1rabes da mesma universidade, representou a sociedade civil do Brasil no Comit\u00ea da ONU pelos Direitos do Povo Palestino, \u00e9 autora de livros e artigos relacionados ao tema, dentre os quais: Marxismo e Juda\u00edsmo (1998), A Quest\u00e3o Israelo-palestina (2002), Edward Said: uma heran\u00e7a \u00e1rabe internacionalista (2005) e Palestina 1948-2008. 60 Anos de Desenraizamento e Desapropria\u00e7\u00e3o (2008).<\/p>\n<p>Participa\u00e7\u00e3o de <strong>Marta Maria Bar\u00e7ante Pires<\/strong> &#8211; Presidente da Funda\u00e7\u00e3o Dinarco Reis, Secret\u00e1ria Nacional de Mulheres do Partido Comunista Brasileiro (PCB) e servidora p\u00fablica aposentada.<\/p>\n<p><strong>Aula 2 (10 DE ABRIL &#8211; QUINTA)<\/strong> &#8211; O que \u00e9 o sionismo e como ele opera<\/p>\n<p><strong>Breno Altman<\/strong> &#8211; Jornalista, fundador do site Opera Mundi, autor do livro Contra o Sionismo: Retrato de uma Doutrina Colonial e Racista (2023).<\/p>\n<p>Participa\u00e7\u00e3o de<strong> Francisco Malta de Ara\u00fajo<\/strong> &#8211; Secret\u00e1rio de Solidariedade Internacionalista do Partido Comunista Brasileiro (PCB), membro da coordena\u00e7\u00e3o nacional da Rede Modesto da Silveira, advogado.<\/p>\n<p><strong>Aula 3 (15 DE ABRIL &#8211; TER\u00c7A)<\/strong> &#8211; Expansionismo de Israel para o L\u00edbano, o Ir\u00e3, S\u00edria, Oriente M\u00e9dio<\/p>\n<p><strong>Reginaldo Mattar Nasser<\/strong> &#8211; Professor de Rela\u00e7\u00f5es Internacionais da PUC-SP e do Programa de P\u00f3s Gradua\u00e7\u00e3o em Rela\u00e7\u00f5es Internacionais (Unesp, Unicamp e PUC). Pesquisador do Instituto Nacional de Estudos Sobre os EUA (INEU). L\u00edder do GECI (Grupo de Estudos Sobre Conflitos Internacionais). Autor dos livros Novas perspectivas sobre os conflitos internacionais (2010), Revoltas, Conflitos e os Novos Caminhos da Geopol\u00edtica (2021), A Luta Contra o Terrorismo: os Estados Unidos e os Amigos Talib\u00e3s (2021), dentre outros.<\/p>\n<p>Participa\u00e7\u00e3o de <strong>Milton Pinheiro<\/strong> &#8211; Secret\u00e1rio Nacional de Forma\u00e7\u00e3o Pol\u00edtica do Partido Comunista Brasileiro (PCB), membro da Secretaria de Rela\u00e7\u00f5es Internacionais, cientista pol\u00edtico, professor titular de hist\u00f3ria pol\u00edtica da Universidade do Estado da Bahia (UNEB). \u00c9 autor\/organizador de diversos livros, entre eles, Partido Comunista Brasileiro: 100 anos de hist\u00f3ria e lutas (2023).<\/p>\n<p><strong>Aula 4<\/strong> <strong>(17 DE ABRIL &#8211; QUINTA)<\/strong> &#8211; Hist\u00f3ria e as perspectivas da esquerda palestina<\/p>\n<p><strong>Marcelo Buzetto<\/strong> &#8211; Doutor em Ci\u00eancias Sociais pela PUC\/SP, \u00e9 professor volunt\u00e1rio da Escola Nacional Florestan Fernandes (ENFF), pesquisador do N\u00facleo de Estudos de Ideologias e Lutas Sociais (NEILS-PUC\/SP) e do Grupo de Pesquisa Pensamento Pol\u00edtico Brasileiro e Latino-Americano (UNESP Mar\u00edlia\/SP). \u00c9 assessor da Secretaria Nacional de Pol\u00edticas Sociais e Direitos Humanos da Central \u00danica dos Trabalhadores (CUT) e autor do livro A Quest\u00e3o Palestina: guerra, pol\u00edtica e rela\u00e7\u00f5es internacionais (2015).<\/p>\n<p>Participa\u00e7\u00e3o de <strong>F\u00e1bio Aparecido Martins Bezerra<\/strong> &#8211; Professor do Departamento de Ci\u00eancias Sociais e Filosofia do CEFET-MG, membro do Comit\u00ea Central do PCB e do Comit\u00ea de Solidariedade \u00e0 Palestina em MG.<\/p>\n<p><strong>Aula 5 (22 DE ABRIL &#8211; TER\u00c7A)<\/strong> \u2013 A Juventude Palestina<\/p>\n<p><strong>Maria Francisca<\/strong> &#8211; Militante da UJC &#8211; Uni\u00e3o da Juventude Comunista, do PCB e da luta em solidariedade \u00e0 causa palestina, graduanda em Hist\u00f3ria da UFF, pesquisa o colonialismo brit\u00e2nico no Oriente M\u00e9dio<\/p>\n<p>Representante da <strong>Juventude Palestina Sana\u00fad<\/strong><\/p>\n<p><strong>Aula 6 (30 DE ABRIL &#8211; QUARTA)<\/strong> &#8211; Como combater o sionismo e apoiar a Palestina<\/p>\n<p><strong>Ualid Rabah<\/strong> &#8211; advogado, natural de Toledo\/PR, atual presidente da Federa\u00e7\u00e3o \u00c1rabe-Palestina do Brasil (FEPAL)<\/p>\n<p><strong>Virg\u00ednia Fontes<\/strong> &#8211; Historiadora, com mestrado na UFF e doutorado em Filosofia pela Universit\u00e9 de Paris X, Nanterre (1992). Atua na P\u00f3s-Gradua\u00e7\u00e3o em Hist\u00f3ria da UFF, integra o NIEP-MARX &#8211; N\u00facleo Interdisciplinar de Estudos e Pesquisas sobre Marx e o marxismo. Docente da Escola Nacional Florestan Fernandes-MST. Autora de Reflex\u00f5es Im-pertinentes (2005), O Brasil e o capital-imperialismo: teoria e hist\u00f3ria (2010), co-autora de Hegemonia Burguesa na Educa\u00e7\u00e3o P\u00fablica (EPSJV, 2018) e de in\u00fameros artigos em peri\u00f3dicos nacionais e internacionais.<\/p>\n<p><strong>AS AULAS FICAR\u00c3O GRAVADAS!<\/strong><\/p>\n<p>Valor R$ 80,00 (podendo ser parcelado)<\/p>\n<p>APOIE A FUNDA\u00c7\u00c3O DINARCO REIS<br \/>\nlink para inscri\u00e7\u00e3o: <a href=\"https:\/\/www.even3.com.br\/curso-palestina-e-oriente-medio-537316\/\">https:\/\/www.even3.com.br\/curso-palestina-e-oriente-medio-537316\/<\/a><\/p>\n","protected":false},"excerpt":{"rendered":"<a class=\"moretag\" href=\"https:\/\/pcb.org.br\/portal2\/32623\"> <\/a>","protected":false},"author":8,"featured_media":0,"comment_status":"closed","ping_status":"closed","sticky":false,"template":"","format":"standard","meta":{"jetpack_post_was_ever_published":false,"_jetpack_newsletter_access":"","_jetpack_dont_email_post_to_subs":false,"_jetpack_newsletter_tier_id":0,"_jetpack_memberships_contains_paywalled_content":false,"_jetpack_memberships_contains_paid_content":false,"footnotes":"","jetpack_publicize_message":"","jetpack_publicize_feature_enabled":true,"jetpack_social_post_already_shared":true,"jetpack_social_options":{"image_generator_settings":{"template":"highway","default_image_id":0,"font":"","enabled":false},"version":2}},"categories":[69,9,78],"tags":[223],"class_list":["post-32623","post","type-post","status-publish","format-standard","hentry","category-c82-fundacao","category-s10-internacional","category-c91-solidariedade-a-palestina","tag-3a"],"jetpack_publicize_connections":[],"jetpack_featured_media_url":"","jetpack_shortlink":"https:\/\/wp.me\/p659gw-8ub","jetpack-related-posts":[],"jetpack_likes_enabled":true,"jetpack_sharing_enabled":true,"_links":{"self":[{"href":"https:\/\/pcb.org.br\/portal2\/wp-json\/wp\/v2\/posts\/32623","targetHints":{"allow":["GET"]}}],"collection":[{"href":"https:\/\/pcb.org.br\/portal2\/wp-json\/wp\/v2\/posts"}],"about":[{"href":"https:\/\/pcb.org.br\/portal2\/wp-json\/wp\/v2\/types\/post"}],"author":[{"embeddable":true,"href":"https:\/\/pcb.org.br\/portal2\/wp-json\/wp\/v2\/users\/8"}],"replies":[{"embeddable":true,"href":"https:\/\/pcb.org.br\/portal2\/wp-json\/wp\/v2\/comments?post=32623"}],"version-history":[{"count":2,"href":"https:\/\/pcb.org.br\/portal2\/wp-json\/wp\/v2\/posts\/32623\/revisions"}],"predecessor-version":[{"id":32637,"href":"https:\/\/pcb.org.br\/portal2\/wp-json\/wp\/v2\/posts\/32623\/revisions\/32637"}],"wp:attachment":[{"href":"https:\/\/pcb.org.br\/portal2\/wp-json\/wp\/v2\/media?parent=32623"}],"wp:term":[{"taxonomy":"category","embeddable":true,"href":"https:\/\/pcb.org.br\/portal2\/wp-json\/wp\/v2\/categories?post=32623"},{"taxonomy":"post_tag","embeddable":true,"href":"https:\/\/pcb.org.br\/portal2\/wp-json\/wp\/v2\/tags?post=32623"}],"curies":[{"name":"wp","href":"https:\/\/api.w.org\/{rel}","templated":true}]}}