{"id":32629,"date":"2025-03-16T10:43:23","date_gmt":"2025-03-16T13:43:23","guid":{"rendered":"https:\/\/pcb.org.br\/portal2\/?p=32629"},"modified":"2025-03-16T10:43:23","modified_gmt":"2025-03-16T13:43:23","slug":"quem-planta-arcabouco-fiscal-colhe-insatisfacao-popular","status":"publish","type":"post","link":"https:\/\/pcb.org.br\/portal2\/32629","title":{"rendered":"QUEM PLANTA ARCABOU\u00c7O FISCAL COLHE INSATISFA\u00c7\u00c3O POPULAR"},"content":{"rendered":"<p><img data-recalc-dims=\"1\" loading=\"lazy\" decoding=\"async\" data-attachment-id=\"32630\" data-permalink=\"https:\/\/pcb.org.br\/portal2\/32629\/attachment\/1000220838\" data-orig-file=\"https:\/\/i0.wp.com\/pcb.org.br\/portal2\/wp-content\/uploads\/2025\/03\/1000220838.jpg?fit=1080%2C1073&amp;ssl=1\" data-orig-size=\"1080,1073\" data-comments-opened=\"0\" data-image-meta=\"{&quot;aperture&quot;:&quot;0&quot;,&quot;credit&quot;:&quot;&quot;,&quot;camera&quot;:&quot;&quot;,&quot;caption&quot;:&quot;&quot;,&quot;created_timestamp&quot;:&quot;0&quot;,&quot;copyright&quot;:&quot;&quot;,&quot;focal_length&quot;:&quot;0&quot;,&quot;iso&quot;:&quot;0&quot;,&quot;shutter_speed&quot;:&quot;0&quot;,&quot;title&quot;:&quot;&quot;,&quot;orientation&quot;:&quot;0&quot;}\" data-image-title=\"1000220838\" data-image-description=\"\" data-image-caption=\"\" data-large-file=\"https:\/\/i0.wp.com\/pcb.org.br\/portal2\/wp-content\/uploads\/2025\/03\/1000220838.jpg?fit=747%2C742&amp;ssl=1\" class=\"alignnone size-large wp-image-32630\" src=\"https:\/\/i0.wp.com\/pcb.org.br\/portal2\/wp-content\/uploads\/2025\/03\/1000220838.jpg?resize=747%2C742&#038;ssl=1\" alt=\"\" width=\"747\" height=\"742\" srcset=\"https:\/\/i0.wp.com\/pcb.org.br\/portal2\/wp-content\/uploads\/2025\/03\/1000220838.jpg?resize=900%2C894&amp;ssl=1 900w, https:\/\/i0.wp.com\/pcb.org.br\/portal2\/wp-content\/uploads\/2025\/03\/1000220838.jpg?resize=300%2C298&amp;ssl=1 300w, https:\/\/i0.wp.com\/pcb.org.br\/portal2\/wp-content\/uploads\/2025\/03\/1000220838.jpg?resize=150%2C150&amp;ssl=1 150w, https:\/\/i0.wp.com\/pcb.org.br\/portal2\/wp-content\/uploads\/2025\/03\/1000220838.jpg?resize=768%2C763&amp;ssl=1 768w, https:\/\/i0.wp.com\/pcb.org.br\/portal2\/wp-content\/uploads\/2025\/03\/1000220838.jpg?w=1080&amp;ssl=1 1080w\" sizes=\"auto, (max-width: 747px) 100vw, 747px\" \/><!--more--><\/p>\n<p>Vivemos um momento em que uma nova onda da ofensiva da extrema direita, em escala global, se fortalece com um novo centro apoiador nos EUA.<br \/>\nCom a elei\u00e7\u00e3o de Trump, o imperialismo estadunidense passou a utilizar uma nova t\u00e1tica de atua\u00e7\u00e3o na conjuntura internacional, visando dois objetivos estrat\u00e9gicos: a) reestruturar pela coa\u00e7\u00e3o a ordem econ\u00f4mica internacional, buscando acima de tudo preservar seus interesses e o dom\u00ednio na parte capitalista do mundo; b) reverter o decl\u00ednio dos EUA e recuperar a hegemonia que est\u00e1 sendo contestada pelas pot\u00eancias emergentes.<\/p>\n<p>Entre as medidas at\u00e9 agora anunciadas, nem todas implementadas, podem-se destacar as seguintes: retomada do Canal do Panam\u00e1; anexa\u00e7\u00e3o do Canad\u00e1 como 51\u00ba Estado e da Groenl\u00e2ndia; endurecimento do bloqueio a Cuba; tarifa de 100% aos pa\u00edses que tentarem se desvincular do d\u00f3lar e de 25% para todos os produtos da Uni\u00e3o Europeia, al\u00e9m da exig\u00eancia de que os europeus gastem 5% do PIB com defesa. No curto per\u00edodo de seu mandato, Trump imp\u00f4s uma tarifa de 25% para M\u00e9xico e Canad\u00e1 (posteriormente suspendeu por 30 dias para negociar); 25% para a\u00e7o e alum\u00ednio e de 20% para a China; cortou o financiamento da ag\u00eancia da ONU para refugiados; mudou o nome de Golfo do M\u00e9xico para Golfo da Am\u00e9rica; est\u00e1 desmantelando a USAID; se retirou da Organiza\u00e7\u00e3o Mundial da Sa\u00fade e do Acordo de Paris e da Comiss\u00e3o de Direitos Humanos.<\/p>\n<p>Internamente, perdoou os invasores do Capit\u00f3lio; revogou a lei de igualdade de oportunidades e emprego de 1965; est\u00e1 desmontando v\u00e1rias institui\u00e7\u00f5es e realizando a deporta\u00e7\u00e3o de imigrantes em massa, alguns deles para Guant\u00e2namo, realizando pris\u00f5es pol\u00edticas de estudantes em Universidades norte-americanas e amea\u00e7ando pris\u00f5es por crime de opini\u00e3o.<\/p>\n<p>Com rela\u00e7\u00e3o \u00e0 crise no Oriente M\u00e9dio, Trump manifestou apoio total a Israel e ao genoc\u00eddio do povo palestino, enviando bombas mais poderosas e equipamentos militares mais modernos para o governo Netanyahu. Prometeu tomar a Faixa de Gaza e transform\u00e1-la em uma Riviera do Oriente M\u00e9dio; quer destruir o Hamas e expulsar os palestinos. Quanto \u00e0 guerra na Ucr\u00e2nia resolveu realizar negocia\u00e7\u00f5es diretas com a R\u00fassia, abrindo processo de negocia\u00e7\u00e3o no n\u00edvel dos ministros das Rela\u00e7\u00f5es Exteriores, na Ar\u00e1bia Saudita, sem a presen\u00e7a da Ucr\u00e2nia e dos europeus, seus velhos aliados da Europa, que n\u00e3o puderam fazer nada a n\u00e3o ser reclamar e realizar confer\u00eancia dizendo que v\u00e3o de rearmar diante da nova conjuntura. Trump, al\u00e9m de ter humilhado Zelenski publicamente, vem exigindo U$ 500 bilh\u00f5es \u00e0 Ucr\u00e2nia como compensa\u00e7\u00e3o pelo envio de armas e impondo um tratado no qual se apossar\u00e1 das terras raras daquele pa\u00eds e de metade das receitas com exporta\u00e7\u00e3o.<\/p>\n<p>Trump se comporta como um valent\u00e3o agressivo, uma esp\u00e9cie de imperador do mundo, buscando resgatar a qualquer custo o prest\u00edgio dos Estados Unidos, o que vem lhe rendendo alguma popularidade internamente, apesar de, por outro lado, haver crescente insatisfa\u00e7\u00e3o com as medidas abertamente autorit\u00e1rias adotadas contra direitos hist\u00f3ricos do povo em seu pa\u00eds e o desmonte de estruturas estatais, com milhares de demiss\u00f5es. O slogan \u201cMake America Great Again\u201d (tornar os Estados Unidos grandes novamente) \u00e9 uma confiss\u00e3o de que o sistema est\u00e1 em decl\u00ednio, levando Trump a declarar uma guerra econ\u00f4mica ao mundo, atrav\u00e9s de tarifas, amea\u00e7as de san\u00e7\u00f5es e o uso de armas, caso necess\u00e1rio.<\/p>\n<p>Mas essas a\u00e7\u00f5es desesperadas podem ter chegado tarde demais, pr\u00f3ximo a um ponto de n\u00e3o retorno, num mundo em que \u00e9 cada vez mais problem\u00e1tico neutralizar as for\u00e7as que emergiram se contrapondo de alguma forma \u00e0 velha ordem. Al\u00e9m disso, podem ser um tiro no p\u00e9, pois a ind\u00fastria estadunidense, como a do a\u00e7o, n\u00e3o est\u00e1 estruturada para de uma hora para outra produzir o suficiente a fim de substituir as importa\u00e7\u00f5es. Tais medidas podem provocar recess\u00e3o e mais desemprego, como o pr\u00f3prio Trump come\u00e7ou a reconhecer recentemente, o que por sua vez provocou queda do d\u00f3lar e reviravolta no mercado de a\u00e7\u00f5es.<\/p>\n<p>No que diz respeito \u00e0 Am\u00e9rica Latina, a situa\u00e7\u00e3o \u00e9 mais complexa porque os Estados Unidos consideram a regi\u00e3o como seu p\u00e1tio traseiro. Num momento de crise como esse e com um presidente agressivo como Trump, as press\u00f5es para que os governos da regi\u00e3o se enquadrem em rela\u00e7\u00e3o aos interesses dos Estados Unidos ser\u00e3o bastante duras, principalmente contra Venezuela e Brasil, que n\u00e3o s\u00f3 \u00e9 membro dos BRICS como est\u00e1 exercendo sua presid\u00eancia. As tarifas contra o alum\u00ednio e o a\u00e7o e as amea\u00e7as contra o etanol s\u00e3o apenas o in\u00edcio de um processo que vai tensionar as rela\u00e7\u00f5es entre os dois pa\u00edses.<\/p>\n<p>A conjuntura nacional: governo Lula mant\u00e9m compromissos com a burguesia e n\u00e3o cumpre promessas de campanha<\/p>\n<p>Como o Brasil n\u00e3o \u00e9 um compartimento estanque da economia mundial, sofre os efeitos da crise mundial do capitalismo, que ser\u00e1 ainda mais agravada com as medidas tomadas por Trump. Por sua dimens\u00e3o continental, potencial econ\u00f4mico, al\u00e9m de forte influ\u00eancia pol\u00edtica na Am\u00e9rica Latina, o Brasil sofrer\u00e1 press\u00f5es de Trump, que vai fazer de tudo para afastar nosso pa\u00eds das rela\u00e7\u00f5es de parceria com o principal inimigo dos EUA, que \u00e9 a China. Devemos esperar um per\u00edodo de tens\u00f5es nas rela\u00e7\u00f5es entre o Brasil e os Estados Unidos e um aumento das a\u00e7\u00f5es da extrema-direita, incentivadas por Trump, o que j\u00e1 vem ocorrendo.<\/p>\n<p>Todo esse processo acontece num momento em que o governo Lula est\u00e1 bastante fragilizado, mesmo com alguns resultados positivos em rela\u00e7\u00e3o ao emprego e ao crescimento econ\u00f4mico. Suas alian\u00e7as e submiss\u00e3o aos grupos conservadores e aos interesses da burguesia, aliadas \u00e0s medidas claramente neoliberais como o arcabou\u00e7o fiscal e o pacote contra os setores mais pobres da sociedade, minaram sua popularidade, inclusive junto \u00e0s camadas mais carentes da sociedade, que eram sua principal base de apoio. Cabe ainda mencionar que o Congresso Nacional continua sob hegemonia de setores conservadores e reacion\u00e1rios, que pressionam e buscam manter o governo Lula como ref\u00e9m de seus interesses.<\/p>\n<p>O povo trabalhador percebe que as pol\u00edticas de compensa\u00e7\u00e3o social s\u00e3o insuficientes para mudar sua vida e t\u00eam servido muito mais como vitrine atrav\u00e9s das quais o governo busca justificar o conjunto das pol\u00edticas de favorecimento ao capital, ao mesmo tempo em que endurece as a\u00e7\u00f5es contra os trabalhadores, como na greve da educa\u00e7\u00e3o federal, momento em que o governo se comportou como um patr\u00e3o neoliberal, descumprindo os acordos com o ANDES \u2013 Sindicato Nacional. A classe trabalhadora tamb\u00e9m sofre com o aumento do pre\u00e7o dos alimentos, a enorme informalidade que atinge 40 milh\u00f5es de trabalhadores, a precariedade dos servi\u00e7os p\u00fablicos e os baixos sal\u00e1rios.<\/p>\n<p>O governo Lula \u00e9 o grande respons\u00e1vel pelos seus pr\u00f3prios problemas, porque terceirizou a batalha contra a extrema-direita para o Supremo Tribunal Federal, em momento algum pensou em recorrer \u00e0 mobiliza\u00e7\u00e3o popular para aprovar projetos de interesse da popula\u00e7\u00e3o, preferindo os acordos de c\u00fapula com o Centr\u00e3o para garantir a estabilidade institucional e agradar as classes dominantes. Agora colhe o que plantou, pois, quanto mais o governo cede, mais a burguesia exige em favor de suas pr\u00f3prias pautas. Dessa forma, como nada fez para alterar a correla\u00e7\u00e3o de for\u00e7as, favorece o crescimento da direita e da extrema-direita, inclusive entre setores do proletariado.<\/p>\n<p>Al\u00e9m das medidas neoliberais adotadas pelo governo, h\u00e1 uma s\u00e9rie de demandas populares n\u00e3o resolvidas, pois a pauta priorit\u00e1ria \u00e9 o atendimento \u00e0s necessidades e aos interesses do capital. N\u00e3o houve altera\u00e7\u00e3o significativa do quadro relativo \u00e0 destrui\u00e7\u00e3o do meio ambiente, havendo press\u00e3o para avan\u00e7ar com a explora\u00e7\u00e3o do petr\u00f3leo na Bacia Amaz\u00f4nica, o que contraria a l\u00f3gica de uma pol\u00edtica ambiental sustent\u00e1vel, prejudicando ainda mais as condi\u00e7\u00f5es de vida dos povos ind\u00edgenas e quilombolas, os quais seguem sofrendo ataques contra seus direitos, boicote \u00e0 demarca\u00e7\u00e3o de suas terras e a amea\u00e7a do marco temporal.<\/p>\n<p>H\u00e1 necessidade urgente de promover uma reforma profunda das For\u00e7as Armadas, com a revoga\u00e7\u00e3o do artigo 142 da Constitui\u00e7\u00e3o Federal (que mant\u00e9m a possibilidade de tutela das FFAA sobre a sociedade brasileira). \u00c9 preciso reativar o funcionamento da Comiss\u00e3o de Mortos e Desaparecidos Pol\u00edticos e fazer avan\u00e7ar a luta pela revis\u00e3o da Lei de Anistia, com vistas ao julgamento e \u00e0 puni\u00e7\u00e3o dos agentes da ditadura, torturadores, golpistas e colaboradores do regime imposto por meio do golpe empresarial-militar de 1964. Prestes a comemorar 103 anos de sua funda\u00e7\u00e3o, o PCB segue at\u00e9 hoje sem a devida repara\u00e7\u00e3o pelo assassinato, tortura e todo tipo de persegui\u00e7\u00e3o sofridos por seus dirigentes e militantes nos per\u00edodos autorit\u00e1rios (Estado Novo e ditadura de 1964-1985).<\/p>\n<p>Mesmo levando em conta que a grande maioria das organiza\u00e7\u00f5es sindicais e do movimento popular est\u00e3o em compasso de espera, nutrindo ainda esperan\u00e7as com as proclama\u00e7\u00f5es da chamada \u201creconstru\u00e7\u00e3o nacional\u201d ou com o lema \u201cdeixa o homem governar&#8221;, a conjuntura abre espa\u00e7o para a luta social no Brasil porque as bases desses movimentos est\u00e3o descontentes. As crises s\u00e3o momentos dif\u00edceis, centralmente para a classe trabalhadora, mas tamb\u00e9m abrem possibilidades para quem quer lutar.<\/p>\n<p>O campo mais \u00e0 esquerda, por sua vez, encontra-se disperso e dividido, n\u00e3o se constituindo como alternativa vi\u00e1vel \u00e0 polariza\u00e7\u00e3o entre o ultraliberalismo da extrema direita e um social liberalismo recuado do atual campo governista. Precisamos fortalecer a autonomia pol\u00edtica da classe trabalhadora e a independ\u00eancia de suas organiza\u00e7\u00f5es e instrumentos de luta em rela\u00e7\u00e3o ao governo federal. Somente assim poderemos apresentar ao conjunto do povo brasileiro, e em especial \u00e0 classe trabalhadora, uma alternativa pol\u00edtica e program\u00e1tica que espelhe as reais demandas, imediatas e hist\u00f3ricas de nossa classe.<\/p>\n<p>Nesse cen\u00e1rio precisamos refor\u00e7ar que somente atrav\u00e9s da luta de massas organizada, com a mobiliza\u00e7\u00e3o social nos locais de trabalho, moradia e estudo, \u00e9 poss\u00edvel incidir sobre a correla\u00e7\u00e3o de for\u00e7as na perspectiva da classe trabalhadora. Buscamos a unidade de a\u00e7\u00e3o do campo popular junto com as for\u00e7as antifascistas para enfrentar o neofascismo em curso, ao mesmo tempo em que \u00e9 necess\u00e1rio fortalecer as lutas populares por terra e moradia no campo e nas cidades, com a ocupa\u00e7\u00e3o de espa\u00e7os urbanos e rurais.<\/p>\n<p>Est\u00e1 na ordem do dia a pauta dos trabalhadores e das trabalhadoras, como a revoga\u00e7\u00e3o das contrarreformas, a redu\u00e7\u00e3o da jornada de trabalho para 30 horas sem redu\u00e7\u00e3o salarial e contra a escala 6 x 1, a luta contra a carestia e por uma Lei de Responsabilidade Social, que incorpore as demandas mais sentidas do povo trabalhador. \u00c9 preciso resgatar a refer\u00eancia antisisst\u00eamica da esquerda revolucion\u00e1ria e seu papel contestador na luta por um poder popular, na den\u00fancia e no combate permanente ao capitalismo no Brasil e contra as medidas impopulares do governo Lula.<\/p>\n<p>PELO FIM DA ESCALA 6 X 1! EM DEFESA DA REDU\u00c7\u00c3O DA JORNADA DE TRABALHO PARA 30 HORAS SEM REDU\u00c7\u00c3O SALARIAL!<\/p>\n<p>TERRA E MORADIA PARA O POVO TRABALHADOR!<\/p>\n<p>SEM ANISTIA PARA GOLPISTAS E FASCISTAS! PRIS\u00c3O PARA BOLSONARO E SEUS C\u00daMPLICES!<\/p>\n<p>PELO PODER POPULAR, RUMO AO SOCIALISMO!<\/p>\n<p>&nbsp;<\/p>\n<p>Comit\u00ea Central do Partido Comunista Brasileiro (PCB)<\/p>\n","protected":false},"excerpt":{"rendered":"<a class=\"moretag\" href=\"https:\/\/pcb.org.br\/portal2\/32629\"> <\/a>","protected":false},"author":8,"featured_media":0,"comment_status":"closed","ping_status":"closed","sticky":false,"template":"","format":"standard","meta":{"jetpack_post_was_ever_published":false,"_jetpack_newsletter_access":"","_jetpack_dont_email_post_to_subs":false,"_jetpack_newsletter_tier_id":0,"_jetpack_memberships_contains_paywalled_content":false,"_jetpack_memberships_contains_paid_content":false,"footnotes":"","jetpack_publicize_message":"","jetpack_publicize_feature_enabled":true,"jetpack_social_post_already_shared":true,"jetpack_social_options":{"image_generator_settings":{"template":"highway","default_image_id":0,"font":"","enabled":false},"version":2}},"categories":[26],"tags":[219,246],"class_list":["post-32629","post","type-post","status-publish","format-standard","hentry","category-c25-notas-politicas-do-pcb","tag-manchete","tag-np"],"jetpack_publicize_connections":[],"jetpack_featured_media_url":"","jetpack_shortlink":"https:\/\/wp.me\/p659gw-8uh","jetpack-related-posts":[],"jetpack_likes_enabled":true,"jetpack_sharing_enabled":true,"_links":{"self":[{"href":"https:\/\/pcb.org.br\/portal2\/wp-json\/wp\/v2\/posts\/32629","targetHints":{"allow":["GET"]}}],"collection":[{"href":"https:\/\/pcb.org.br\/portal2\/wp-json\/wp\/v2\/posts"}],"about":[{"href":"https:\/\/pcb.org.br\/portal2\/wp-json\/wp\/v2\/types\/post"}],"author":[{"embeddable":true,"href":"https:\/\/pcb.org.br\/portal2\/wp-json\/wp\/v2\/users\/8"}],"replies":[{"embeddable":true,"href":"https:\/\/pcb.org.br\/portal2\/wp-json\/wp\/v2\/comments?post=32629"}],"version-history":[{"count":1,"href":"https:\/\/pcb.org.br\/portal2\/wp-json\/wp\/v2\/posts\/32629\/revisions"}],"predecessor-version":[{"id":32631,"href":"https:\/\/pcb.org.br\/portal2\/wp-json\/wp\/v2\/posts\/32629\/revisions\/32631"}],"wp:attachment":[{"href":"https:\/\/pcb.org.br\/portal2\/wp-json\/wp\/v2\/media?parent=32629"}],"wp:term":[{"taxonomy":"category","embeddable":true,"href":"https:\/\/pcb.org.br\/portal2\/wp-json\/wp\/v2\/categories?post=32629"},{"taxonomy":"post_tag","embeddable":true,"href":"https:\/\/pcb.org.br\/portal2\/wp-json\/wp\/v2\/tags?post=32629"}],"curies":[{"name":"wp","href":"https:\/\/api.w.org\/{rel}","templated":true}]}}