{"id":32653,"date":"2025-03-21T23:09:58","date_gmt":"2025-03-22T02:09:58","guid":{"rendered":"https:\/\/pcb.org.br\/portal2\/?p=32653"},"modified":"2025-03-21T23:09:58","modified_gmt":"2025-03-22T02:09:58","slug":"declaracao-do-partido-comunista-palestino-4","status":"publish","type":"post","link":"https:\/\/pcb.org.br\/portal2\/32653","title":{"rendered":"Declara\u00e7\u00e3o do Partido Comunista Palestino"},"content":{"rendered":"<p><img data-recalc-dims=\"1\" loading=\"lazy\" decoding=\"async\" data-attachment-id=\"32654\" data-permalink=\"https:\/\/pcb.org.br\/portal2\/32653\/attachment\/1000221924\" data-orig-file=\"https:\/\/i0.wp.com\/pcb.org.br\/portal2\/wp-content\/uploads\/2025\/03\/1000221924.jpg?fit=318%2C480&amp;ssl=1\" data-orig-size=\"318,480\" data-comments-opened=\"0\" data-image-meta=\"{&quot;aperture&quot;:&quot;0&quot;,&quot;credit&quot;:&quot;&quot;,&quot;camera&quot;:&quot;&quot;,&quot;caption&quot;:&quot;&quot;,&quot;created_timestamp&quot;:&quot;0&quot;,&quot;copyright&quot;:&quot;&quot;,&quot;focal_length&quot;:&quot;0&quot;,&quot;iso&quot;:&quot;0&quot;,&quot;shutter_speed&quot;:&quot;0&quot;,&quot;title&quot;:&quot;&quot;,&quot;orientation&quot;:&quot;0&quot;}\" data-image-title=\"1000221924\" data-image-description=\"\" data-image-caption=\"\" data-large-file=\"https:\/\/i0.wp.com\/pcb.org.br\/portal2\/wp-content\/uploads\/2025\/03\/1000221924.jpg?fit=318%2C480&amp;ssl=1\" class=\"alignnone size-full wp-image-32654\" src=\"https:\/\/i0.wp.com\/pcb.org.br\/portal2\/wp-content\/uploads\/2025\/03\/1000221924.jpg?resize=318%2C480&#038;ssl=1\" alt=\"\" width=\"318\" height=\"480\" srcset=\"https:\/\/i0.wp.com\/pcb.org.br\/portal2\/wp-content\/uploads\/2025\/03\/1000221924.jpg?w=318&amp;ssl=1 318w, https:\/\/i0.wp.com\/pcb.org.br\/portal2\/wp-content\/uploads\/2025\/03\/1000221924.jpg?resize=199%2C300&amp;ssl=1 199w\" sizes=\"auto, (max-width: 318px) 100vw, 318px\" \/><!--more--><\/p>\n<p>Sobre o golpe da governo de ocupa\u00e7\u00e3o fascista contra o acordo de cessar-fogo e a retomada da guerra de exterm\u00ednio contra nosso povo palestino na Faixa de Gaza<\/p>\n<p>Oh, massas do nosso povo resiliente.<\/p>\n<p>Em continuidade \u00e0 sua abordagem sanguin\u00e1ria e agress\u00e3o fascista, o governo de ocupa\u00e7\u00e3o sionista realizou um golpe contra o acordo de cessar-fogo, retomando a guerra de exterm\u00ednio genocida contra nosso povo na Faixa de Gaza, em um desafio flagrante a todas as leis e conven\u00e7\u00f5es internacionais, e persistindo em sua pol\u00edtica de assassinato, destrui\u00e7\u00e3o, deslocamento e fome.<\/p>\n<p>Este novo crime, que ocorre no contexto dos crimes cont\u00ednuos contra nosso povo, prova mais uma vez que a ocupa\u00e7\u00e3o continua sua abordagem enganosa no \u00e2mbito de sua pol\u00edtica racista, usando acordos formais como cobertura para seus crimes. Isso confirma que quaisquer solu\u00e7\u00f5es ou acordos com essa entidade usurpadora permanecem ilus\u00f3rios, a menos que haja garantias internacionais, distantes do apoio descarado representado pelos Estados Unidos, o principal defensor dos crimes da ocupa\u00e7\u00e3o contra nosso povo. O governo de ocupa\u00e7\u00e3o, liderado por for\u00e7as fascistas e racistas, continua a cometer massacres contra civis desarmados, visando crian\u00e7as, mulheres e idosos, em uma tentativa desesperada de quebrar a vontade de resist\u00eancia do nosso povo.<\/p>\n<p>N\u00f3s, do Partido Comunista Palestino, condenamos nos termos mais fortes este crime cont\u00ednuo contra nosso povo em Gaza e afirmamos o seguinte:<\/p>\n<p>1. A necessidade de intensificar a luta popular e a resist\u00eancia em todas as suas formas para enfrentar a ocupa\u00e7\u00e3o e seus planos de liquida\u00e7\u00e3o em toda a Palestina hist\u00f3rica.<\/p>\n<p>2. O chamado para uma ampla campanha internacional de solidariedade para expor os crimes da ocupa\u00e7\u00e3o e pressionar por sua responsabiliza\u00e7\u00e3o perante os tribunais internacionais.<\/p>\n<p>3. A rejei\u00e7\u00e3o de quaisquer projetos de liquida\u00e7\u00e3o ou acordos falsos que tentem contornar os direitos inalien\u00e1veis do nosso povo, principalmente o direito ao retorno e \u00e0 autodetermina\u00e7\u00e3o.<\/p>\n<p>4. O fortalecimento da unidade nacional e da resist\u00eancia como a arma mais poderosa para enfrentar a agress\u00e3o sionista e frustrar seus planos de semear divis\u00e3o e desuni\u00e3o.<\/p>\n<p>5. O apelo \u00e0s for\u00e7as progressistas e revolucion\u00e1rias em todo o mundo para que adotem posi\u00e7\u00f5es firmes contra as pol\u00edticas criminosas da ocupa\u00e7\u00e3o e parem todas as formas de apoio e cumplicidade com ela.<\/p>\n<p>N\u00f3s, do Partido Comunista Palestino, afirmamos que nosso povo, que fez sacrif\u00edcios imensos, n\u00e3o ser\u00e1 quebrado pela m\u00e1quina de guerra sionista e continuar\u00e1 sua luta at\u00e9 a liberta\u00e7\u00e3o, o retorno e o estabelecimento de seu Estado independente em todo o seu territ\u00f3rio nacional, com Jerusal\u00e9m unificada como sua capital.<\/p>\n<p>Gl\u00f3ria e eternidade aos nossos m\u00e1rtires her\u00f3icos!<br \/>\nLiberdade para nossos prisioneiros valentes!<br \/>\nVit\u00f3ria para nosso povo em sua justa luta contra a ocupa\u00e7\u00e3o e o colonialismo!<\/p>\n<p>Partido Comunista Palestino<\/p>\n","protected":false},"excerpt":{"rendered":"<a class=\"moretag\" href=\"https:\/\/pcb.org.br\/portal2\/32653\"> <\/a>","protected":false},"author":8,"featured_media":0,"comment_status":"closed","ping_status":"closed","sticky":false,"template":"","format":"standard","meta":{"jetpack_post_was_ever_published":false,"_jetpack_newsletter_access":"","_jetpack_dont_email_post_to_subs":false,"_jetpack_newsletter_tier_id":0,"_jetpack_memberships_contains_paywalled_content":false,"_jetpack_memberships_contains_paid_content":false,"footnotes":"","jetpack_publicize_message":"","jetpack_publicize_feature_enabled":true,"jetpack_social_post_already_shared":true,"jetpack_social_options":{"image_generator_settings":{"template":"highway","default_image_id":0,"font":"","enabled":false},"version":2}},"categories":[181,37,242,9,255,78],"tags":[222],"class_list":["post-32653","post","type-post","status-publish","format-standard","hentry","category-asia","category-c42-comunistas","category-eipco","category-s10-internacional","category-israel","category-c91-solidariedade-a-palestina","tag-2b"],"jetpack_publicize_connections":[],"jetpack_featured_media_url":"","jetpack_shortlink":"https:\/\/wp.me\/p659gw-8uF","jetpack-related-posts":[],"jetpack_likes_enabled":true,"jetpack_sharing_enabled":true,"_links":{"self":[{"href":"https:\/\/pcb.org.br\/portal2\/wp-json\/wp\/v2\/posts\/32653","targetHints":{"allow":["GET"]}}],"collection":[{"href":"https:\/\/pcb.org.br\/portal2\/wp-json\/wp\/v2\/posts"}],"about":[{"href":"https:\/\/pcb.org.br\/portal2\/wp-json\/wp\/v2\/types\/post"}],"author":[{"embeddable":true,"href":"https:\/\/pcb.org.br\/portal2\/wp-json\/wp\/v2\/users\/8"}],"replies":[{"embeddable":true,"href":"https:\/\/pcb.org.br\/portal2\/wp-json\/wp\/v2\/comments?post=32653"}],"version-history":[{"count":1,"href":"https:\/\/pcb.org.br\/portal2\/wp-json\/wp\/v2\/posts\/32653\/revisions"}],"predecessor-version":[{"id":32655,"href":"https:\/\/pcb.org.br\/portal2\/wp-json\/wp\/v2\/posts\/32653\/revisions\/32655"}],"wp:attachment":[{"href":"https:\/\/pcb.org.br\/portal2\/wp-json\/wp\/v2\/media?parent=32653"}],"wp:term":[{"taxonomy":"category","embeddable":true,"href":"https:\/\/pcb.org.br\/portal2\/wp-json\/wp\/v2\/categories?post=32653"},{"taxonomy":"post_tag","embeddable":true,"href":"https:\/\/pcb.org.br\/portal2\/wp-json\/wp\/v2\/tags?post=32653"}],"curies":[{"name":"wp","href":"https:\/\/api.w.org\/{rel}","templated":true}]}}