{"id":32657,"date":"2025-03-24T21:50:51","date_gmt":"2025-03-25T00:50:51","guid":{"rendered":"https:\/\/pcb.org.br\/portal2\/?p=32657"},"modified":"2025-03-24T21:50:51","modified_gmt":"2025-03-25T00:50:51","slug":"pelo-direito-a-verdade","status":"publish","type":"post","link":"https:\/\/pcb.org.br\/portal2\/32657","title":{"rendered":"Pelo Direito \u00e0 Verdade!"},"content":{"rendered":"<p><img data-recalc-dims=\"1\" loading=\"lazy\" decoding=\"async\" data-attachment-id=\"32658\" data-permalink=\"https:\/\/pcb.org.br\/portal2\/32657\/screenshot_2024-03-24-16-24-27-476_com-whatsapp-300x236\" data-orig-file=\"https:\/\/i0.wp.com\/pcb.org.br\/portal2\/wp-content\/uploads\/2025\/03\/Screenshot_2024-03-24-16-24-27-476_com.whatsapp-300x236-1.jpg?fit=300%2C236&amp;ssl=1\" data-orig-size=\"300,236\" data-comments-opened=\"0\" data-image-meta=\"{&quot;aperture&quot;:&quot;0&quot;,&quot;credit&quot;:&quot;&quot;,&quot;camera&quot;:&quot;&quot;,&quot;caption&quot;:&quot;&quot;,&quot;created_timestamp&quot;:&quot;0&quot;,&quot;copyright&quot;:&quot;&quot;,&quot;focal_length&quot;:&quot;0&quot;,&quot;iso&quot;:&quot;0&quot;,&quot;shutter_speed&quot;:&quot;0&quot;,&quot;title&quot;:&quot;&quot;,&quot;orientation&quot;:&quot;0&quot;}\" data-image-title=\"Screenshot_2024-03-24-16-24-27-476_com.whatsapp-300&amp;#215;236\" data-image-description=\"\" data-image-caption=\"\" data-large-file=\"https:\/\/i0.wp.com\/pcb.org.br\/portal2\/wp-content\/uploads\/2025\/03\/Screenshot_2024-03-24-16-24-27-476_com.whatsapp-300x236-1.jpg?fit=300%2C236&amp;ssl=1\" class=\"alignnone size-full wp-image-32658\" src=\"https:\/\/i0.wp.com\/pcb.org.br\/portal2\/wp-content\/uploads\/2025\/03\/Screenshot_2024-03-24-16-24-27-476_com.whatsapp-300x236-1.jpg?resize=300%2C236&#038;ssl=1\" alt=\"\" width=\"300\" height=\"236\" \/><!--more--><\/p>\n<p>Imagem: ABI<\/p>\n<p>Secretaria de Solidariedade Internacionalista do PCB<\/p>\n<p>No dia 24 de mar\u00e7o, no j\u00e1 quase long\u00ednquo 1980, foi assassinado o Arcebispo D. \u00d3scar Romero em El Salvador, no contexto da guerra civil que atravessou o pa\u00eds por mais de uma d\u00e9cada. A ONU, com base nesse horrendo fato, estabeleceu essa data como Dia Internacional do Direito \u00e0 Verdade sobre as Viola\u00e7\u00f5es dos Direitos Humanos e pela Dignidade das V\u00edtimas.<\/p>\n<p>A data tamb\u00e9m passou a ser celebrada no Brasil todos os anos, em decorr\u00eancia da aprova\u00e7\u00e3o da Lei n\u00b0 13.605\/18, de autoria da deputada Luiza Erundina. Por\u00e9m, nosso pa\u00eds segue extremamente indolente quanto aos significados dessa importante data. Encontra-se em estupendo d\u00e9bito quanto \u00e0 Verdade, Mem\u00f3ria, Justi\u00e7a e Repara\u00e7\u00e3o.<\/p>\n<p>Condenado v\u00e1rias vezes pela Corte Interamericana de Direitos Humanos &#8211; CIDH, o Brasil segue inadimplente quanto ao cumprimento de v\u00e1rias determina\u00e7\u00f5es da Corte quanto \u00e0s consignas de direitos humanos e de respeito \u00e0 dignidade das pessoas. Como se n\u00e3o bastasse, prossegue incorrendo em v\u00e1rios crimes relacionados \u00e0 oculta\u00e7\u00e3o de cad\u00e1ver e desaparecimento for\u00e7ado.<\/p>\n<p>At\u00e9 o presente, apesar de uma luta de d\u00e9cadas, a nossa legisla\u00e7\u00e3o quanto ao crime de oculta\u00e7\u00e3o de cad\u00e1ver segue, por conta de uma leitura absurdamente inconvencional e contr\u00e1ria \u00e0s decis\u00f5es da Corte IDH quanto \u00e0 anistia de 1979, n\u00e3o vem sendo aplic\u00e1vel a esses casos, o que \u00e9 uma afronta aos direitos sociais \u2013 humanos internacionais, uma viola\u00e7\u00e3o da dignidade das fam\u00edlias, amigas e amigos, de desaparecidos for\u00e7ados cujos corpos foram ocultados por atos e a\u00e7\u00f5es da ditadura empresarial-militar de 1964\/1985.<\/p>\n<p>Essa omiss\u00e3o do Estado brasileiro opera como um verdadeiro &#8220;passaporte&#8221; para a continuidade dessa conduta delitiva, na qual em geral est\u00e3o envolvidos agentes das for\u00e7as de seguran\u00e7a em todo o pa\u00eds, mas n\u00e3o s\u00f3. A outro turno, aguarda-se, n\u00e3o sem insistentes reclamos que tamb\u00e9m percorrem anos a fio, que o Supremo Tribunal Federal do Brasil reveja os ditames da lei de anistia para, com isso, permitir que aqueles que foram respons\u00e1veis por mortes e oculta\u00e7\u00e3o de cad\u00e1veres, sejam punidos de acordo com os mandamentos legais e constitucionais vigentes, o que tamb\u00e9m amparado ordenamento normativo internacional.<\/p>\n<p>Espera-se que a Corte cumpra seu papel, afinando-se, desse modo, com o pacto civilizat\u00f3rio mundial que \u00e9 absolutamente contr\u00e1rio a esse tipo de pr\u00e1tica que continua afetando milhares de seres humanos em todo o mundo, suas fam\u00edlias e seus c\u00edrculos sociais.<\/p>\n<p>SEM ANISTIA PARA GOLPISTAS DE ONTEM E DE HOJE!<\/p>\n<p>POR MEM\u00d3RIA, VERDADE, JUSTI\u00c7A E REPARA\u00c7\u00c3O!<\/p>\n","protected":false},"excerpt":{"rendered":"<a class=\"moretag\" href=\"https:\/\/pcb.org.br\/portal2\/32657\"> <\/a>","protected":false},"author":8,"featured_media":0,"comment_status":"closed","ping_status":"closed","sticky":false,"template":"","format":"standard","meta":{"jetpack_post_was_ever_published":false,"_jetpack_newsletter_access":"","_jetpack_dont_email_post_to_subs":false,"_jetpack_newsletter_tier_id":0,"_jetpack_memberships_contains_paywalled_content":false,"_jetpack_memberships_contains_paid_content":false,"footnotes":"","jetpack_publicize_message":"","jetpack_publicize_feature_enabled":true,"jetpack_social_post_already_shared":true,"jetpack_social_options":{"image_generator_settings":{"template":"highway","default_image_id":0,"font":"","enabled":false},"version":2}},"categories":[245,9,46,26],"tags":[223,246],"class_list":["post-32657","post","type-post","status-publish","format-standard","hentry","category-direitos-humanos","category-s10-internacional","category-c56-memoria","category-c25-notas-politicas-do-pcb","tag-3a","tag-np"],"jetpack_publicize_connections":[],"jetpack_featured_media_url":"","jetpack_shortlink":"https:\/\/wp.me\/p659gw-8uJ","jetpack-related-posts":[],"jetpack_likes_enabled":true,"jetpack_sharing_enabled":true,"_links":{"self":[{"href":"https:\/\/pcb.org.br\/portal2\/wp-json\/wp\/v2\/posts\/32657","targetHints":{"allow":["GET"]}}],"collection":[{"href":"https:\/\/pcb.org.br\/portal2\/wp-json\/wp\/v2\/posts"}],"about":[{"href":"https:\/\/pcb.org.br\/portal2\/wp-json\/wp\/v2\/types\/post"}],"author":[{"embeddable":true,"href":"https:\/\/pcb.org.br\/portal2\/wp-json\/wp\/v2\/users\/8"}],"replies":[{"embeddable":true,"href":"https:\/\/pcb.org.br\/portal2\/wp-json\/wp\/v2\/comments?post=32657"}],"version-history":[{"count":1,"href":"https:\/\/pcb.org.br\/portal2\/wp-json\/wp\/v2\/posts\/32657\/revisions"}],"predecessor-version":[{"id":32659,"href":"https:\/\/pcb.org.br\/portal2\/wp-json\/wp\/v2\/posts\/32657\/revisions\/32659"}],"wp:attachment":[{"href":"https:\/\/pcb.org.br\/portal2\/wp-json\/wp\/v2\/media?parent=32657"}],"wp:term":[{"taxonomy":"category","embeddable":true,"href":"https:\/\/pcb.org.br\/portal2\/wp-json\/wp\/v2\/categories?post=32657"},{"taxonomy":"post_tag","embeddable":true,"href":"https:\/\/pcb.org.br\/portal2\/wp-json\/wp\/v2\/tags?post=32657"}],"curies":[{"name":"wp","href":"https:\/\/api.w.org\/{rel}","templated":true}]}}